{"id":129219,"date":"2025-10-28T00:54:26","date_gmt":"2025-10-28T00:54:26","guid":{"rendered":"https:\/\/www.europesays.com\/pt\/129219\/"},"modified":"2025-10-28T00:54:26","modified_gmt":"2025-10-28T00:54:26","slug":"ihru-rejeita-acusacoes-de-atrasos-no-apoio-a-renda","status":"publish","type":"post","link":"https:\/\/www.europesays.com\/pt\/129219\/","title":{"rendered":"IHRU rejeita acusa\u00e7\u00f5es de atrasos no apoio \u00e0 renda"},"content":{"rendered":"<p>                O Instituto da Habita\u00e7\u00e3o e da Reabilita\u00e7\u00e3o Urbana (IHRU) rejeitou as acusa\u00e7\u00f5es de que foi alvo por parte do movimento &#8220;Porta a Porta&#8221; relativamente a atrasos e suspens\u00f5es nos apoios \u00e0 renda. O IHRU responde e fala em &#8220;campanha de desinforma\u00e7\u00e3o&#8221;.<\/p>\n<p>O presidente do IHRU reconheceu que a resposta est\u00e1 a falhar, mas rejeita a ideia de atraso.\u00a0Ant\u00f3nio Costa Pereira denuncia problemas como a aus\u00eancia de recibos por parte dos senhorios.<\/p>\n<p>          <img decoding=\"async\" itemprop=\"image\" class=\"img-fluid\"   src=\"https:\/\/www.europesays.com\/pt\/wp-content\/uploads\/2025\/10\/de60f04cf45b53a91681d907ac7f3142_N.jpg\"\/><\/p>\n<p>Em comunicado, o IHRU nega qualquer corte\u00a0de que \u00e9 acusado no Programa de Apoio Extraordin\u00e1rio \u00e0 Renda (PAER) desde 2023. Esclarece nesse sentido que foi esse o ano em que o programa sofreu ajustamentos para &#8220;alargar o universo de benefici\u00e1rios, passando a abranger novos contratos celebrados com os mesmos inquilinos para a mesma habita\u00e7\u00e3o&#8221;.<\/p>\n<p>&#8220;Atualmente, mais de 134.100 inquilinos recebem mensalmente o Apoio Extraordin\u00e1rio \u00e0 Renda&#8221;, indica o IHRU, reconhecendo haver\u00a0constrangimentos administrativos relacionados com a valida\u00e7\u00e3o de dados prevista no Decreto-Lei n.\u00ba 103-B\/2023, o que afetar\u00e1 cerca de 43 mil benefici\u00e1rios.&#13;\n<\/p>\n<p>&#13;<br \/>\nO instituto diz no entanto que podem ser os pr\u00f3prios locat\u00e1rios a resolver essa quest\u00e3o diretamente no Portal da Habita\u00e7\u00e3o.&#13;\n<\/p>\n<p>&#13;<br \/>\nQuanto ao Porta 65 Jovem, o IHRU assegura que n\u00e3o existem atrasos nas candidaturas, que est\u00e3o a ser analisadas dentro do prazo legal de 45 dias \u00fateis.&#13;\n<\/p>\n<p>\n&#8220;O Programa Porta 65 Jovem tem registado um crescimento cont\u00ednuo do n\u00famero de benefici\u00e1rios, passando de 28.133 jovens em 2023 para 34.481 em 2024, e atingindo 45.686 at\u00e9 setembro de 2025 (mais de 60% de acr\u00e9scimo face a 2023)&#8221;, refere o instituto.<\/p>\n<p>O IHRU sublinha ainda que a digitaliza\u00e7\u00e3o e simplifica\u00e7\u00e3o dos processos permitiram recuperar atrasos e acelerar pagamentos, garantindo o processamento das candidaturas entre janeiro e julho at\u00e9 agosto deste ano.<\/p>\n<p>&#8220;Salienta-se que nunca o movimento &#8216;Porta a Porta&#8217; solicitou qualquer tipo de informa\u00e7\u00e3o ao IHRU, o que certamente evitaria as falsas declara\u00e7\u00f5es do seu representante. O IHRU continuar\u00e1 a trabalhar para dar respostas habitacionais e alargar a prote\u00e7\u00e3o a mais fam\u00edlias&#8221;, assegura o instituto.<br \/>&#13;\n<\/p>\n<p>&#13;<br \/>\nc\/ Lusa&#13;<\/p>\n","protected":false},"excerpt":{"rendered":"O Instituto da Habita\u00e7\u00e3o e da Reabilita\u00e7\u00e3o Urbana (IHRU) rejeitou as acusa\u00e7\u00f5es de que foi alvo por parte&hellip;\n","protected":false},"author":2,"featured_media":129220,"comment_status":"","ping_status":"","sticky":false,"template":"","format":"standard","meta":{"footnotes":""},"categories":[10],"tags":[27,28,15,16,14,25,26,21,22,12,13,19,20,32,23,24,33,420,421,17,18,29,30,31],"class_list":{"0":"post-129219","1":"post","2":"type-post","3":"status-publish","4":"format-standard","5":"has-post-thumbnail","7":"category-portugal","8":"tag-breaking-news","9":"tag-breakingnews","10":"tag-featured-news","11":"tag-featurednews","12":"tag-headlines","13":"tag-latest-news","14":"tag-latestnews","15":"tag-main-news","16":"tag-mainnews","17":"tag-news","18":"tag-noticias","19":"tag-noticias-principais","20":"tag-noticiasprincipais","21":"tag-portugal","22":"tag-principais-noticias","23":"tag-principaisnoticias","24":"tag-pt","25":"tag-rtp","26":"tag-rtp-noticias","27":"tag-top-stories","28":"tag-topstories","29":"tag-ultimas","30":"tag-ultimas-noticias","31":"tag-ultimasnoticias"},"share_on_mastodon":{"url":"https:\/\/pubeurope.com\/@pt\/115449067370599035","error":""},"_links":{"self":[{"href":"https:\/\/www.europesays.com\/pt\/wp-json\/wp\/v2\/posts\/129219","targetHints":{"allow":["GET"]}}],"collection":[{"href":"https:\/\/www.europesays.com\/pt\/wp-json\/wp\/v2\/posts"}],"about":[{"href":"https:\/\/www.europesays.com\/pt\/wp-json\/wp\/v2\/types\/post"}],"author":[{"embeddable":true,"href":"https:\/\/www.europesays.com\/pt\/wp-json\/wp\/v2\/users\/2"}],"replies":[{"embeddable":true,"href":"https:\/\/www.europesays.com\/pt\/wp-json\/wp\/v2\/comments?post=129219"}],"version-history":[{"count":0,"href":"https:\/\/www.europesays.com\/pt\/wp-json\/wp\/v2\/posts\/129219\/revisions"}],"wp:featuredmedia":[{"embeddable":true,"href":"https:\/\/www.europesays.com\/pt\/wp-json\/wp\/v2\/media\/129220"}],"wp:attachment":[{"href":"https:\/\/www.europesays.com\/pt\/wp-json\/wp\/v2\/media?parent=129219"}],"wp:term":[{"taxonomy":"category","embeddable":true,"href":"https:\/\/www.europesays.com\/pt\/wp-json\/wp\/v2\/categories?post=129219"},{"taxonomy":"post_tag","embeddable":true,"href":"https:\/\/www.europesays.com\/pt\/wp-json\/wp\/v2\/tags?post=129219"}],"curies":[{"name":"wp","href":"https:\/\/api.w.org\/{rel}","templated":true}]}}