{"id":129225,"date":"2025-10-28T00:59:29","date_gmt":"2025-10-28T00:59:29","guid":{"rendered":"https:\/\/www.europesays.com\/pt\/129225\/"},"modified":"2025-10-28T00:59:29","modified_gmt":"2025-10-28T00:59:29","slug":"sofia-ribeiro-explica-finalmente-por-que-deixou-a-tvi-para-ir-para-a-sic","status":"publish","type":"post","link":"https:\/\/www.europesays.com\/pt\/129225\/","title":{"rendered":"Sofia Ribeiro &#8211; Explica finalmente por que deixou a TVI para ir para a SIC"},"content":{"rendered":"<p><strong>Sofia Ribeiro<\/strong> \u00e9 atualmente um dos rostos mais conhecidos da fic\u00e7\u00e3o da <strong>SIC<\/strong>, mas durante muitos anos esteve na\u00a0<strong>TVI<\/strong>. Afinal, o que \u00e9 que motivou esta mudan\u00e7a de canal? A atriz explicou tudo no podcast Porque Ela Pod, de<strong> Liliana Filipa<\/strong>, onde falou abertamente sobre a sua vida profissional.<\/p>\n<p>&#8220;O que me levou [a trocar de esta\u00e7\u00e3o] foi a vontade que eu tinha de trabalhar com outras pessoas. <strong>Eu estava muito feliz e n\u00e3o tinha raz\u00e3o de queixa no que diz respeito ao meu caminho na TVI. Fui muito feliz na TVI, deram-me muitas oportunidades e eu acho que tamb\u00e9m as consegui agarrar<\/strong>&#8220;, come\u00e7ou por explicar, refor\u00e7ando a curiosidade e o desejo de evoluir artisticamente ao lado de novos colegas.<\/p>\n<blockquote>\n<p><strong>Leia ainda:<\/strong> Sofia Ribeiro <a href=\"https:\/\/www.novagente.pt\/sofia-ribeiro-faz-confissao-inesperada-ousada-sobre-ex-namorado-afinal-era\" rel=\"nofollow noopener\" target=\"_blank\">faz confiss\u00e3o inesperada (e ousada) sobre ex-namorado: &#8220;Afinal era&#8230;&#8221;<\/a><\/p>\n<\/blockquote>\n<p>E acrescentou: &#8220;Eu acho que em qualquer profiss\u00e3o, mas na minha, eu sinto muito que eu aprendo muito com outras pessoas, com as pessoas com quem me cruzo&#8221;.<\/p>\n<p>Para finalizar, a atriz de 41 anos garantiu que este foi o \u00fanico motivo para \u2018abandonar\u2019 a esta\u00e7\u00e3o de <strong>Jos\u00e9 Eduardo Moniz<\/strong>, de onde levou as &#8220;melhores recorda\u00e7\u00f5es&#8221;\u00a0e amizades para a vida.<\/p>\n<p>Sofia Ribeiro sofre queda aparatosa\u00a0<\/p>\n<p>Texto: Beatriz Soares; Fotos: Arquivo Impala e Redes Sociais.\u00a0<\/p>\n<p class=\"intagram-text\">Siga a Nova Gente no Instagram<\/p>\n<p>                        <a href=\"https:\/\/www.instagram.com\/revistanovagente\/\" target=\"_blank\" aria-label=\"instagram\" rel=\"noopener nofollow\"><img decoding=\"async\" style=\"display: block; margin-left: auto; margin-right: auto; width: 250px; height: 83px;\" src=\"https:\/\/www.europesays.com\/pt\/wp-content\/uploads\/2025\/10\/Instagram_NG.png\" alt=\"instagram\"\/><\/a><br \/>\n                    <script async src=\"\/\/www.instagram.com\/embed.js\"><\/script><\/p>\n","protected":false},"excerpt":{"rendered":"Sofia Ribeiro \u00e9 atualmente um dos rostos mais conhecidos da fic\u00e7\u00e3o da SIC, mas durante muitos anos esteve&hellip;\n","protected":false},"author":2,"featured_media":129226,"comment_status":"","ping_status":"","sticky":false,"template":"","format":"standard","meta":{"footnotes":""},"categories":[142],"tags":[166,12776,114,115,2527,32,33,1751,26241,151,162],"class_list":{"0":"post-129225","1":"post","2":"type-post","3":"status-publish","4":"format-standard","5":"has-post-thumbnail","7":"category-tv","8":"tag-cristina-ferreira","9":"tag-daniel-oliveira","10":"tag-entertainment","11":"tag-entretenimento","12":"tag-jose-eduardo-moniz","13":"tag-portugal","14":"tag-pt","15":"tag-sic","16":"tag-sofia-ribeiro","17":"tag-tv","18":"tag-tvi"},"share_on_mastodon":{"url":"https:\/\/pubeurope.com\/@pt\/115449087031458253","error":""},"_links":{"self":[{"href":"https:\/\/www.europesays.com\/pt\/wp-json\/wp\/v2\/posts\/129225","targetHints":{"allow":["GET"]}}],"collection":[{"href":"https:\/\/www.europesays.com\/pt\/wp-json\/wp\/v2\/posts"}],"about":[{"href":"https:\/\/www.europesays.com\/pt\/wp-json\/wp\/v2\/types\/post"}],"author":[{"embeddable":true,"href":"https:\/\/www.europesays.com\/pt\/wp-json\/wp\/v2\/users\/2"}],"replies":[{"embeddable":true,"href":"https:\/\/www.europesays.com\/pt\/wp-json\/wp\/v2\/comments?post=129225"}],"version-history":[{"count":0,"href":"https:\/\/www.europesays.com\/pt\/wp-json\/wp\/v2\/posts\/129225\/revisions"}],"wp:featuredmedia":[{"embeddable":true,"href":"https:\/\/www.europesays.com\/pt\/wp-json\/wp\/v2\/media\/129226"}],"wp:attachment":[{"href":"https:\/\/www.europesays.com\/pt\/wp-json\/wp\/v2\/media?parent=129225"}],"wp:term":[{"taxonomy":"category","embeddable":true,"href":"https:\/\/www.europesays.com\/pt\/wp-json\/wp\/v2\/categories?post=129225"},{"taxonomy":"post_tag","embeddable":true,"href":"https:\/\/www.europesays.com\/pt\/wp-json\/wp\/v2\/tags?post=129225"}],"curies":[{"name":"wp","href":"https:\/\/api.w.org\/{rel}","templated":true}]}}