{"id":129269,"date":"2025-10-28T01:39:10","date_gmt":"2025-10-28T01:39:10","guid":{"rendered":"https:\/\/www.europesays.com\/pt\/129269\/"},"modified":"2025-10-28T01:39:10","modified_gmt":"2025-10-28T01:39:10","slug":"homem-encontrado-morto-durante-apanha-da-azeitona-em-coimbra","status":"publish","type":"post","link":"https:\/\/www.europesays.com\/pt\/129269\/","title":{"rendered":"Homem encontrado morto durante apanha da azeitona em Coimbra"},"content":{"rendered":"<p>Um homem de 75 anos foi encontrado morto, durante a tarde desta segunda-feira, ap\u00f3s desaparecer enquanto fazia a apanha da azeitona em Coimbra, confirmou o Not\u00edcias ao Minuto junto de fonte policial.<\/p>\n<p>De acordo com a mesma fonte, o alerta para o desaparecimento foi dado pelas 15h30 e o corpo foi encontrado &#8220;poucos minutos&#8221; depois.<\/p>\n<p>O incidente ocorreu na Rua Senhor do Bonfim, na Uni\u00e3o de Freguesias de Santa Clara e Castelo de Viegas, no concelho de Coimbra.<\/p>\n<p>No local, al\u00e9m da Pol\u00edcia de Seguran\u00e7a P\u00fablica (PSP), estiveram os Bombeiros Sapadores de Coimbra e o Instituto Nacional de Emerg\u00eancia M\u00e9dica (INEM).<\/p>\n<p>A autoridade remeteu mais &#8220;esclarecimentos&#8221; para &#8220;momento oportuno&#8221;.<\/p>\n<p>Em declara\u00e7\u00f5es aos jornalistas no local, Cl\u00e1udio Gon\u00e7alves, dos Bombeiros Sapadores de Coimbra, indicou que o homem desapareceu por volta das 12h00. O alerta \u00e0s autoridades foi dado cerca de tr\u00eas horas depois, ap\u00f3s a mulher da v\u00edtima pedir ajuda a uma vizinha.\u00a0<\/p>\n<p>&#8220;A presen\u00e7a [da v\u00edtima] foi detetada pelo toque do telem\u00f3vel. Foi localizado num silvado, junto \u00e0 casa dele, em paragem cardiorrespirat\u00f3ria&#8221;, adiantou, citado pelo <a href=\"https:\/\/www.noticiasdecoimbra.pt\/picada-espa-asiatica-podera-ter-matado-sexagenario-em-coimbra\/\" rel=\"nofollow noopener\" target=\"_blank\">Not\u00edcias de Coimbra<\/a>.\u00a0<\/p>\n<p>Junto ao local onde o corpo foi encontrado, os operacionais encontraram um ninho de vespa asi\u00e1tica numa oliveira, mas n\u00e3o se sabe se tal est\u00e1 relacionada com a causa da morte.<\/p>\n<p>Questionada pelo Not\u00edcias ao Minuto, fonte policial tamb\u00e9m n\u00e3o confirmou a informa\u00e7\u00e3o.<\/p>\n<p>A Pol\u00edcia Judici\u00e1ria foi acionada.\u00a0<\/p>\n<p>Leia Tamb\u00e9m: <a href=\"https:\/\/www.noticiasaominuto.com\/pais\/2877863\/estrangeiro-detido-apos-incendiar-tres-viaturas-em-peniche\" target=\"_blank\" rel=\"noopener noreferrer nofollow\">Estrangeiro detido ap\u00f3s incendiar tr\u00eas viaturas em Peniche\u00a0<\/a><\/p>\n","protected":false},"excerpt":{"rendered":"Um homem de 75 anos foi encontrado morto, durante a tarde desta segunda-feira, ap\u00f3s desaparecer enquanto fazia a&hellip;\n","protected":false},"author":2,"featured_media":129270,"comment_status":"","ping_status":"","sticky":false,"template":"","format":"standard","meta":{"footnotes":""},"categories":[10],"tags":[27,28,15,16,14,25,26,21,22,12,13,19,20,32,23,24,33,17,18,29,30,31],"class_list":{"0":"post-129269","1":"post","2":"type-post","3":"status-publish","4":"format-standard","5":"has-post-thumbnail","7":"category-portugal","8":"tag-breaking-news","9":"tag-breakingnews","10":"tag-featured-news","11":"tag-featurednews","12":"tag-headlines","13":"tag-latest-news","14":"tag-latestnews","15":"tag-main-news","16":"tag-mainnews","17":"tag-news","18":"tag-noticias","19":"tag-noticias-principais","20":"tag-noticiasprincipais","21":"tag-portugal","22":"tag-principais-noticias","23":"tag-principaisnoticias","24":"tag-pt","25":"tag-top-stories","26":"tag-topstories","27":"tag-ultimas","28":"tag-ultimas-noticias","29":"tag-ultimasnoticias"},"share_on_mastodon":{"url":"https:\/\/pubeurope.com\/@pt\/115449244096411785","error":""},"_links":{"self":[{"href":"https:\/\/www.europesays.com\/pt\/wp-json\/wp\/v2\/posts\/129269","targetHints":{"allow":["GET"]}}],"collection":[{"href":"https:\/\/www.europesays.com\/pt\/wp-json\/wp\/v2\/posts"}],"about":[{"href":"https:\/\/www.europesays.com\/pt\/wp-json\/wp\/v2\/types\/post"}],"author":[{"embeddable":true,"href":"https:\/\/www.europesays.com\/pt\/wp-json\/wp\/v2\/users\/2"}],"replies":[{"embeddable":true,"href":"https:\/\/www.europesays.com\/pt\/wp-json\/wp\/v2\/comments?post=129269"}],"version-history":[{"count":0,"href":"https:\/\/www.europesays.com\/pt\/wp-json\/wp\/v2\/posts\/129269\/revisions"}],"wp:featuredmedia":[{"embeddable":true,"href":"https:\/\/www.europesays.com\/pt\/wp-json\/wp\/v2\/media\/129270"}],"wp:attachment":[{"href":"https:\/\/www.europesays.com\/pt\/wp-json\/wp\/v2\/media?parent=129269"}],"wp:term":[{"taxonomy":"category","embeddable":true,"href":"https:\/\/www.europesays.com\/pt\/wp-json\/wp\/v2\/categories?post=129269"},{"taxonomy":"post_tag","embeddable":true,"href":"https:\/\/www.europesays.com\/pt\/wp-json\/wp\/v2\/tags?post=129269"}],"curies":[{"name":"wp","href":"https:\/\/api.w.org\/{rel}","templated":true}]}}