{"id":129300,"date":"2025-10-28T02:21:11","date_gmt":"2025-10-28T02:21:11","guid":{"rendered":"https:\/\/www.europesays.com\/pt\/129300\/"},"modified":"2025-10-28T02:21:11","modified_gmt":"2025-10-28T02:21:11","slug":"eta-mundo-melhor-resumo-do-capitulo-de-terca-feira-28-de-outubro","status":"publish","type":"post","link":"https:\/\/www.europesays.com\/pt\/129300\/","title":{"rendered":"\u00cata Mundo Melhor: resumo do cap\u00edtulo de ter\u00e7a-feira (28 de outubro)"},"content":{"rendered":"<p>                        <img width=\"944\" height=\"531\" src=\"https:\/\/www.europesays.com\/pt\/wp-content\/uploads\/2025\/10\/resumo-eta-mundo-melhor-2-944x531.jpg\" class=\"attachment-custom-large size-custom-large article-featured-image\" alt=\"\" fetchpriority=\"high\" decoding=\"async\"  \/><\/p>\n<p>Candinho teme perder o fiel companheiro Policarpo em \u00cata Mundo Melhor! (Foto: Reprodu\u00e7\u00e3o, TV Globo)<\/p>\n<p>Candinho (Sergio Guiz\u00e9) segue preocupado com o que pode acontecer com Policarpo em \u00cata Mundo Melhor! No cap\u00edtulo desta ter\u00e7a-feira, 28 de outubro, ele recebe not\u00edcias nada boas sobre a situa\u00e7\u00e3o do burro.<\/p>\n<p>Continua depois da publicidade<\/p>\n<p>Enquanto isso Estela (Larissa Manoela) vai revelar a Ernesto (Eriberto Le\u00e3o) que perdeu a mem\u00f3ria, sem saber que est\u00e1 falando com o homem que a agrediu e fez que tudo isso acontecesse com ela.<\/p>\n<p>Resumo do cap\u00edtulo de ter\u00e7a-feira (28 de outubro de 2025) de \u00cata Mundo Melhor!<\/p>\n<p>Sandra pede ajuda a Zulma, que lhe d\u00e1 abrigo. <strong><a href=\"https:\/\/www.nsctotal.com.br\/noticias\/quem-e-a-estela-personagem-de-larissa-manoela-em-eta-mundo-melhor\" target=\"_blank\" rel=\"noreferrer noopener nofollow\">Estela<\/a><\/strong> diz a Ernesto que perdeu a mem\u00f3ria. Olga percebe o nervosismo de Ernesto diante de Estela. Anabela comemora a decis\u00e3o de Estela permanecer em sua casa. Sabi\u00e1 questiona Simb\u00e1 sobre o ataque de Policarpo.<\/p>\n<p>Candinho defende Simb\u00e1, que se sente culpado com a possibilidade de separar os dois amigos. Zulma faz Sandra de ref\u00e9m a fim de chantagear Celso. Estela pede que Celso lhe conte sobre o namoro dos dois. Cunegundes exige que Carneiro interne Medeia.<\/p>\n<p>Continua depois da publicidade<\/p>\n<p>Sandra pede que Fel\u00edcia a liberte do por\u00e3o em que Zulma a colocou. Policarpo d\u00e1 sinais a Candinho de que Simb\u00e1 est\u00e1 mentindo. Ara\u00fajo diz a Candinho que as not\u00edcias sobre o caso de Policarpo n\u00e3o s\u00e3o boas.\u00a0<\/p>\n<p>Principais momentos da semana1<\/p>\n<p>VoltarAvan\u00e7ar<\/p>\n<p><img loading=\"lazy\" decoding=\"async\" width=\"1200\" height=\"675\" data-id=\"7703903\" src=\"https:\/\/www.europesays.com\/pt\/wp-content\/uploads\/2025\/10\/resumo-eta-mundo-melhor-2.jpg\" alt=\"\" class=\"wp-image-7703903\"  \/><\/p>\n<p>Ara\u00fajo diz a Candinho que as not\u00edcias sobre o caso de Policarpo n\u00e3o s\u00e3o boas (Foto: Reprodu\u00e7\u00e3o, TV Globo)<\/p>\n<p><img loading=\"lazy\" decoding=\"async\" width=\"1200\" height=\"675\" data-id=\"7703904\" src=\"https:\/\/www.europesays.com\/pt\/wp-content\/uploads\/2025\/10\/resumo-eta-mundo-melhor.jpg\" alt=\"resumo eta mundo melhor\" class=\"wp-image-7703904\"  \/><\/p>\n<p>Celso anuncia a Candinho que Policarpo ser\u00e1 sacrificado (Foto: Reprodu\u00e7\u00e3o, TV Globo)<\/p>\n<p><img loading=\"lazy\" decoding=\"async\" width=\"1200\" height=\"675\" data-id=\"7703902\" src=\"https:\/\/www.europesays.com\/pt\/wp-content\/uploads\/2025\/10\/resumo-eta-mundo-melhor-5.jpg\" alt=\"resumo eta mundo melhor\" class=\"wp-image-7703902\"  \/><\/p>\n<p>Dita tem uma ideia para ajudar a libertar Policarpo (Foto: Reprodu\u00e7\u00e3o, TV Globo)<\/p>\n<p><img loading=\"lazy\" decoding=\"async\" width=\"1200\" height=\"675\" data-id=\"7703901\" src=\"https:\/\/www.europesays.com\/pt\/wp-content\/uploads\/2025\/10\/resumo-eta-mundo-melhor-4.jpg\" alt=\"\" class=\"wp-image-7703901\"  \/><\/p>\n<p>Sandra garante que acabar\u00e1 com Zulma (Foto: Reprodu\u00e7\u00e3o, TV Globo)<\/p>\n<p><img loading=\"lazy\" decoding=\"async\" width=\"1200\" height=\"675\" data-id=\"7703899\" src=\"https:\/\/www.europesays.com\/pt\/wp-content\/uploads\/2025\/10\/resumo-eta-mundo-melhor-3.jpg\" alt=\"resumo eta mundo melhor\" class=\"wp-image-7703899\"  \/><\/p>\n<p>Dita aceita se casar com Candinho (Foto: Reprodu\u00e7\u00e3o, TV Globo)<\/p>\n<p>Os <strong><a href=\"https:\/\/www.nsctotal.com.br\/noticias\/resumo-da-semana-eta-mundo-melhor-proximos-capitulos\" target=\"_blank\" rel=\"noreferrer noopener nofollow\">resumos<\/a><\/strong> podem sofrer altera\u00e7\u00f5es conforme a edi\u00e7\u00e3o das\u00a0<strong><a href=\"https:\/\/gshow.globo.com\/novelas\/eta-mundo-melhor\/\" target=\"_blank\" rel=\"noreferrer noopener nofollow\">novelas<\/a><\/strong>. Voc\u00ea pode gostar de ler tamb\u00e9m sobre\u00a0<a href=\"https:\/\/www.nsctotal.com.br\/noticias\/a-virada-de-eta-mundo-melhor-as-duas-personagens-que-mudaram-o-destino-da-novela\" target=\"_blank\" rel=\"noreferrer noopener nofollow\"><strong>a virada de \u00cata Mundo Melhor!: as duas personagens que mudaram o destino da novela<\/strong><\/a>.<\/p>\n","protected":false},"excerpt":{"rendered":"Candinho teme perder o fiel companheiro Policarpo em \u00cata Mundo Melhor! (Foto: Reprodu\u00e7\u00e3o, TV Globo) Candinho (Sergio Guiz\u00e9)&hellip;\n","protected":false},"author":2,"featured_media":129301,"comment_status":"","ping_status":"","sticky":false,"template":"","format":"standard","meta":{"footnotes":""},"categories":[142],"tags":[114,115,32,33,151,543],"class_list":{"0":"post-129300","1":"post","2":"type-post","3":"status-publish","4":"format-standard","5":"has-post-thumbnail","7":"category-tv","8":"tag-entertainment","9":"tag-entretenimento","10":"tag-portugal","11":"tag-pt","12":"tag-tv","13":"tag-ver-ouvir-ler"},"share_on_mastodon":{"url":"https:\/\/pubeurope.com\/@pt\/115449409618831188","error":""},"_links":{"self":[{"href":"https:\/\/www.europesays.com\/pt\/wp-json\/wp\/v2\/posts\/129300","targetHints":{"allow":["GET"]}}],"collection":[{"href":"https:\/\/www.europesays.com\/pt\/wp-json\/wp\/v2\/posts"}],"about":[{"href":"https:\/\/www.europesays.com\/pt\/wp-json\/wp\/v2\/types\/post"}],"author":[{"embeddable":true,"href":"https:\/\/www.europesays.com\/pt\/wp-json\/wp\/v2\/users\/2"}],"replies":[{"embeddable":true,"href":"https:\/\/www.europesays.com\/pt\/wp-json\/wp\/v2\/comments?post=129300"}],"version-history":[{"count":0,"href":"https:\/\/www.europesays.com\/pt\/wp-json\/wp\/v2\/posts\/129300\/revisions"}],"wp:featuredmedia":[{"embeddable":true,"href":"https:\/\/www.europesays.com\/pt\/wp-json\/wp\/v2\/media\/129301"}],"wp:attachment":[{"href":"https:\/\/www.europesays.com\/pt\/wp-json\/wp\/v2\/media?parent=129300"}],"wp:term":[{"taxonomy":"category","embeddable":true,"href":"https:\/\/www.europesays.com\/pt\/wp-json\/wp\/v2\/categories?post=129300"},{"taxonomy":"post_tag","embeddable":true,"href":"https:\/\/www.europesays.com\/pt\/wp-json\/wp\/v2\/tags?post=129300"}],"curies":[{"name":"wp","href":"https:\/\/api.w.org\/{rel}","templated":true}]}}