{"id":129311,"date":"2025-10-28T02:30:54","date_gmt":"2025-10-28T02:30:54","guid":{"rendered":"https:\/\/www.europesays.com\/pt\/129311\/"},"modified":"2025-10-28T02:30:54","modified_gmt":"2025-10-28T02:30:54","slug":"climaximo-interrompe-meia-maratona-de-lisboa-e-acusa-edp-de-greenwashing-2","status":"publish","type":"post","link":"https:\/\/www.europesays.com\/pt\/129311\/","title":{"rendered":"Clim\u00e1ximo interrompe Meia Maratona de Lisboa e acusa EDP de &#8220;greenwashing&#8221;"},"content":{"rendered":"<p data-remotead-prev-elm=\"true\" data-remotead-elm-id=\"inread\">Em comunicado, o Clim\u00e1ximo explica que a a\u00e7\u00e3o visou denunciar o que os ativistas consideram ser uma tentativa da empresa de &#8220;lavar o sangue das suas m\u00e3os&#8221; atrav\u00e9s do patroc\u00ednio de eventos sociais e desportivos. Os jovens sentaram-se na meta da Meia Maratona, empunhando cartazes com frases como &#8220;Fim ao F\u00f3ssil at\u00e9 2030!&#8221;, &#8220;3% do territ\u00f3rio ardido&#8221; e &#8220;Ver\u00e3o mais quente e seco dos \u00faltimos 94 anos&#8221;.<\/p>\n<p>De acordo com o movimento, a EDP continua a operar centrais a g\u00e1s f\u00f3ssil, impedindo uma transi\u00e7\u00e3o energ\u00e9tica justa. &#8220;Em 2025 j\u00e1 n\u00e3o h\u00e1 nenhuma empresa que possa alegar desconhecer que a sua atividade est\u00e1 a causar diretamente milh\u00f5es de mortes e desalojamentos for\u00e7ados e a destruir as condi\u00e7\u00f5es b\u00e1sicas para a exist\u00eancia da Vida. Precisamos do fim dos combust\u00edveis f\u00f3sseis at\u00e9 2030 &#8211; isto \u00e9 uma medida existencial&#8221;, salienta a porta-voz Matilde Alvim, citada no comunicado.<\/p>\n<p data-remotead-prev-elm=\"true\" data-remotead-elm-id=\"centro1\">O movimento ambientalista recorda que<strong> &#8220;o g\u00e1s \u00e9 t\u00e3o danoso como o petr\u00f3leo ou o carv\u00e3o&#8221;<\/strong>, sublinhando que Portugal &#8220;precisaria de ter eletricidade 100% renov\u00e1vel e gratuita j\u00e1 este ano&#8221; para ficar &#8220;dentro dos limites de aquecimento delimitados pela ci\u00eancia clim\u00e1tica&#8221;.<\/p>\n<p>&#8220;Ao inv\u00e9s disso, governos e empresas prendem-nos ao g\u00e1s f\u00f3ssil como suposta &#8220;energia de transi\u00e7\u00e3o&#8221;. N\u00e3o est\u00e1 a haver uma transi\u00e7\u00e3o energ\u00e9tica dos combust\u00edveis f\u00f3sseis para as energias renov\u00e1veis, mas sim uma expans\u00e3o energ\u00e9tica da diversifica\u00e7\u00e3o das fontes de energia e de lucro de empresas como a EDP&#8221;, lamentou o grupo.<\/p>\n<p>O Clim\u00e1ximo acrescentou que 2024 foi &#8220;o ano mais quente desde que h\u00e1 registo&#8221;, com a temperatura m\u00e9dia global a ultrapassar pela primeira vez os 1,5\u00b0C face \u00e0 era pr\u00e9-industrial.<\/p>\n<p>Contactada pela Lusa, a EDP optou por n\u00e3o comentar as acusa\u00e7\u00f5es feitas pelo<\/p>\n","protected":false},"excerpt":{"rendered":"Em comunicado, o Clim\u00e1ximo explica que a a\u00e7\u00e3o visou denunciar o que os ativistas consideram ser uma tentativa&hellip;\n","protected":false},"author":2,"featured_media":129312,"comment_status":"","ping_status":"","sticky":false,"template":"","format":"standard","meta":{"footnotes":""},"categories":[10],"tags":[29421,27,28,29186,786,135,15,16,14,25,26,21,22,14069,12,13,19,20,32,23,24,33,17,18,29,30,31],"class_list":{"0":"post-129311","1":"post","2":"type-post","3":"status-publish","4":"format-standard","5":"has-post-thumbnail","7":"category-portugal","8":"tag-ativismo-climatico","9":"tag-breaking-news","10":"tag-breakingnews","11":"tag-climaximo","12":"tag-combustiveis-fosseis","13":"tag-desporto","14":"tag-featured-news","15":"tag-featurednews","16":"tag-headlines","17":"tag-latest-news","18":"tag-latestnews","19":"tag-main-news","20":"tag-mainnews","21":"tag-maratona","22":"tag-news","23":"tag-noticias","24":"tag-noticias-principais","25":"tag-noticiasprincipais","26":"tag-portugal","27":"tag-principais-noticias","28":"tag-principaisnoticias","29":"tag-pt","30":"tag-top-stories","31":"tag-topstories","32":"tag-ultimas","33":"tag-ultimas-noticias","34":"tag-ultimasnoticias"},"share_on_mastodon":{"url":"https:\/\/pubeurope.com\/@pt\/115449448563507156","error":""},"_links":{"self":[{"href":"https:\/\/www.europesays.com\/pt\/wp-json\/wp\/v2\/posts\/129311","targetHints":{"allow":["GET"]}}],"collection":[{"href":"https:\/\/www.europesays.com\/pt\/wp-json\/wp\/v2\/posts"}],"about":[{"href":"https:\/\/www.europesays.com\/pt\/wp-json\/wp\/v2\/types\/post"}],"author":[{"embeddable":true,"href":"https:\/\/www.europesays.com\/pt\/wp-json\/wp\/v2\/users\/2"}],"replies":[{"embeddable":true,"href":"https:\/\/www.europesays.com\/pt\/wp-json\/wp\/v2\/comments?post=129311"}],"version-history":[{"count":0,"href":"https:\/\/www.europesays.com\/pt\/wp-json\/wp\/v2\/posts\/129311\/revisions"}],"wp:featuredmedia":[{"embeddable":true,"href":"https:\/\/www.europesays.com\/pt\/wp-json\/wp\/v2\/media\/129312"}],"wp:attachment":[{"href":"https:\/\/www.europesays.com\/pt\/wp-json\/wp\/v2\/media?parent=129311"}],"wp:term":[{"taxonomy":"category","embeddable":true,"href":"https:\/\/www.europesays.com\/pt\/wp-json\/wp\/v2\/categories?post=129311"},{"taxonomy":"post_tag","embeddable":true,"href":"https:\/\/www.europesays.com\/pt\/wp-json\/wp\/v2\/tags?post=129311"}],"curies":[{"name":"wp","href":"https:\/\/api.w.org\/{rel}","templated":true}]}}