{"id":129325,"date":"2025-10-28T02:43:07","date_gmt":"2025-10-28T02:43:07","guid":{"rendered":"https:\/\/www.europesays.com\/pt\/129325\/"},"modified":"2025-10-28T02:43:07","modified_gmt":"2025-10-28T02:43:07","slug":"um-militar-morto-e-quatro-feridos-em-colisao-com-incendio-entre-lanchas-da-gnr-e-de-traficantes","status":"publish","type":"post","link":"https:\/\/www.europesays.com\/pt\/129325\/","title":{"rendered":"Um militar morto e quatro feridos em colis\u00e3o com inc\u00eandio entre lanchas da GNR e de traficantes"},"content":{"rendered":"<p>\t                Acidente ocorreu quando a GNR tentava imobilizar a embarca\u00e7\u00e3o suspeita<\/p>\n<p>Uma persegui\u00e7\u00e3o da Unidade de Controlo Costeiro da GNR a uma lancha r\u00e1pida de traficantes de droga do Norte de \u00c1frica\u00a0resultou na noite desta segunda-feira num acidente grave com um morto e quatro feridos, apurou a CNN Portugal.<\/p>\n<p>Os suspeitos faziam a habitual\u00a0rota de transporte de haxixe de Marrocos para a Europa atrav\u00e9s das costas portuguesas ou espanhola quando deram de caras com a embarca\u00e7\u00e3o dos militares.<\/p>\n<p>Em causa uma colis\u00e3o, com inc\u00eandio a bordo, que provocou pelo menos um morto e quatro feridos &#8211; todos eles militares da GNR. O acidente ocorreu no rio Guadiana, na zona de Alcoutim, quando a equipa da GNR tentava imobilizar a embarca\u00e7\u00e3o suspeita.<\/p>\n<p>Ao que a CNN apurou, o inc\u00eandio deflagrou na lancha r\u00e1pida utilizada pelos traficantes.<\/p>\n","protected":false},"excerpt":{"rendered":"Acidente ocorreu quando a GNR tentava imobilizar a embarca\u00e7\u00e3o suspeita Uma persegui\u00e7\u00e3o da Unidade de Controlo Costeiro da&hellip;\n","protected":false},"author":2,"featured_media":129326,"comment_status":"","ping_status":"","sticky":false,"template":"","format":"standard","meta":{"footnotes":""},"categories":[50],"tags":[29424,609,2569,836,611,27,28,607,608,333,832,604,135,610,476,15,16,2002,301,830,14,603,25,26,570,21,22,831,833,62,7808,834,12,13,19,20,835,602,52,32,23,24,17,18,2953,29,30,31,63,64,65],"class_list":{"0":"post-129325","1":"post","2":"type-post","3":"status-publish","4":"format-standard","5":"has-post-thumbnail","7":"category-mundo","8":"tag-alcoutim","9":"tag-alerta","10":"tag-algarve","11":"tag-analise","12":"tag-ao-minuto","13":"tag-breaking-news","14":"tag-breakingnews","15":"tag-cnn","16":"tag-cnn-portugal","17":"tag-comentadores","18":"tag-costa","19":"tag-crime","20":"tag-desporto","21":"tag-direto","22":"tag-economia","23":"tag-featured-news","24":"tag-featurednews","25":"tag-gnr","26":"tag-governo","27":"tag-guerra","28":"tag-headlines","29":"tag-justica","30":"tag-latest-news","31":"tag-latestnews","32":"tag-live","33":"tag-main-news","34":"tag-mainnews","35":"tag-mais-vistas","36":"tag-marcelo","37":"tag-mundo","38":"tag-narcotrafico","39":"tag-negocios","40":"tag-news","41":"tag-noticias","42":"tag-noticias-principais","43":"tag-noticiasprincipais","44":"tag-opiniao","45":"tag-pais","46":"tag-politica","47":"tag-portugal","48":"tag-principais-noticias","49":"tag-principaisnoticias","50":"tag-top-stories","51":"tag-topstories","52":"tag-trafico-de-droga","53":"tag-ultimas","54":"tag-ultimas-noticias","55":"tag-ultimasnoticias","56":"tag-world","57":"tag-world-news","58":"tag-worldnews"},"share_on_mastodon":{"url":"","error":"Validation failed: Text character limit of 500 exceeded"},"_links":{"self":[{"href":"https:\/\/www.europesays.com\/pt\/wp-json\/wp\/v2\/posts\/129325","targetHints":{"allow":["GET"]}}],"collection":[{"href":"https:\/\/www.europesays.com\/pt\/wp-json\/wp\/v2\/posts"}],"about":[{"href":"https:\/\/www.europesays.com\/pt\/wp-json\/wp\/v2\/types\/post"}],"author":[{"embeddable":true,"href":"https:\/\/www.europesays.com\/pt\/wp-json\/wp\/v2\/users\/2"}],"replies":[{"embeddable":true,"href":"https:\/\/www.europesays.com\/pt\/wp-json\/wp\/v2\/comments?post=129325"}],"version-history":[{"count":0,"href":"https:\/\/www.europesays.com\/pt\/wp-json\/wp\/v2\/posts\/129325\/revisions"}],"wp:featuredmedia":[{"embeddable":true,"href":"https:\/\/www.europesays.com\/pt\/wp-json\/wp\/v2\/media\/129326"}],"wp:attachment":[{"href":"https:\/\/www.europesays.com\/pt\/wp-json\/wp\/v2\/media?parent=129325"}],"wp:term":[{"taxonomy":"category","embeddable":true,"href":"https:\/\/www.europesays.com\/pt\/wp-json\/wp\/v2\/categories?post=129325"},{"taxonomy":"post_tag","embeddable":true,"href":"https:\/\/www.europesays.com\/pt\/wp-json\/wp\/v2\/tags?post=129325"}],"curies":[{"name":"wp","href":"https:\/\/api.w.org\/{rel}","templated":true}]}}