{"id":129401,"date":"2025-10-28T04:26:24","date_gmt":"2025-10-28T04:26:24","guid":{"rendered":"https:\/\/www.europesays.com\/pt\/129401\/"},"modified":"2025-10-28T04:26:24","modified_gmt":"2025-10-28T04:26:24","slug":"partida-da-taca-de-portugal-muda-de-data-e-estadio-onde-vai-ser-disputada-esta-praticamente-definido","status":"publish","type":"post","link":"https:\/\/www.europesays.com\/pt\/129401\/","title":{"rendered":"partida da Ta\u00e7a de Portugal muda de data e est\u00e1dio onde vai ser disputada est\u00e1 praticamente definido"},"content":{"rendered":"<p>&#8211; Advertisement &#8211;<\/p>\n<p><strong>A partida entre o Atl\u00e9tico e o Benfica vai ser disputado no dia 21 de novembro, jogo relativo \u00e0 quarta eliminat\u00f3ria da Ta\u00e7a de Portugal<\/strong><\/p>\n<p>O jogo entre o Atl\u00e9tico e o Benfica, v\u00e1lido pela quarta eliminat\u00f3ria da <a href=\"https:\/\/bolanarede.pt\/categoria\/nacional\/taca-de-portugal\/\" target=\"_blank\" rel=\"noreferrer noopener nofollow\">Ta\u00e7a de Portugal<\/a> vai ser disputado no dia 21 de novembro. A informa\u00e7\u00e3o est\u00e1 a ser avan\u00e7ada pelo jornal A Bola, que indica que a partida foi antecipada devido \u00e0 participa\u00e7\u00e3o das \u00e1guias na Champions League.<\/p>\n<p>O Benfica vai bater-se com o Ajax no dia 25 de novembro. A mesma fonte revela que o Est\u00e1dio do Restelo dever\u00e1 ser o palco de um dos d\u00e9rbis de Lisboa, decis\u00e3o que ainda n\u00e3o foi confirmada.<\/p>\n","protected":false},"excerpt":{"rendered":"&#8211; Advertisement &#8211; A partida entre o Atl\u00e9tico e o Benfica vai ser disputado no dia 21 de&hellip;\n","protected":false},"author":2,"featured_media":129402,"comment_status":"","ping_status":"","sticky":false,"template":"","format":"standard","meta":{"footnotes":""},"categories":[8],"tags":[27514,260,51,27,28,478,15,16,14,25,26,21,22,12,13,19,20,32,23,24,33,3142,17,18,29,30,31],"class_list":{"0":"post-129401","1":"post","2":"type-post","3":"status-publish","4":"format-standard","5":"has-post-thumbnail","7":"category-principais-noticias","8":"tag-atletico","9":"tag-atualidade","10":"tag-benfica","11":"tag-breaking-news","12":"tag-breakingnews","13":"tag-destaques-bnr","14":"tag-featured-news","15":"tag-featurednews","16":"tag-headlines","17":"tag-latest-news","18":"tag-latestnews","19":"tag-main-news","20":"tag-mainnews","21":"tag-news","22":"tag-noticias","23":"tag-noticias-principais","24":"tag-noticiasprincipais","25":"tag-portugal","26":"tag-principais-noticias","27":"tag-principaisnoticias","28":"tag-pt","29":"tag-taca-de-portugal","30":"tag-top-stories","31":"tag-topstories","32":"tag-ultimas","33":"tag-ultimas-noticias","34":"tag-ultimasnoticias"},"share_on_mastodon":{"url":"https:\/\/pubeurope.com\/@pt\/115449900897773546","error":""},"_links":{"self":[{"href":"https:\/\/www.europesays.com\/pt\/wp-json\/wp\/v2\/posts\/129401","targetHints":{"allow":["GET"]}}],"collection":[{"href":"https:\/\/www.europesays.com\/pt\/wp-json\/wp\/v2\/posts"}],"about":[{"href":"https:\/\/www.europesays.com\/pt\/wp-json\/wp\/v2\/types\/post"}],"author":[{"embeddable":true,"href":"https:\/\/www.europesays.com\/pt\/wp-json\/wp\/v2\/users\/2"}],"replies":[{"embeddable":true,"href":"https:\/\/www.europesays.com\/pt\/wp-json\/wp\/v2\/comments?post=129401"}],"version-history":[{"count":0,"href":"https:\/\/www.europesays.com\/pt\/wp-json\/wp\/v2\/posts\/129401\/revisions"}],"wp:featuredmedia":[{"embeddable":true,"href":"https:\/\/www.europesays.com\/pt\/wp-json\/wp\/v2\/media\/129402"}],"wp:attachment":[{"href":"https:\/\/www.europesays.com\/pt\/wp-json\/wp\/v2\/media?parent=129401"}],"wp:term":[{"taxonomy":"category","embeddable":true,"href":"https:\/\/www.europesays.com\/pt\/wp-json\/wp\/v2\/categories?post=129401"},{"taxonomy":"post_tag","embeddable":true,"href":"https:\/\/www.europesays.com\/pt\/wp-json\/wp\/v2\/tags?post=129401"}],"curies":[{"name":"wp","href":"https:\/\/api.w.org\/{rel}","templated":true}]}}