{"id":129413,"date":"2025-10-28T04:42:20","date_gmt":"2025-10-28T04:42:20","guid":{"rendered":"https:\/\/www.europesays.com\/pt\/129413\/"},"modified":"2025-10-28T04:42:20","modified_gmt":"2025-10-28T04:42:20","slug":"joana-ramirez-advogada-dos-famosos-internada-em-ala-psiquiatrica-apos-entrar-com-mascara-de-gas-em-tribunal","status":"publish","type":"post","link":"https:\/\/www.europesays.com\/pt\/129413\/","title":{"rendered":"Joana Ram\u00edrez &#8211; Advogada dos famosos internada em ala psiqui\u00e1trica ap\u00f3s entrar com m\u00e1scara de g\u00e1s em Tribunal"},"content":{"rendered":"<p><strong>Joana Ramirez<\/strong>, a conhecida advogada de v\u00e1rias figuras p\u00fablicas, foi <strong>internada compulsivamente<\/strong> na ala psiqui\u00e1trica de um hospital do Porto. A decis\u00e3o do juiz do Tribunal do Bolh\u00e3o teve por base um epis\u00f3dio que teve lugar no passado dia 21 de outubro.<\/p>\n<p>Durante uma sess\u00e3o em que a advogada responde por crimes de <strong>abuso de confian\u00e7a, falsifica\u00e7\u00e3o de documentos e burla qualificada<\/strong>,\u00a0surgiu em tribunal com uma <strong>m\u00e1scara de g\u00e1s<\/strong>, afirmando que temia ser &#8220;gaseada&#8221; no tribunal. Foi ent\u00e3o que ap\u00f3s uma per\u00edcia m\u00e9dico-psiqui\u00e1trica que se chegou \u00e0 conclus\u00e3o que a sofre de uma <strong>perturba\u00e7\u00e3o mental considerada grave<\/strong>,\u00a0d\u00e1 conta o Jornal de Not\u00edcias.<\/p>\n<p>Amea\u00e7as ao juiz<\/p>\n<p>Al\u00e9m deste epis\u00f3dio bizarro, Joana <strong>amea\u00e7ou o juiz<\/strong> caso o magistrado n\u00e3o aceitasse uma queixa apresentada por si contra os restantes intervenientes do processo, a quem acusa de a <strong>difamar <\/strong>e de <strong>conspirar <\/strong>contra si, nomeadamente\u00a0Ant\u00f3nio Pereira Coutinho, diretor-executivo da Rockfeller Investments, que afirma ter sido lesada em cerca de <strong>um milh\u00e3o de euros<\/strong>.<\/p>\n<p>Joana Ramirez \u2013 que \u00e9 conhecida como a\u00a0<strong>advogada do Porsche<\/strong> \u2013\u00a0foi casada com Vasco Ramirez, filho do dono da hist\u00f3rica empresa de <strong>conservas Ramirez<\/strong>. Mesmo ap\u00f3s o div\u00f3rcio, manteve o apelido do ex-marido, que se tornou parte da sua imagem p\u00fablica.<\/p>\n<p>Texto: Tom\u00e1s Casc\u00e3o; Fotos: Redes sociais<\/p>\n<p class=\"intagram-text\">Siga a Nova Gente no Instagram<\/p>\n<p>                        <a href=\"https:\/\/www.instagram.com\/revistanovagente\/\" target=\"_blank\" aria-label=\"instagram\" rel=\"noopener nofollow\"><img decoding=\"async\" style=\"display: block; margin-left: auto; margin-right: auto; width: 250px; height: 83px;\" src=\"https:\/\/www.europesays.com\/pt\/wp-content\/uploads\/2025\/10\/Instagram_NG.png\" alt=\"instagram\"\/><\/a><br \/>\n                    <script async src=\"\/\/www.instagram.com\/embed.js\"><\/script><\/p>\n","protected":false},"excerpt":{"rendered":"Joana Ramirez, a conhecida advogada de v\u00e1rias figuras p\u00fablicas, foi internada compulsivamente na ala psiqui\u00e1trica de um hospital&hellip;\n","protected":false},"author":2,"featured_media":129414,"comment_status":"","ping_status":"","sticky":false,"template":"","format":"standard","meta":{"footnotes":""},"categories":[145],"tags":[211,210,114,115,28847,32,33],"class_list":{"0":"post-129413","1":"post","2":"type-post","3":"status-publish","4":"format-standard","5":"has-post-thumbnail","7":"category-celebridades","8":"tag-celebridades","9":"tag-celebrities","10":"tag-entertainment","11":"tag-entretenimento","12":"tag-joana-ramirez","13":"tag-portugal","14":"tag-pt"},"share_on_mastodon":{"url":"https:\/\/pubeurope.com\/@pt\/115449963746651221","error":""},"_links":{"self":[{"href":"https:\/\/www.europesays.com\/pt\/wp-json\/wp\/v2\/posts\/129413","targetHints":{"allow":["GET"]}}],"collection":[{"href":"https:\/\/www.europesays.com\/pt\/wp-json\/wp\/v2\/posts"}],"about":[{"href":"https:\/\/www.europesays.com\/pt\/wp-json\/wp\/v2\/types\/post"}],"author":[{"embeddable":true,"href":"https:\/\/www.europesays.com\/pt\/wp-json\/wp\/v2\/users\/2"}],"replies":[{"embeddable":true,"href":"https:\/\/www.europesays.com\/pt\/wp-json\/wp\/v2\/comments?post=129413"}],"version-history":[{"count":0,"href":"https:\/\/www.europesays.com\/pt\/wp-json\/wp\/v2\/posts\/129413\/revisions"}],"wp:featuredmedia":[{"embeddable":true,"href":"https:\/\/www.europesays.com\/pt\/wp-json\/wp\/v2\/media\/129414"}],"wp:attachment":[{"href":"https:\/\/www.europesays.com\/pt\/wp-json\/wp\/v2\/media?parent=129413"}],"wp:term":[{"taxonomy":"category","embeddable":true,"href":"https:\/\/www.europesays.com\/pt\/wp-json\/wp\/v2\/categories?post=129413"},{"taxonomy":"post_tag","embeddable":true,"href":"https:\/\/www.europesays.com\/pt\/wp-json\/wp\/v2\/tags?post=129413"}],"curies":[{"name":"wp","href":"https:\/\/api.w.org\/{rel}","templated":true}]}}