{"id":129423,"date":"2025-10-28T05:00:13","date_gmt":"2025-10-28T05:00:13","guid":{"rendered":"https:\/\/www.europesays.com\/pt\/129423\/"},"modified":"2025-10-28T05:00:13","modified_gmt":"2025-10-28T05:00:13","slug":"deniz-gul-esfregou-a-cara-e-lavou-a-alma-do-dragao-observador","status":"publish","type":"post","link":"https:\/\/www.europesays.com\/pt\/129423\/","title":{"rendered":"Deniz G\u00fcl esfregou a cara e lavou a alma do drag\u00e3o \u2013 Observador"},"content":{"rendered":"<p>4.916. Foi este o tempo que os adeptos dos grandes tiveram de esperar para voltar a ver uma partida de FC Porto, Sporting e Benfica no Campeonato Nacional em sinal aberto. Na altura, em maio de 2012, o Sporting venceu o Sp. Braga (3-2), e a TVI transmitiu pela \u00faltima vez a Primeira Liga no seu canal principal. O regresso aconteceu na presente temporada, com o mesmo canal a comprar os direitos de transmiss\u00e3o dos jogos em casa do Moreirense, embora a primeira transmiss\u00e3o tenha acontecido no cabo, atrav\u00e9s do canal V+. Desta forma, <strong>os drag\u00f5es foram o primeiro grande a visitar Moreira de C\u00f3negos,<\/strong> pelo que tiveram \u201cdireito\u201d \u00e0 transmiss\u00e3o em sinal aberto, naquele que ser\u00e1, muito provavelmente, o jogo dos c\u00f3negos com mais telespectadores at\u00e9 ao momento.<\/p>\n<blockquote class=\"wp-embedded-content\" data-secret=\"XAjUI7wnNp\">\n<p><a href=\"https:\/\/observador.pt\/2025\/10\/23\/hudson-odoi-o-robin-hood-que-passou-na-inspecao-e-nao-deixou-o-dragao-levantar-voo-a-cronica-do-nottingham-forest-fc-porto\/\" rel=\"nofollow noopener\" target=\"_blank\">Hudson-Odoi, o Robin Hood que passou na inspe\u00e7\u00e3o e n\u00e3o deixou o drag\u00e3o levantar voo (a cr\u00f3nica do Nottingham Forest-FC Porto)<\/a><\/p>\n<\/blockquote>\n<p>Apesar do bom in\u00edcio de temporada, <a href=\"https:\/\/observador.pt\/2025\/10\/23\/hudson-odoi-o-robin-hood-que-passou-na-inspecao-e-nao-deixou-o-dragao-levantar-voo-a-cronica-do-nottingham-forest-fc-porto\" target=\"_blank\" rel=\"noopener nofollow\">os drag\u00f5es somaram a primeira derrota nos \u00faltimos dias,<\/a> na desloca\u00e7\u00e3o a casa do Nottingham Forest, a contar para a Liga Europa (2-0). Ainda assim, o FC Porto sabia que, qualquer que fosse o resultado desta segunda-feira, ia continuar na lideran\u00e7a do Campeonato, fosse empatado com o Sporting ou de forma isolada, por conta do registo de sete vit\u00f3rias e um empate, com apenas um golo sofrido, alcan\u00e7ado nas primeira oito jornadas. <strong>Manter a consist\u00eancia interna era o principal objetivo<\/strong> de Francesco Farioli para a dif\u00edcil desloca\u00e7\u00e3o ao Minho.<\/p>\n<p>\u201cGanharam os quatro jogos em casa. \u00c9 uma equipa muito organizada, com jogadores de qualidade. \u00c9 um jogo que vai pedir muito do nosso lado. Temos de estar preparados para competir e recome\u00e7ar o nosso caminho na Primeira Liga. <strong>No futebol ganhamos, empatamos e perdemos. Estamos a tentar fazer de tudo para ganhar e eles est\u00e3o connosco.<\/strong> Vi muitos coment\u00e1rios depois do jogo [em Nottingham] e muitos n\u00e3o foram sobre a realidade da partida. Jog\u00e1mos com muita coragem. Falta de criatividade? Depende da equipa contra quem jogamos. Tenho em mente que, no jogo com o Benfica, tivemos tr\u00eas oportunidades importantes. \u00c0s vezes somos mais sortudos. N\u00e3o estamos aqui para fazer an\u00e1lises emocionais. Temos de ser cr\u00edticos e severos. \u00c9 um calend\u00e1rio com muitos jogos. Depois das vit\u00f3rias, tentamos esquecer e continuar. Depois de uma boa performance temos de continuar\u201d, assumiu o italiano em confer\u00eancia de imprensa.<\/p>\n<p>\t\t    \t\t         Ficha de jogo <\/p>\n<p>\t\t\t\t\t\u2193 Mostrar<\/p>\n<p>\t\t\t\t\t\u2191 Esconder<\/p>\n<p><strong>Moreirense-FC Porto, 1-2<\/strong><\/p>\n<p>9.\u00aa jornada da Primeira Liga 2025\/26<\/p>\n<p>Parque Desportivo Comendador Joaquim de Almeida Freitas, em Moreira de C\u00f3negos<\/p>\n<p><strong>\u00c1rbitro:<\/strong> Jo\u00e3o Gon\u00e7alves (AF Porto)<\/p>\n<p><strong>Moreirense:<\/strong> Andr\u00e9 Ferreira; Dinis Pinto, Marcelo, Marac\u00e1s, Francisco Domingues (\u00c1lvaro Mart\u00ednez, 73\u2019); Mateja Stjepanovic, Benny; Diogo Travassos, Alanzinho (Rodrigo Alonso, 82\u2019), C\u00e9dric Teguia (Gilberto Batista, 82\u2019); Yan Lincon (Guilherme Schettine, 64\u2019)<\/p>\n<p><strong>Suplentes n\u00e3o utilizados:<\/strong> Caio Secco; Joel Jorquera, Afonso Assis, Jimi Gower e Landerson<\/p>\n<p><strong>Treinador:<\/strong> Vasco Botelho da Costa<\/p>\n<p><strong>FC Porto:<\/strong> Diogo Costa; Alberto Costa, Jan Bednarek, Jakub Kiwior, Francisco Moura (Dominik Prpic, 73\u2019); Alan Varela, Victor Froholdt, Gabri Veiga (Rodrigo Mora, 58\u2019); Pep\u00ea (Deniz G\u00fcl, 73\u2019), Borja Sainz (William Gomes, 46\u2019) e Samu Aghehowa (Yann Karamoh, 83\u2019)<\/p>\n<p><strong>Suplentes n\u00e3o utilizados:<\/strong> Cl\u00e1udio Ramos; Stephen Eust\u00e1quio, Pablo Rosario e Martim Fernandes<\/p>\n<p><strong>Treinador:<\/strong> Francesco Farioli<\/p>\n<p><strong>Golos:<\/strong> Alanzinho (18\u2019), Samu (g.p., 45+4\u2019) e G\u00fcl (88\u2019)<\/p>\n<p><strong>A\u00e7\u00e3o disciplinar:<\/strong>\u00a0cart\u00e3o amarelo a Alanzinho (43\u2019), Marac\u00e1s (45\u2019), Sainz (45+6\u2019) e Andr\u00e9 Ferreira (69\u2019)<\/p>\n<p>A viver uma boa fase, o Moreirense chegou a esta partida na sexta posi\u00e7\u00e3o e a lutar pelos lugares europeus, depois de ter vencido cinco dos oito jogos do Campeonato, quatro deles em casa, registo que fazia de si a \u00fanica equipa com 100% de vit\u00f3rias no seu reduto. \u201cSe eu disser que o FC Porto tamb\u00e9m vai querer responder, diria que este jogo iria ficar empatado e eu at\u00e9 aceitaria esse resultado. S\u00e3o condi\u00e7\u00f5es diferentes, \u00e9 claro, mas <strong>tenho a dizer que \u00e9 f\u00e1cil ser treinador do Moreirense esta semana,<\/strong> porque se o chip n\u00e3o est\u00e1 ligado para um jogo com esta visibilidade, dificilmente estar\u00e1 ligado para os outros. Queremos criar uma identidade aqui e \u00e9 para o que nos estamos a encaminhar. \u00c9 factual dizer que se trabalha bem no futebol portugu\u00eas como um todo. O FC Porto n\u00e3o \u00e9 s\u00f3 o clube, portanto pode haver a tend\u00eancia de olhar para os n\u00fameros, com um golo sofrido e o melhor ataque, mas \u00e9 mais a qualidade de jogo da equipa e a velocidade que o grupo imp\u00f5e. T\u00eam a capacidade de ser uma equipa vers\u00e1til, que sabe sair longo, assim como curto. S\u00e3o muito competentes\u201d, analisou Vasco Botelho da Costa.<\/p>\n<blockquote class=\"twitter-tweet\" data-width=\"500\" data-dnt=\"true\">\n<p lang=\"pt\" dir=\"ltr\">\u00c9 dia de FC Porto ????<a href=\"https:\/\/twitter.com\/hashtag\/SeguimosJuntos?src=hash&amp;ref_src=twsrc%5Etfw\" rel=\"nofollow noopener\" target=\"_blank\">#SeguimosJuntos<\/a>, Drag\u00f5es! ????<\/p>\n<p>???? TVI<a href=\"https:\/\/twitter.com\/hashtag\/MFCFCP?src=hash&amp;ref_src=twsrc%5Etfw\" rel=\"nofollow noopener\" target=\"_blank\">#MFCFCP<\/a> <a href=\"https:\/\/t.co\/V0UTb7jwtX\" rel=\"nofollow\">pic.twitter.com\/V0UTb7jwtX<\/a><\/p>\n<p>\u2014 FC Porto (@FCPorto) <a href=\"https:\/\/twitter.com\/FCPorto\/status\/1982722839242584295?ref_src=twsrc%5Etfw\" rel=\"nofollow noopener\" target=\"_blank\">October 27, 2025<\/a><\/p>\n<\/blockquote>\n<p>Com os dados lan\u00e7ados, Francesco Farioli fez apenas uma altera\u00e7\u00e3o em rela\u00e7\u00e3o \u00e0 \u00faltima partida e voltou a contar com Gabri Veiga no meio-campo, na posi\u00e7\u00e3o que tinha sido ocupada por Pablo Rosario. No Moreirense, Vasco Botelho da Costa fez duas altera\u00e7\u00f5es em rela\u00e7\u00e3o \u00e0 \u00faltima jornada, com Francisco Domingues e Mateja Stjepanovic a entrarem para os lugares de \u00c1lvaro Mart\u00ednez e Afonso Assis. Como expect\u00e1vel, os drag\u00f5es entraram a dominar, mas encontraram pela frente uns c\u00f3negos coesos, a defenderem em 4x4x2, com Alanzinho a juntar-se a Yan Lincon na primeira linha de press\u00e3o e sa\u00edrem curto, como foi sendo aud\u00edvel nas indica\u00e7\u00f5es dadas pelo treinador. Com o FC Porto a conseguir circular, mas de forma lenta, <strong>o Moreirense acabou por criar a primeira oportunidade do jogo e chegou ao golo,<\/strong> com Francisco Domingues a cruzar para corte de Alberto Costa, seguindo-se um remate de C\u00e9dric Teguia contra Jan Bednarek e, em nova recarga, o remate de primeira de Alanzinho para o fundo das redes, com a bola a desviar no polaco (18\u2032).<\/p>\n<blockquote class=\"twitter-tweet\" data-width=\"500\" data-dnt=\"true\">\n<p lang=\"zxx\" dir=\"ltr\"><a href=\"https:\/\/t.co\/qLQz7ZHFcK\" rel=\"nofollow\">pic.twitter.com\/qLQz7ZHFcK<\/a><\/p>\n<p>\u2014 @TheGoalsZone (@brooklyn79ers) <a href=\"https:\/\/twitter.com\/brooklyn79ers\/status\/1982909052251480148?ref_src=twsrc%5Etfw\" rel=\"nofollow noopener\" target=\"_blank\">October 27, 2025<\/a><\/p>\n<\/blockquote>\n<p>O futebol portista continuou bastante previs\u00edvel e sem criar perigo, com a sua primeira oportunidade a sair dos p\u00e9s de Pep\u00ea, que picou a bola para a \u00e1rea para o remate certeiro de Veiga, \u00e0 meia-volta, mas o espanhol estava em posi\u00e7\u00e3o de fora de jogo (36\u2032). Pouco depois, Alberto Costa tirou um cruzamento perfeito da direita, Bednarek ganhou nas alturas e cruzou de forma subtil para o poste mais distante, mas Andr\u00e9 Ferreira esticou-se todo e travou o remate junto \u00e0 relva (43\u2032). Na sequ\u00eancia do canto, Maranh\u00e3o agarrou Victor Froholdt pela camisola e, alguns minutos depois e com recurso \u00e0s imagens, o \u00e1rbitro Jo\u00e3o Gon\u00e7alves assinalou o castigo m\u00e1ximo. Na cobran\u00e7a, Samu Aghehowa bateu forte e rasteiro para a esquerda, <strong>com Andr\u00e9 a adivinhar o lado, mas a n\u00e3o conseguir evitar o empate (45+4\u2032).\u00a0<\/strong>Desta forma, os jogadores recolheram aos balne\u00e1rios com o empate a perdurar no marcador (1-1).<\/p>\n<blockquote class=\"twitter-tweet\" data-width=\"500\" data-dnt=\"true\">\n<p lang=\"zxx\" dir=\"ltr\"><a href=\"https:\/\/t.co\/HcMvjLsc5p\" rel=\"nofollow\">pic.twitter.com\/HcMvjLsc5p<\/a><\/p>\n<p>\u2014 miamispurstop (@miamispurstop) <a href=\"https:\/\/twitter.com\/miamispurstop\/status\/1982916775802220748?ref_src=twsrc%5Etfw\" rel=\"nofollow noopener\" target=\"_blank\">October 27, 2025<\/a><\/p>\n<\/blockquote>\n<p>Ao intervalo, Francesco Farioli lan\u00e7ou William Gomes no lugar do amarelado Borja Sainz e arrancou melhor, com Gabri Veiga a cobrar um livre lateral diretamente para a baliza, valendo o corte de Yan Lincon a evitar o golo (50\u2032). Pouco depois, o m\u00e9dio espanhol isolou Samu com um grande passe, o avan\u00e7ado dominou e atirou de p\u00e9 esquerdo, mas Andr\u00e9 Ferreira fez mais uma grande defesa, com a perna direita (56\u2032). J\u00e1 com Rodrigo Mora no lugar de Veiga e Guilherme Schettine no de Maranh\u00e3o, o jogo entrou numa toada quezilenta, com muitos protestos de parte a parte e pouco futebol. <strong>O Moreirense voltou a criar perigo num rasgo individual,<\/strong> com Benny a recuperar a bola a meio-campo e atirar de pronto para a baliza, Diogo Costa ficou pregado ao relvado, mas o chap\u00e9u saiu por cima (66\u2032). Na resposta, William recebeu na direita, fletiu para dentro e, de p\u00e9 esquerdo, rematou ao lado (70\u2032).<\/p>\n<p>Para os \u00faltimos 20 minutos, Vasco Botelho da Costa teve de tirar o lesionado Kiko Domingues e colocou \u00c1lvaro Mart\u00ednez, com Farioli a mudar a ala esquerda com as sa\u00eddas de Francisco Moura e Pep\u00ea para as entradas de Dominik Prpic e Deniz G\u00fcl. Logo a seguir, Schettine passou de cabe\u00e7a para Diogo Travassos, que aproximou-se da baliza e, de fora da \u00e1rea, atirou cruzado para grande defesa de Diogo Costa (76\u2032). O Moreirense acabou por fechar ainda mais o seu bloco com as entradas de Gilberto Batista e Rodrigo Alonso, ao passo que os drag\u00f5es estrearam Yann Karamoh e continuaram \u00e0 procura do golo da vit\u00f3ria, que acabou por aparecer em mais um lance de bola parada, com Mora a cobrar um canto na esquerda e, <strong>depois do desvio de Jakub Kiwior, G\u00fcl desviou levemente, de cabe\u00e7a, para o 1-2 (88\u2032).\u00a0<\/strong>Apesar do longo per\u00edodo de descontos, o FC Porto segurou a vantagem at\u00e9 ao apito final (1-2).<\/p>\n<blockquote class=\"twitter-tweet\" data-width=\"500\" data-dnt=\"true\">\n<p lang=\"zxx\" dir=\"ltr\"><a href=\"https:\/\/t.co\/4YJ598UMzY\" rel=\"nofollow\">pic.twitter.com\/4YJ598UMzY<\/a><\/p>\n<p>\u2014 miamispurstop (@miamispurstop) <a href=\"https:\/\/twitter.com\/miamispurstop\/status\/1982932698063831291?ref_src=twsrc%5Etfw\" rel=\"nofollow noopener\" target=\"_blank\">October 27, 2025<\/a><\/p>\n<\/blockquote>\n<p><strong>[Chegou\u00a0<\/strong><b>o hist\u00f3rico debate entre Soares e Freitas. E o socialista j\u00e1 conseguiu o voto dos\u00a0<\/b><b>comunistas sem \u201colhar para\u00a0o retrato\u201d dele<\/b>.\u00a0<strong>A\u00a0<a href=\"https:\/\/observador.pt\/programas\/a-eleio-mais-louca-de-sempre\/episodio-5-uma-armadilha-em-direto\/\" rel=\"nofollow noopener\" target=\"_blank\">\u201cElei\u00e7\u00e3o Mais Louca de Sempre\u201d<\/a>\u00a0\u00e9 o novo Podcast Plus do Observador sobre as Presidenciais de 1986. Uma s\u00e9rie narrada pelo ator Gon\u00e7alo Waddington, com banda sonora original de Samuel \u00daria. Pode ouvir\u00a0<a href=\"https:\/\/observador.pt\/programas\/a-eleio-mais-louca-de-sempre\/episodio-5-uma-armadilha-em-direto\/\" rel=\"nofollow noopener\" target=\"_blank\">aqui<\/a>, no\u00a0Observador, e tamb\u00e9m na\u00a0<a href=\"https:\/\/podcasts.apple.com\/pt\/podcast\/epis%C3%B3dio-5-uma-armadilha-em-direto\/id1841273464?i=1000733759807\" rel=\"nofollow noopener\" target=\"_blank\">Apple Podcasts<\/a>, no\u00a0<a href=\"https:\/\/open.spotify.com\/episode\/28mDVafMTtrt5QAwWYdye2?si=c6e9dabb29734f15\" rel=\"nofollow noopener\" target=\"_blank\">Spotify<\/a>\u00a0e no\u00a0<a href=\"https:\/\/music.youtube.com\/watch?v=78x1Dlhn7v4&amp;si=O1yv2xMDjId6CreQ\" rel=\"nofollow noopener\" target=\"_blank\">Youtube Music<\/a>. E pode ouvir o primeiro epis\u00f3dio\u00a0<a href=\"https:\/\/observador.pt\/programas\/a-eleio-mais-louca-de-sempre\/estreia-a-eleicao-mais-louca-de-sempre-episodio-1-apostamos-no-cavalo-errado\/\" target=\"_blank\" rel=\"noopener nofollow\">aqui<\/a>,\u00a0o segundo\u00a0<a href=\"https:\/\/observador.pt\/programas\/a-eleio-mais-louca-de-sempre\/episodio-2-uma-traicao-inesperada\/\" target=\"_blank\" rel=\"noopener nofollow\">aqui<\/a>,\u00a0o terceiro\u00a0<a href=\"https:\/\/observador.pt\/programas\/a-eleio-mais-louca-de-sempre\/episodio-3-ele-nao-e-meu-irmao\/\" rel=\"nofollow noopener\" target=\"_blank\">aqui<\/a>\u00a0e o\u00a0<a href=\"https:\/\/observador.pt\/programas\/a-eleio-mais-louca-de-sempre\/episodio-4-portugal-nao-e-moscovo\/\" rel=\"nofollow noopener\" target=\"_blank\">quarto<\/a>\u00a0aqui]<\/strong><\/p>\n<p><a href=\"https:\/\/observador.pt\/programas\/a-eleio-mais-louca-de-sempre\/episodio-5-uma-armadilha-em-direto\/\" target=\"_blank\" rel=\"noopener nofollow\"><\/p>\n<p>        <img src=\"https:\/\/www.europesays.com\/pt\/wp-content\/uploads\/2025\/10\/770-a-eleicao-mais-louca-de-sempre-playicon.png\" alt=\"\" loading=\"lazy\" decoding=\"async\" class=\"gmail-CToWUd alignnone\" onload=\"this.parentElement.classList.remove('spinner')\" onerror=\"this.parentElement.classList.remove('spinner')\" width=\"770\" height=\"433\"\/>    <\/p>\n<p><\/a><\/p>\n<p>                    <strong>Tem um minuto?<\/strong><br \/>O Observador est\u00e1 a realizar junto dos seus leitores um curto estudo de apenas quatro perguntas. <a href=\"https:\/\/observador.typeform.com\/to\/DnJJ0FZQ\" target=\"_blank\" style=\"text-decoration: underline; color:#262626;\" rel=\"nofollow noopener\">Responda aqui<\/a>.<\/p>\n<p>            <script async src=\"https:\/\/platform.twitter.com\/widgets.js\" charset=\"utf-8\"><\/script><\/p>\n","protected":false},"excerpt":{"rendered":"4.916. Foi este o tempo que os adeptos dos grandes tiveram de esperar para voltar a ver uma&hellip;\n","protected":false},"author":2,"featured_media":129424,"comment_status":"","ping_status":"","sticky":false,"template":"","format":"standard","meta":{"footnotes":""},"categories":[145],"tags":[211,210,135,114,115,282,524,10589,8343,32,33],"class_list":{"0":"post-129423","1":"post","2":"type-post","3":"status-publish","4":"format-standard","5":"has-post-thumbnail","7":"category-celebridades","8":"tag-celebridades","9":"tag-celebrities","10":"tag-desporto","11":"tag-entertainment","12":"tag-entretenimento","13":"tag-fc-porto","14":"tag-futebol","15":"tag-i-liga-betclic","16":"tag-moreirense","17":"tag-portugal","18":"tag-pt"},"share_on_mastodon":{"url":"https:\/\/pubeurope.com\/@pt\/115450034479167435","error":""},"_links":{"self":[{"href":"https:\/\/www.europesays.com\/pt\/wp-json\/wp\/v2\/posts\/129423","targetHints":{"allow":["GET"]}}],"collection":[{"href":"https:\/\/www.europesays.com\/pt\/wp-json\/wp\/v2\/posts"}],"about":[{"href":"https:\/\/www.europesays.com\/pt\/wp-json\/wp\/v2\/types\/post"}],"author":[{"embeddable":true,"href":"https:\/\/www.europesays.com\/pt\/wp-json\/wp\/v2\/users\/2"}],"replies":[{"embeddable":true,"href":"https:\/\/www.europesays.com\/pt\/wp-json\/wp\/v2\/comments?post=129423"}],"version-history":[{"count":0,"href":"https:\/\/www.europesays.com\/pt\/wp-json\/wp\/v2\/posts\/129423\/revisions"}],"wp:featuredmedia":[{"embeddable":true,"href":"https:\/\/www.europesays.com\/pt\/wp-json\/wp\/v2\/media\/129424"}],"wp:attachment":[{"href":"https:\/\/www.europesays.com\/pt\/wp-json\/wp\/v2\/media?parent=129423"}],"wp:term":[{"taxonomy":"category","embeddable":true,"href":"https:\/\/www.europesays.com\/pt\/wp-json\/wp\/v2\/categories?post=129423"},{"taxonomy":"post_tag","embeddable":true,"href":"https:\/\/www.europesays.com\/pt\/wp-json\/wp\/v2\/tags?post=129423"}],"curies":[{"name":"wp","href":"https:\/\/api.w.org\/{rel}","templated":true}]}}