{"id":129425,"date":"2025-10-28T05:03:30","date_gmt":"2025-10-28T05:03:30","guid":{"rendered":"https:\/\/www.europesays.com\/pt\/129425\/"},"modified":"2025-10-28T05:03:30","modified_gmt":"2025-10-28T05:03:30","slug":"estreia-da-novela-turca-mae-na-record-entra-para-os-assuntos-mais-comentados-do-brasil-no-twitter-x-r7","status":"publish","type":"post","link":"https:\/\/www.europesays.com\/pt\/129425\/","title":{"rendered":"Estreia da novela turca M\u00e3e na RECORD entra para os assuntos mais comentados do Brasil no Twitter X &#8211; R7"},"content":{"rendered":"<ol>\n<li><a href=\"https:\/\/news.google.com\/rss\/articles\/CBMi2AFBVV95cUxOeWdSUzFQMGtRVW5GZm1xV2dQOERSQUlhY0hiOXVQLWhrVnpYeGxFZXp0SG4tOG9jcGRLN2M2WmV6ankta215UmFXbmJGZnVZUHR2eHRMUGhmb05WMWthVk5aZnI4YUFOOFZ6YjlWQ1lMTS05dzFIS0I2OWtyQnpJQWVxSnVVMGdwVmUxYlBrZDgwS1JrS1hhNS1IalRFMTF2SU9TbF9jaDVfSXdOZTdiRjltWF9PVmoxS3hjU0ZyanVCRU5DQWtCd2Z3S3ItemtTd0Z6NS1TaHI?oc=5\" target=\"_blank\" rel=\"nofollow noopener\">Estreia da novela turca M\u00e3e na RECORD entra para os assuntos mais comentados do Brasil no Twitter X<\/a>&nbsp;&nbsp;R7<\/li>\n<li><a href=\"https:\/\/news.google.com\/rss\/articles\/CBMisgFBVV95cUxQOHJZWkMyWjNRRURrdzRxbjBBVmkwQ1pKSDhuYjVyNDdkNTJtRS0wakJrR25LQW0tZVhjOVdaR2d4SGdKMTI1MVhJQVR2bGNPanZPb0x3YTJ1Y3llSGs2N0dHaFpQSmQ0RUFWUnl5SkFwN1A0aThpcU9QQ2xaNWZXMFNKNzdCV1pjaW5EWlNjRGg5Qy00Sk1mT0lyZTZaMFhJTXNORlprdVBteS16eWwtUFB3?oc=5\" target=\"_blank\" rel=\"nofollow noopener\">28\/10-31\/10: Resumo final dos pr\u00f3ximos cap\u00edtulos de M\u00e3e<\/a>&nbsp;&nbsp;O TEMPO<\/li>\n<li><a href=\"https:\/\/news.google.com\/rss\/articles\/CBMinAFBVV95cUxONzlyRGZlTHJEMkdSQnQzLWFtUlNUbHR4Y2kzWkhmVDRMQ21GejVKYlJ0eUZLclJZdUlLTV9BUW1pNHNVVmM0d05kS210QnNNak5SbmhMcmUzS1FZa3cyLVBiTHZHOTdYUkktTXZpTmhnMEhFdUJsUE5lUXZnaWd5Mjc1XzdkWkRTdmoxV0pjamsxN3A0LXZ4dGlud3Q?oc=5\" target=\"_blank\" rel=\"nofollow noopener\">Conhe\u00e7a a atriz que interpreta Zeynep, personagem emocionante da novela turca M\u00e3e<\/a>&nbsp;&nbsp;ND Mais<\/li>\n<li><a href=\"https:\/\/news.google.com\/rss\/articles\/CBMipgFBVV95cUxNZG4tbjFSX1d0N0lYbXlYajRucjNkOGh4QVJ0MzdpaEF2UW9zbmRQWmpWWXBMMVU4NXFPcS1NRnVJOUdneHVOek51c0todzJRQTY5TEJrWEUyeld3Rm42WHc5NDdLY3IyMGFtd3FnYVVMWmxCU180Q0pNTldMckEzeGw4bHFNeFRkSGZ4Tk12djU1WnJCYXBfMUdOb05Gd2hrSHhaZTFn?oc=5\" target=\"_blank\" rel=\"nofollow noopener\">Confira o que vai rolar nesta segunda-feira em M\u00e3e<\/a>&nbsp;&nbsp;Estrelando<\/li>\n<li><a href=\"https:\/\/news.google.com\/rss\/articles\/CBMitAFBVV95cUxPeWl0UW1TMDM5cmx6TjVueXo0b096QU1UUmJmSHRKbzExUDQwS2tmLTJQTXg2NWxGaUJQdGpnVi1GYjRTb3pRVHJCMnBpWXNwb185OWZDelYxTVNWdzZ1QXR3ZTcyNDBJQ3NrSURzNjEtYmNORjl4OHJJc2dXZTA4S0Rzb0w4ZkFoclRlZlV0Y2JpTGUwNXJLSWdmOHBqc1hYR19jVnlBU3JXbkNUU2pkMjhRblo?oc=5\" target=\"_blank\" rel=\"nofollow noopener\">\u2018M\u00e3e\u2019 estreia na Record: confira resumo, hor\u00e1rio e detalhes da novela turca<\/a>&nbsp;&nbsp;R\u00e1dio Itatiaia<\/li>\n<\/ol>\n","protected":false},"excerpt":{"rendered":"Estreia da novela turca M\u00e3e na RECORD entra para os assuntos mais comentados do Brasil no Twitter X&nbsp;&nbsp;R7&hellip;\n","protected":false},"author":2,"featured_media":129426,"comment_status":"","ping_status":"","sticky":false,"template":"","format":"standard","meta":{"footnotes":""},"categories":[142],"tags":[114,115,29441,32,33,2428,151],"class_list":{"0":"post-129425","1":"post","2":"type-post","3":"status-publish","4":"format-standard","5":"has-post-thumbnail","7":"category-tv","8":"tag-entertainment","9":"tag-entretenimento","10":"tag-novela-mae","11":"tag-portugal","12":"tag-pt","13":"tag-turquia","14":"tag-tv"},"share_on_mastodon":{"url":"https:\/\/pubeurope.com\/@pt\/115450046265057296","error":""},"_links":{"self":[{"href":"https:\/\/www.europesays.com\/pt\/wp-json\/wp\/v2\/posts\/129425","targetHints":{"allow":["GET"]}}],"collection":[{"href":"https:\/\/www.europesays.com\/pt\/wp-json\/wp\/v2\/posts"}],"about":[{"href":"https:\/\/www.europesays.com\/pt\/wp-json\/wp\/v2\/types\/post"}],"author":[{"embeddable":true,"href":"https:\/\/www.europesays.com\/pt\/wp-json\/wp\/v2\/users\/2"}],"replies":[{"embeddable":true,"href":"https:\/\/www.europesays.com\/pt\/wp-json\/wp\/v2\/comments?post=129425"}],"version-history":[{"count":0,"href":"https:\/\/www.europesays.com\/pt\/wp-json\/wp\/v2\/posts\/129425\/revisions"}],"wp:featuredmedia":[{"embeddable":true,"href":"https:\/\/www.europesays.com\/pt\/wp-json\/wp\/v2\/media\/129426"}],"wp:attachment":[{"href":"https:\/\/www.europesays.com\/pt\/wp-json\/wp\/v2\/media?parent=129425"}],"wp:term":[{"taxonomy":"category","embeddable":true,"href":"https:\/\/www.europesays.com\/pt\/wp-json\/wp\/v2\/categories?post=129425"},{"taxonomy":"post_tag","embeddable":true,"href":"https:\/\/www.europesays.com\/pt\/wp-json\/wp\/v2\/tags?post=129425"}],"curies":[{"name":"wp","href":"https:\/\/api.w.org\/{rel}","templated":true}]}}