{"id":129429,"date":"2025-10-28T05:09:26","date_gmt":"2025-10-28T05:09:26","guid":{"rendered":"https:\/\/www.europesays.com\/pt\/129429\/"},"modified":"2025-10-28T05:09:26","modified_gmt":"2025-10-28T05:09:26","slug":"cientistas-revelam-misterio-centenario-envolvendo-mumias-de-dinossauros-entenda-noticias-r7","status":"publish","type":"post","link":"https:\/\/www.europesays.com\/pt\/129429\/","title":{"rendered":"Cientistas revelam mist\u00e9rio centen\u00e1rio envolvendo m\u00famias de dinossauros; entenda \u2013 Noticias R7"},"content":{"rendered":"<p>LEIA AQUI O RESUMO DA NOT\u00cdCIA<\/p>\n<ul class=\"b-article-body-custom-embed-brief-news__list\" style=\"margin: 0; padding-left: 20px; list-style-type: disc;\">\n<li>Pesquisadores descobriram como m\u00famias de dinossauros foram preservadas em ambientes inesperados.<\/li>\n<li>F\u00f3sseis da esp\u00e9cie Edmontosaurus annectens foram encontrados em Wyoming, EUA, com detalhes como pele e espinhos.<\/li>\n<li>Os tecidos moles foram preservados como moldes de argila ap\u00f3s a morte dos animais e exposi\u00e7\u00e3o a condi\u00e7\u00f5es espec\u00edficas.<\/li>\n<li>A pesquisa reconfigura a compreens\u00e3o da preserva\u00e7\u00e3o de f\u00f3sseis, mostrando que pode ocorrer em ambientes fluviais oxigenados.<\/li>\n<\/ul>\n<p style=\"font-size: 0.8em; font-style: italic; text-align: right; margin-top: 15px; padding-bottom: 5px; margin-bottom: 0;\">Produzido pela Ri7a &#8211; a Intelig\u00eancia Artificial do R7<\/p>\n<p><img decoding=\"async\" data-chromatic=\"ignore\" alt=\"\" class=\"c-image\" loading=\"lazy\" src=\"https:\/\/www.europesays.com\/pt\/wp-content\/uploads\/2025\/10\/JGGK6G2WW5FO7DCB2O6R5QPREY.png\"  width=\"634\" height=\"407\"\/>Casco de um dos Edmontosaurus annectens Divulga\u00e7\u00e3o\/Tyler Keillor <\/p>\n<p class=\"jarvics:base-text-neutral-high-400 base-text-[calc(theme(fontSize.xs)_*_var(--font-size,_1))] base-font-normal base-font-primary base-text-neutral-low-500 base-text-left\">Pesquisadores resolveram um mist\u00e9rio que intrigava a paleontologia h\u00e1 mais de um s\u00e9culo: como <a href=\"https:\/\/noticias.r7.com\/internacional\/saiba-por-que-mumias-cheiram-tao-bem-mesmo-apos-5000-anos-08032025\/\" target=\"_self\" rel=\"nofollow noopener\" title=\"https:\/\/noticias.r7.com\/internacional\/saiba-por-que-mumias-cheiram-tao-bem-mesmo-apos-5000-anos-08032025\/\">m\u00famias<\/a> de <a href=\"https:\/\/record.r7.com\/fala-brasil\/video\/cientistas-descobrem-dinossauro-que-viveu-ha-230-milhoes-de-anos-na-argentina-18102025\/\" target=\"_self\" rel=\"nofollow noopener\" title=\"https:\/\/record.r7.com\/fala-brasil\/video\/cientistas-descobrem-dinossauro-que-viveu-ha-230-milhoes-de-anos-na-argentina-18102025\/\">dinossauros<\/a> conseguiram preservar detalhes como pele, espinhos e at\u00e9 cascos \u2013 algo extremamente raro em <a href=\"https:\/\/noticias.r7.com\/record-news\/news-das-10\/video\/pesquisadores-encontram-novas-pegadas-de-dinossauros-15102025\/\" target=\"_self\" rel=\"nofollow noopener\" title=\"https:\/\/noticias.r7.com\/record-news\/news-das-10\/video\/pesquisadores-encontram-novas-pegadas-de-dinossauros-15102025\/\">f\u00f3sseis<\/a>.<\/p>\n<p class=\"jarvics:base-text-neutral-high-400 base-text-[calc(theme(fontSize.xs)_*_var(--font-size,_1))] base-font-normal base-font-primary base-text-neutral-low-500 base-text-left\">As primeiras descobertas ocorreram no in\u00edcio dos anos 1900, quando colecionadores encontraram dois esqueletos da esp\u00e9cie Edmontosaurus annectens, herb\u00edvoros conhecidos como \u201cdinossauros de bico de pato\u201d. <\/p>\n<p class=\"jarvics:base-text-neutral-high-400 base-text-[calc(theme(fontSize.xs)_*_var(--font-size,_1))] base-font-normal base-font-primary base-text-neutral-low-500 base-text-left\">Os f\u00f3sseis, encontrados no estado de Wyoming, nos <a href=\"https:\/\/www.r7.com\/tudo-sobre\/estados-unidos\/\" target=\"_self\" rel=\"nofollow noopener\" title=\"https:\/\/www.r7.com\/tudo-sobre\/estados-unidos\/\">Estados Unidos<\/a>, chamaram aten\u00e7\u00e3o por estarem cobertos por grandes manchas de pele escamosa, o que fez com que fossem apelidados de \u201cm\u00famias\u201d.<\/p>\n<p class=\"jarvics:base-text-neutral-high-400 base-text-[calc(theme(fontSize.xs)_*_var(--font-size,_1))] base-font-normal base-font-primary base-text-neutral-low-500 base-text-left\">Normalmente, tecidos moles como pele e m\u00fasculos s\u00f3 se preservam em ambientes sem oxig\u00eanio, como lagoas profundas ou leitos marinhos. O que surpreendeu os cientistas foi o fato de essas m\u00famias terem sido encontradas em dep\u00f3sitos fluviais oxigenados e de sedimentos grossos, onde a decomposi\u00e7\u00e3o costuma ser r\u00e1pida.<\/p>\n<p class=\"jarvics:base-text-neutral-high-400 base-text-[calc(theme(fontSize.xs)_*_var(--font-size,_1))] base-font-normal base-font-primary base-text-neutral-low-500 base-text-left\">Agora, um novo estudo publicado na revista Science explica o fen\u00f4meno. A equipe liderada por Paul Sereno, da Universidade de Chicago, identificou que os tecidos moles foram preservados como moldes de argila extremamente finos, com cerca de um mil\u00edmetro de espessura.<\/p>\n<p class=\"jarvics:base-text-neutral-high-400 base-text-[calc(theme(fontSize.xs)_*_var(--font-size,_1))] base-font-normal base-font-primary base-text-neutral-low-500 base-text-left\">Segundo os pesquisadores, esses moldes se formaram logo ap\u00f3s a morte dos animais, quando microrganismos come\u00e7aram a decompor os tecidos, permitindo que o sedimento preenchesse rapidamente as cavidades e mantivesse o formato tridimensional das partes carnosas, como pele, espinhos e cascos.<\/p>\n<p class=\"jarvics:base-text-neutral-high-400 base-text-[calc(theme(fontSize.xs)_*_var(--font-size,_1))] base-font-normal base-font-primary base-text-neutral-low-500 base-text-left\">Esse tipo de preserva\u00e7\u00e3o \u00e9 rar\u00edssimo e, at\u00e9 agora, s\u00f3 havia sido documentado em ambientes marinhos sem oxig\u00eanio, segundo os pesquisadores.<\/p>\n<p>Novas m\u00famias descobertas<\/p>\n<p class=\"jarvics:base-text-neutral-high-400 base-text-[calc(theme(fontSize.xs)_*_var(--font-size,_1))] base-font-normal base-font-primary base-text-neutral-low-500 base-text-left\">Para entender melhor o caso, a equipe usou documentos hist\u00f3ricos para localizar o ponto exato onde as primeiras m\u00famias haviam sido achadas. No local, encontraram dois novos exemplares: um adulto e um jovem da mesma esp\u00e9cie.<\/p>\n<p class=\"jarvics:base-text-neutral-high-400 base-text-[calc(theme(fontSize.xs)_*_var(--font-size,_1))] base-font-normal base-font-primary base-text-neutral-low-500 base-text-left\">O jovem, com cerca de dois anos de idade, \u00e9 o primeiro dinossauro de grande porte encontrado com todo o contorno corporal preservado, incluindo pesco\u00e7o, tronco e uma crista que percorre a espinha. <\/p>\n<p class=\"jarvics:base-text-neutral-high-400 base-text-[calc(theme(fontSize.xs)_*_var(--font-size,_1))] base-font-normal base-font-primary base-text-neutral-low-500 base-text-left\">J\u00e1 o adulto manteve os cascos mais antigos conhecidos no registro f\u00f3ssil, o que faz desta a primeira descoberta de cascos em qualquer tipo de r\u00e9ptil.<\/p>\n<p class=\"jarvics:base-text-neutral-high-400 base-text-[calc(theme(fontSize.xs)_*_var(--font-size,_1))] base-font-normal base-font-primary base-text-neutral-low-500 base-text-left\">Os f\u00f3sseis tamb\u00e9m mostram fileiras de espinhos semelhantes \u00e0s dos lagartos modernos, o que indica, de acordo com os cientistas, que os tecidos moles desses animais eram mais complexos do que se imaginava.<\/p>\n<p>Morte durante a seca<\/p>\n<p class=\"jarvics:base-text-neutral-high-400 base-text-[calc(theme(fontSize.xs)_*_var(--font-size,_1))] base-font-normal base-font-primary base-text-neutral-low-500 base-text-left\">De acordo com o estudo, os dinossauros morreram durante um per\u00edodo de seca severa, cerca de 66 milh\u00f5es de anos atr\u00e1s. <\/p>\n<p class=\"jarvics:base-text-neutral-high-400 base-text-[calc(theme(fontSize.xs)_*_var(--font-size,_1))] base-font-normal base-font-primary base-text-neutral-low-500 base-text-left\">As marcas de pele enrugada sugerem que os corpos ficaram expostos ao sol por horas ou dias antes que chuvas fortes provocassem enchentes e os enterrassem rapidamente em lama e troncos de \u00e1rvores.<\/p>\n<p class=\"jarvics:base-text-neutral-high-400 base-text-[calc(theme(fontSize.xs)_*_var(--font-size,_1))] base-font-normal base-font-primary base-text-neutral-low-500 base-text-left\">Os pesquisadores conclu\u00edram que o intervalo entre a morte e o soterramento foi de poucos dias a algumas semanas, tempo suficiente para que a decomposi\u00e7\u00e3o permitisse a forma\u00e7\u00e3o dos moldes de argila.<\/p>\n<p><img decoding=\"async\" data-chromatic=\"ignore\" alt=\"\" class=\"c-image\" loading=\"lazy\" src=\"https:\/\/www.europesays.com\/pt\/wp-content\/uploads\/2025\/10\/FDERNCXP5VDIZJBPFUM4DDMFNE.png\"  width=\"633\" height=\"419\"\/>Fina camada de argila com formato externo da pele de um Edmontosaurus Divulga\u00e7\u00e3o\/Tyler Keillor Novo tipo de preserva\u00e7\u00e3o<\/p>\n<p class=\"jarvics:base-text-neutral-high-400 base-text-[calc(theme(fontSize.xs)_*_var(--font-size,_1))] base-font-normal base-font-primary base-text-neutral-low-500 base-text-left\">A an\u00e1lise com raios X, tomografias e microsc\u00f3pios eletr\u00f4nicos confirmou que n\u00e3o h\u00e1 mais tra\u00e7os de material org\u00e2nico. Tudo o que restou s\u00e3o finas camadas de argila que registraram, em detalhes, o formato externo da pele e dos cascos.<\/p>\n<p class=\"jarvics:base-text-neutral-high-400 base-text-[calc(theme(fontSize.xs)_*_var(--font-size,_1))] base-font-normal base-font-primary base-text-neutral-low-500 base-text-left\">Essas descobertas mudam a forma como os paleont\u00f3logos entendem a preserva\u00e7\u00e3o de tecidos moles. At\u00e9 ent\u00e3o, acreditava-se que m\u00famias de dinossauros s\u00f3 poderiam se formar em ambientes sem oxig\u00eanio. <\/p>\n<p class=\"jarvics:base-text-neutral-high-400 base-text-[calc(theme(fontSize.xs)_*_var(--font-size,_1))] base-font-normal base-font-primary base-text-neutral-low-500 base-text-left\">Agora, sabe-se que condi\u00e7\u00f5es espec\u00edficas de decomposi\u00e7\u00e3o e sedimenta\u00e7\u00e3o tamb\u00e9m podem gerar f\u00f3sseis incrivelmente detalhados em ambientes fluviais. Com isso, os cientistas esperam encontrar novas m\u00famias de dinossauros em locais semelhantes.<\/p>\n<p><video controls=\"\" class=\"video-js\" preload=\"metadata\" poster=\"https:\/\/d22yf0mxeu0gma.cloudfront.net\/10-18-2025\/t_b532c0b2a67241b0985467b9f9b1d0b1_name_file_960x540_1600_v4_.jpg\" title=\"Cientistas descobrem dinossauro que viveu h&#xE1; 230 milh&#xF5;es de anos na Argentina\" data-sprite-url=\"\" data-metadata=\"{&quot;title&quot;:&quot;Cientistas descobrem dinossauro que viveu h&#xE1; 230 milh&#xF5;es de anos na Argentina&quot;,&quot;sectionName&quot;:&quot;R7&quot;,&quot;mainSection&quot;:&quot;Internacional&quot;,&quot;subSection&quot;:&quot;&quot;,&quot;views&quot;:&quot;&quot;,&quot;disableAdv&quot;:&quot;false&quot;,&quot;createdDate&quot;:&quot;2025-10-18T12:44:21Z&quot;,&quot;mainSectionUrl&quot;:&quot;https:\/\/record.r7.com\/fala-brasil\/video\/cientistas-descobrem-dinossauro-que-viveu-ha-230-milhoes-de-anos-na-argentina-18102025\/&quot;,&quot;sectionPath&quot;:&quot;https:\/\/record.r7.com\/fala-brasil&quot;,&quot;ageRating&quot;:&quot;&quot;,&quot;ageRatingDescription&quot;:&quot;&quot;,&quot;duration&quot;:123200,&quot;playerUrl&quot;:&quot;https:\/\/record.r7.com\/player\/33159188-cb65-4665-8467-a3ead800ec2a\/&quot;}\" data-player-params=\"{&quot;p&quot;:&quot;true&quot;,&quot;autoPlay&quot;:&quot;false&quot;,&quot;logo&quot;:&quot;true&quot;,&quot;playlistId&quot;:&quot;false&quot;,&quot;calhau&quot;:&quot;false&quot;,&quot;share&quot;:&quot;true&quot;,&quot;sz&quot;:&quot;false&quot;,&quot;full&quot;:&quot;true&quot;,&quot;customAdHash&quot;:&quot;\/7542\/r7noticias\/internacional&quot;,&quot;referrerUrl&quot;:&quot;&quot;,&quot;externalLinks&quot;:&quot;true&quot;,&quot;debug&quot;:&quot;false&quot;,&quot;debugHash&quot;:&quot;false&quot;,&quot;debugRelated&quot;:&quot;false&quot;,&quot;timerRelated&quot;:&quot;true&quot;,&quot;logoRecord&quot;:&quot;false&quot;,&quot;contextModal&quot;:&quot;false&quot;,&quot;parentUrl&quot;:&quot;https:\/\/record.r7.com\/&quot;,&quot;t&quot;:&quot;0&quot;,&quot;noTitle&quot;:false,&quot;endBehavior&quot;:&quot;default&quot;}\" data-related-videos=\"[{&quot;title&quot;:&quot;Lula fala sobre encontro com Trump e prev&#xEA; acordo sobre o tarifa&#xE7;o&quot;,&quot;thumb&quot;:&quot;https:\/\/d22yf0mxeu0gma.cloudfront.net\/10-27-2025\/t_556c29d40eef4972943d7530ee441187_name_file_960x540_1600_v4_.jpg&quot;,&quot;url&quot;:&quot;https:\/\/record.r7.com\/fala-brasil\/video\/lula-fala-sobre-encontro-com-trump-e-preve-acordo-sobre-o-tarifaco-27102025\/&quot;,&quot;embedUrl&quot;:&quot;https:\/\/record.r7.com\/player\/e5fc9b87-8f76-484c-87a6-f8e68f35cb84\/&quot;},{&quot;title&quot;:&quot;Destr&#xF3;ier dos Estados Unidos chega a arquip&#xE9;lago em frente a Venezuela&quot;,&quot;thumb&quot;:&quot;https:\/\/d22yf0mxeu0gma.cloudfront.net\/10-27-2025\/t_ce355794aa434274a6a44dfe1cc271d3_name_file_960x540_1600_v4_.jpg&quot;,&quot;url&quot;:&quot;https:\/\/record.r7.com\/fala-brasil\/video\/destroier-dos-estados-unidos-chega-a-arquipelago-em-frente-a-venezuela-27102025\/&quot;,&quot;embedUrl&quot;:&quot;https:\/\/record.r7.com\/player\/d7da61bd-f786-43f2-9fa5-9da5b08fe500\/&quot;},{&quot;title&quot;:&quot;Hospital refer&#xEA;ncia no tratamento de c&#xE2;ncer sofre com s&#xED;ndrome respirat&#xF3;ria no Esp&#xED;rito Santo&quot;,&quot;thumb&quot;:&quot;https:\/\/d22yf0mxeu0gma.cloudfront.net\/10-27-2025\/t_8f5a6458b16a444c901f545e5a9a0177_name_file_960x540_1600_v4_.jpg&quot;,&quot;url&quot;:&quot;https:\/\/record.r7.com\/fala-brasil\/video\/hospital-referencia-no-tratamento-de-cancer-sofre-com-sindrome-respiratoria-no-espirito-santo-27102025\/&quot;,&quot;embedUrl&quot;:&quot;https:\/\/record.r7.com\/player\/d46a46e3-0542-426a-99b9-c0265ee4cc8e\/&quot;}]\" data-player-url=\"https:\/\/record.r7.com\/player\/33159188-cb65-4665-8467-a3ead800ec2a\/\" data-arc-video=\"\" data-arc-id=\"33159188-cb65-4665-8467-a3ead800ec2a\" data-short=\"false\" style=\"visibility:hidden\"><\/video><\/p>\n<p class=\"jarvics:base-text-neutral-high-400 base-text-[calc(theme(fontSize.xs)_*_var(--font-size,_1))] base-font-normal base-font-primary base-text-neutral-low-500 base-text-left\"><b>Fique por dentro das principais not\u00edcias do dia no Brasil e no mundo. <\/b><a href=\"https:\/\/whatsapp.com\/channel\/0029Va6eEELGZNCyryabmO1m\" rel=\"nofollow noopener\" target=\"_blank\"><b>Siga o canal do R7<\/b><\/a><b>, o portal de not\u00edcias da Record, no WhatsApp<\/b><\/p>\n","protected":false},"excerpt":{"rendered":"LEIA AQUI O RESUMO DA NOT\u00cdCIA Pesquisadores descobriram como m\u00famias de dinossauros foram preservadas em ambientes inesperados. F\u00f3sseis&hellip;\n","protected":false},"author":2,"featured_media":129430,"comment_status":"","ping_status":"","sticky":false,"template":"","format":"standard","meta":{"footnotes":""},"categories":[84],"tags":[1353,109,107,108,235,32,33,105,103,104,106,110],"class_list":{"0":"post-129429","1":"post","2":"type-post","3":"status-publish","4":"format-standard","5":"has-post-thumbnail","7":"category-ciencia-e-tecnologia","8":"tag-animais","9":"tag-ciencia","10":"tag-ciencia-e-tecnologia","11":"tag-cienciaetecnologia","12":"tag-estados-unidos","13":"tag-portugal","14":"tag-pt","15":"tag-science","16":"tag-science-and-technology","17":"tag-scienceandtechnology","18":"tag-technology","19":"tag-tecnologia"},"share_on_mastodon":{"url":"https:\/\/pubeurope.com\/@pt\/115450070158981140","error":""},"_links":{"self":[{"href":"https:\/\/www.europesays.com\/pt\/wp-json\/wp\/v2\/posts\/129429","targetHints":{"allow":["GET"]}}],"collection":[{"href":"https:\/\/www.europesays.com\/pt\/wp-json\/wp\/v2\/posts"}],"about":[{"href":"https:\/\/www.europesays.com\/pt\/wp-json\/wp\/v2\/types\/post"}],"author":[{"embeddable":true,"href":"https:\/\/www.europesays.com\/pt\/wp-json\/wp\/v2\/users\/2"}],"replies":[{"embeddable":true,"href":"https:\/\/www.europesays.com\/pt\/wp-json\/wp\/v2\/comments?post=129429"}],"version-history":[{"count":0,"href":"https:\/\/www.europesays.com\/pt\/wp-json\/wp\/v2\/posts\/129429\/revisions"}],"wp:featuredmedia":[{"embeddable":true,"href":"https:\/\/www.europesays.com\/pt\/wp-json\/wp\/v2\/media\/129430"}],"wp:attachment":[{"href":"https:\/\/www.europesays.com\/pt\/wp-json\/wp\/v2\/media?parent=129429"}],"wp:term":[{"taxonomy":"category","embeddable":true,"href":"https:\/\/www.europesays.com\/pt\/wp-json\/wp\/v2\/categories?post=129429"},{"taxonomy":"post_tag","embeddable":true,"href":"https:\/\/www.europesays.com\/pt\/wp-json\/wp\/v2\/tags?post=129429"}],"curies":[{"name":"wp","href":"https:\/\/api.w.org\/{rel}","templated":true}]}}