{"id":129467,"date":"2025-10-28T06:22:16","date_gmt":"2025-10-28T06:22:16","guid":{"rendered":"https:\/\/www.europesays.com\/pt\/129467\/"},"modified":"2025-10-28T06:22:16","modified_gmt":"2025-10-28T06:22:16","slug":"estudo-nacional-vai-determinar-impacto-da-dpoc-observador","status":"publish","type":"post","link":"https:\/\/www.europesays.com\/pt\/129467\/","title":{"rendered":"Estudo nacional vai determinar impacto da DPOC \u2013 Observador"},"content":{"rendered":"<p>A Sociedade Portuguesa de Pneumologia arrancou esta segunda-feira com um estudo nacional que permitir\u00e1 determinar o impacto da Doen\u00e7a Pulmonar Obstrutiva Cr\u00f3nica (DPOC), quinta causa de morte em Portugal, avaliar a gravidade e identificar quem apresenta fatores de risco.<\/p>\n<p>Em declara\u00e7\u00f5es \u00e0 ag\u00eancia Lusa, Jorge Ferreira, presidente da Sociedade Portuguesa de Pneumologia (SPP), explicou que a doen\u00e7a est\u00e1 muito subdiagnosticada, lembrando que <strong>s\u00f3 quando se conhece a realidade de uma doen\u00e7a \u00e9 poss\u00edvel definir pol\u00edticas p\u00fablicas ajustadas<\/strong>.<\/p>\n<p>\u201cA informa\u00e7\u00e3o que n\u00f3s temos relativamente \u00e0 DPOC \u00e9, de facto, relativamente limitada\u201d, disse o respons\u00e1vel, acrescentando que os dados dispon\u00edveis, que t\u00eam cerca de 20 anos, estimavam uma preval\u00eancia na ordem de 14,2% em Portugal.<\/p>\n<p>Jorge Ferreira explicou que o estudo abranger\u00e1 mais de 6 mil pessoas com mais de 20 anos a n\u00edvel nacional e vai permitir, igualmente, avaliar a preval\u00eancia da asma e outras condi\u00e7\u00f5es respirat\u00f3rias, o que torna o trabalho inovador. \u201cVai tamb\u00e9m recolher informa\u00e7\u00e3o sobre os h\u00e1bitos tab\u00e1gicos, a atividade f\u00edsica, ansiedade, depress\u00e3o e, no fundo, ampliar o conhecimento sobre doen\u00e7as pulmonares\u201d, acrescentou.<\/p>\n<p>Se tudo correr como previsto, dever\u00e1 estar conclu\u00edda em maio a recolha de dados e, no ver\u00e3o de 2026, j\u00e1 dever\u00e1 haver dados atualizados sobre a DPOC em Portugal.<\/p>\n<p>O respons\u00e1vel destaca o facto de este estudo abranger pessoas \u201cmais jovens do que \u00e9 o padr\u00e3o usual\u201d nestes trabalhos, sublinhando que o que se pretende \u00e9 ter informa\u00e7\u00e3o o mais precocemente poss\u00edvel relativamente \u00e0 doen\u00e7a.<\/p>\n<p>\u201cSendo uma doen\u00e7a maioritariamente relacionada com o consumo de tabaco, ela est\u00e1 tamb\u00e9m relacionada com uma predisposi\u00e7\u00e3o gen\u00e9tica, com fatores de ordem ambiental e, por exemplo, com uma hist\u00f3ria de infe\u00e7\u00f5es respirat\u00f3rias durante a primeira inf\u00e2ncia\u201d, explicou o presidente da SPP, sublinhando que \u201ceste conhecimento nunca foi abordado\u201d em anteriores trabalhos.<\/p>\n<p>Destacou ainda a import\u00e2ncia de promover estrat\u00e9gias de rastreio o mais cedo poss\u00edvel, lembrando que, <strong>se agora a DPOC \u00e9 a quinta causa de morte em Portugal, estima-se que em 2030 poder\u00e1 subir para o quarto lugar<\/strong>.<\/p>\n<p>\u201c\u00c9 uma evolu\u00e7\u00e3o preocupante. Ela resulta, maioritariamente, dos h\u00e1bitos tab\u00e1gicos, mas tamb\u00e9m do estilo de vida, da pr\u00f3pria polui\u00e7\u00e3o atmosf\u00e9rica, do risco profissional que est\u00e1 alocado a algumas profiss\u00f5es\u201d, afirmou o especialista, acrescentando: \u201cS\u00f3 \u00e9 poss\u00edvel estruturar medidas eficazes que visem prevenir se houver um retrato atualizado\u201d.<\/p>\n<p>O estudo que arrancou esta semana incide na popula\u00e7\u00e3o em geral \u2014 e n\u00e3o s\u00f3 nas pessoas com DPOC \u2014 e os autores esperam no final terem n\u00e3o s\u00f3 dados \u201csubstancialmente diferentes dos atuais\u201d, mas, acima de tudo, \u201co espelho da realidade\u201d, para que as pol\u00edticas p\u00fablicas se possam adequar.<\/p>\n<p>\u201cSen\u00e3o, partimos de pressupostos que, muitas vezes, est\u00e3o errados\u201d, afirmou, recordando que este trabalho vai permitir tamb\u00e9m compreender assimetrias regionais relativamente \u00e0 doen\u00e7a.<\/p>\n<p>Como o estudo vai seguir a carta geogr\u00e1fica e demogr\u00e1fica do pa\u00eds, ser\u00e1 poss\u00edvel perceber mais relativamente a aspetos que n\u00e3o s\u00e3o exclusivamente alocados \u00e0 DPOC, mas que, por exemplo, est\u00e3o relacionados com comorbilidades, com o diagn\u00f3stico de asma e at\u00e9 de uma situa\u00e7\u00e3o de sobreposi\u00e7\u00e3o entre as duas doen\u00e7as, uma situa\u00e7\u00e3o que constitui um risco especial relativamente \u00e0 sua evolu\u00e7\u00e3o cl\u00ednica.<\/p>\n<p>\u201c\u00c9 a primeira vez que no nosso pa\u00eds se realiza um estudo com uma metodologia semelhante e at\u00e9 com esta vontade de recolher informa\u00e7\u00e3o, no fundo, sobre tr\u00eas doen\u00e7as: asma, DPOC e a sobreposi\u00e7\u00e3o entre as duas doen\u00e7as\u201d, concluiu Jorge Ferreira, sublinhando que esta ser\u00e1 a primeira oportunidade de investigar a preval\u00eancia real destas doen\u00e7as no pa\u00eds e as caracter\u00edsticas das pessoas por elas afetadas.<\/p>\n<p>                    <strong>Tem um minuto?<\/strong><br \/>O Observador est\u00e1 a realizar junto dos seus leitores um curto estudo de apenas quatro perguntas. <a href=\"https:\/\/observador.typeform.com\/to\/DnJJ0FZQ\" target=\"_blank\" style=\"text-decoration: underline; color:#262626;\" rel=\"nofollow noopener\">Responda aqui<\/a>.<\/p>\n","protected":false},"excerpt":{"rendered":"A Sociedade Portuguesa de Pneumologia arrancou esta segunda-feira com um estudo nacional que permitir\u00e1 determinar o impacto da&hellip;\n","protected":false},"author":2,"featured_media":129468,"comment_status":"","ping_status":"","sticky":false,"template":"","format":"standard","meta":{"footnotes":""},"categories":[86],"tags":[442,6727,14199,116,32,33,2946,117],"class_list":{"0":"post-129467","1":"post","2":"type-post","3":"status-publish","4":"format-standard","5":"has-post-thumbnail","7":"category-saude","8":"tag-ciu00eancia","9":"tag-doenu00e7as","10":"tag-estudo-cientu00edfico","11":"tag-health","12":"tag-portugal","13":"tag-pt","14":"tag-sau00fade","15":"tag-saude"},"share_on_mastodon":{"url":"https:\/\/pubeurope.com\/@pt\/115450356850139955","error":""},"_links":{"self":[{"href":"https:\/\/www.europesays.com\/pt\/wp-json\/wp\/v2\/posts\/129467","targetHints":{"allow":["GET"]}}],"collection":[{"href":"https:\/\/www.europesays.com\/pt\/wp-json\/wp\/v2\/posts"}],"about":[{"href":"https:\/\/www.europesays.com\/pt\/wp-json\/wp\/v2\/types\/post"}],"author":[{"embeddable":true,"href":"https:\/\/www.europesays.com\/pt\/wp-json\/wp\/v2\/users\/2"}],"replies":[{"embeddable":true,"href":"https:\/\/www.europesays.com\/pt\/wp-json\/wp\/v2\/comments?post=129467"}],"version-history":[{"count":0,"href":"https:\/\/www.europesays.com\/pt\/wp-json\/wp\/v2\/posts\/129467\/revisions"}],"wp:featuredmedia":[{"embeddable":true,"href":"https:\/\/www.europesays.com\/pt\/wp-json\/wp\/v2\/media\/129468"}],"wp:attachment":[{"href":"https:\/\/www.europesays.com\/pt\/wp-json\/wp\/v2\/media?parent=129467"}],"wp:term":[{"taxonomy":"category","embeddable":true,"href":"https:\/\/www.europesays.com\/pt\/wp-json\/wp\/v2\/categories?post=129467"},{"taxonomy":"post_tag","embeddable":true,"href":"https:\/\/www.europesays.com\/pt\/wp-json\/wp\/v2\/tags?post=129467"}],"curies":[{"name":"wp","href":"https:\/\/api.w.org\/{rel}","templated":true}]}}