{"id":129475,"date":"2025-10-28T06:41:12","date_gmt":"2025-10-28T06:41:12","guid":{"rendered":"https:\/\/www.europesays.com\/pt\/129475\/"},"modified":"2025-10-28T06:41:12","modified_gmt":"2025-10-28T06:41:12","slug":"psd-e-chega-fecham-acordo-para-aprovar-lei-da-nacionalidade-observador","status":"publish","type":"post","link":"https:\/\/www.europesays.com\/pt\/129475\/","title":{"rendered":"PSD e Chega fecham acordo para aprovar lei da nacionalidade \u2013 Observador"},"content":{"rendered":"<p>O Chega e o PSD chegaram a um entendimento sobre a lei da nacionalidade e h\u00e1 luz verde para aprovar o documento que tem vindo a ser adiado por v\u00e1rios pedidos dos partidos. Ao que o Observador apurou, depois de um ultimato a um dia da vota\u00e7\u00e3o, os dois partidos cederam: o Chega aceita a perda de nacionalidade proposta pelos sociais-democratas, como pena acess\u00f3ria, a decidir e aplicar por um juiz; e o PSD aceita incluir uma exce\u00e7\u00e3o para as situa\u00e7\u00f5es em que a obten\u00e7\u00e3o de nacionalidade ocorreu de forma manifestamente fraudulenta.<\/p>\n<p>A lei da nacionalidade vai ser votada em plen\u00e1rio esta ter\u00e7a-feira e Andr\u00e9 Ventura, praticamente ao cair do pano, insistiu em dois pontos que o PSD havia rejeitado. Por um lado, prever a <strong>perda autom\u00e1tica da nacionalidade<\/strong> para quem for naturalizado e cometer certos crimes (pena de pris\u00e3o efetiva de tr\u00eas anos por qualquer crime, penas por terrorismo, por crimes contra a seguran\u00e7a do Estado, ofensas \u201cde forma ostensiva, p\u00fablica e reiterada\u201d aos \u201cvalores e s\u00edmbolos da na\u00e7\u00e3o\u201d, obten\u00e7\u00e3o da nacionalidade atrav\u00e9s de falsas declara\u00e7\u00f5es ou documentos) exceto se n\u00e3o tiver outra nacionalidade e ficar ap\u00e1trida (uma \u201cv\u00e1lvula de escape\u201d para tentar eliminar um risco de problemas constitucionais, explicou Ventura no Parlamento).<\/p>\n<p>Por outro, na norma do PSD sobre a <strong>nacionalidade adquirida<\/strong> ficar consolidada ap\u00f3s um per\u00edodo de dez anos, \u201cainda que o ato que esteve na origem da sua atribui\u00e7\u00e3o ou aquisi\u00e7\u00e3o seja pass\u00edvel de declara\u00e7\u00e3o administrativa ou judicial de nulidade\u201d, o Chega quer incluir uma exce\u00e7\u00e3o para as situa\u00e7\u00f5es em que \u201ca obten\u00e7\u00e3o de nacionalidade tenha ocorrido de <strong>forma manifestamente fraudulenta<\/strong>\u201d.<\/p>\n<p>Perante os obst\u00e1culos que surgiram na negocia\u00e7\u00e3o, e depois de Eurico Brilhante Dias, l\u00edder parlamentar do PS, ter lamentado a falta de acordo, o PSD ficou apenas com a possibilidade de se sentar \u00e0 mesa com o Chega. Ap\u00f3s uma noite de negocia\u00e7\u00f5es que se antecipava longa, o Observador sabe que foi poss\u00edvel chegar a acordo. Ventura recuou na quest\u00e3o da perda autom\u00e1tica da nacionalidade e vai aprovar a proposta do PSD, em que esta existe, mas como <strong>pena acess\u00f3ria<\/strong>, a decidir e aplicar por um juiz. Isto porque o modelo da perda autom\u00e1tica, acreditam os sociais-democratas, levaria a riscos de inconstitucionalidade muito consider\u00e1veis e foi por isso que o PSD se preveniu, separando essa proposta do corpo da lei e colocando-a numa altera\u00e7\u00e3o ao C\u00f3digo Penal, de forma a n\u00e3o contaminar o resto da lei.<\/p>\n<p>O PSD acaba por aceitar a outra linha vermelha que tinha sido imposta pelo Chega, na norma do PSD sobre a nacionalidade adquirida ficar consolidada ap\u00f3s um per\u00edodo de dez anos, \u201cainda que o ato que esteve na origem da sua atribui\u00e7\u00e3o ou aquisi\u00e7\u00e3o seja pass\u00edvel de declara\u00e7\u00e3o administrativa ou judicial de nulidade\u201d. Apesar de se manter, a pedido do Chega passa a <strong>incluir uma exce\u00e7\u00e3o<\/strong> (de revers\u00e3o da atribui\u00e7\u00e3o da nacionalidade) para as situa\u00e7\u00f5es em que \u201ca obten\u00e7\u00e3o de nacionalidade tenha ocorrido de forma <strong>manifestamente fraudulenta<\/strong>\u201d. Tal como o Observador escreveu, do lado do PSD considerava-se que os casos em que existe uma fraude j\u00e1 s\u00e3o considerados nulos, pelo que a proposta do Chega poderia n\u00e3o trazer uma grande novidade ao ordenamento jur\u00eddico, o que pode ter facilitado a negocia\u00e7\u00e3o.<\/p>\n<p>Durante a fase de especialidade, em que os partidos negoceiam al\u00ednea a al\u00ednea, o PSD tinha conseguido fazer aprovar o grosso da sua proposta \u2014 pendendo mais para a direita, mas tamb\u00e9m com absten\u00e7\u00f5es do PS \u2014 e tinha feito uma ced\u00eancia relevante para o Chega, proibindo que pessoas sem <strong>\u201cmeios de subsist\u00eancia\u201d<\/strong> no momento do pedido possam obter a nacionalidade portuguesa.<\/p>\n<blockquote class=\"wp-embedded-content\" data-secret=\"tMAp8PasbP\">\n<p><a href=\"https:\/\/observador.pt\/2025\/10\/27\/ultimo-esforco-chega-dramatiza-ate-ao-fim-na-lei-da-nacionalidade-e-recupera-duas-linhas-vermelhas-para-tentar-acordo-com-psd\/\" rel=\"nofollow noopener\" target=\"_blank\">\u00daltimo esfor\u00e7o. Chega dramatiza at\u00e9 ao fim na lei da nacionalidade e recupera duas linhas vermelhas para tentar acordo com PSD<\/a><\/p>\n<\/blockquote>\n<p><strong>[Chegou\u00a0<\/strong><b>o hist\u00f3rico debate entre Soares e Freitas. E o socialista j\u00e1 conseguiu o voto dos\u00a0<\/b><b>comunistas sem \u201colhar para\u00a0o retrato\u201d dele<\/b>.\u00a0<strong>A\u00a0<a href=\"https:\/\/observador.pt\/programas\/a-eleio-mais-louca-de-sempre\/episodio-5-uma-armadilha-em-direto\/\" rel=\"nofollow noopener\" target=\"_blank\">\u201cElei\u00e7\u00e3o Mais Louca de Sempre\u201d<\/a>\u00a0\u00e9 o novo Podcast Plus do Observador sobre as Presidenciais de 1986. Uma s\u00e9rie narrada pelo ator Gon\u00e7alo Waddington, com banda sonora original de Samuel \u00daria. Pode ouvir\u00a0<a href=\"https:\/\/observador.pt\/programas\/a-eleio-mais-louca-de-sempre\/episodio-5-uma-armadilha-em-direto\/\" rel=\"nofollow noopener\" target=\"_blank\">aqui<\/a>, no\u00a0Observador, e tamb\u00e9m na\u00a0<a href=\"https:\/\/podcasts.apple.com\/pt\/podcast\/epis%C3%B3dio-5-uma-armadilha-em-direto\/id1841273464?i=1000733759807\" rel=\"nofollow noopener\" target=\"_blank\">Apple Podcasts<\/a>, no\u00a0<a href=\"https:\/\/open.spotify.com\/episode\/28mDVafMTtrt5QAwWYdye2?si=c6e9dabb29734f15\" rel=\"nofollow noopener\" target=\"_blank\">Spotify<\/a>\u00a0e no\u00a0<a href=\"https:\/\/music.youtube.com\/watch?v=78x1Dlhn7v4&amp;si=O1yv2xMDjId6CreQ\" rel=\"nofollow noopener\" target=\"_blank\">Youtube Music<\/a>. E pode ouvir o primeiro epis\u00f3dio\u00a0<a href=\"https:\/\/observador.pt\/programas\/a-eleio-mais-louca-de-sempre\/estreia-a-eleicao-mais-louca-de-sempre-episodio-1-apostamos-no-cavalo-errado\/\" target=\"_blank\" rel=\"noopener nofollow\">aqui<\/a>,\u00a0o segundo\u00a0<a href=\"https:\/\/observador.pt\/programas\/a-eleio-mais-louca-de-sempre\/episodio-2-uma-traicao-inesperada\/\" target=\"_blank\" rel=\"noopener nofollow\">aqui<\/a>,\u00a0o terceiro\u00a0<a href=\"https:\/\/observador.pt\/programas\/a-eleio-mais-louca-de-sempre\/episodio-3-ele-nao-e-meu-irmao\/\" rel=\"nofollow noopener\" target=\"_blank\">aqui<\/a>\u00a0e o\u00a0<a href=\"https:\/\/observador.pt\/programas\/a-eleio-mais-louca-de-sempre\/episodio-4-portugal-nao-e-moscovo\/\" rel=\"nofollow noopener\" target=\"_blank\">quarto<\/a>\u00a0aqui]<\/strong><\/p>\n<p><a href=\"https:\/\/observador.pt\/programas\/a-eleio-mais-louca-de-sempre\/episodio-5-uma-armadilha-em-direto\/\" target=\"_blank\" rel=\"noopener nofollow\"><\/p>\n<p>        <img src=\"https:\/\/www.europesays.com\/pt\/wp-content\/uploads\/2025\/10\/770-a-eleicao-mais-louca-de-sempre-playicon.png\" alt=\"\" loading=\"lazy\" decoding=\"async\" class=\"gmail-CToWUd alignnone\" onload=\"this.parentElement.classList.remove('spinner')\" onerror=\"this.parentElement.classList.remove('spinner')\" width=\"770\" height=\"433\"\/>    <\/p>\n<p><\/a><\/p>\n<p>                    <strong>Tem um minuto?<\/strong><br \/>O Observador est\u00e1 a realizar junto dos seus leitores um curto estudo de apenas quatro perguntas. <a href=\"https:\/\/observador.typeform.com\/to\/DnJJ0FZQ\" target=\"_blank\" style=\"text-decoration: underline; color:#262626;\" rel=\"nofollow noopener\">Responda aqui<\/a>.<\/p>\n","protected":false},"excerpt":{"rendered":"O Chega e o PSD chegaram a um entendimento sobre a lei da nacionalidade e h\u00e1 luz verde&hellip;\n","protected":false},"author":2,"featured_media":129476,"comment_status":"","ping_status":"","sticky":false,"template":"","format":"standard","meta":{"footnotes":""},"categories":[10],"tags":[19766,27,28,15,16,14,297,25,26,21,22,62,12,13,19,20,4532,302,32,23,24,33,17,18,29,30,31],"class_list":{"0":"post-129475","1":"post","2":"type-post","3":"status-publish","4":"format-standard","5":"has-post-thumbnail","7":"category-portugal","8":"tag-assembleia-da-repu00fablica","9":"tag-breaking-news","10":"tag-breakingnews","11":"tag-featured-news","12":"tag-featurednews","13":"tag-headlines","14":"tag-imigrau00e7u00e3o","15":"tag-latest-news","16":"tag-latestnews","17":"tag-main-news","18":"tag-mainnews","19":"tag-mundo","20":"tag-news","21":"tag-noticias","22":"tag-noticias-principais","23":"tag-noticiasprincipais","24":"tag-parlamento","25":"tag-polu00edtica","26":"tag-portugal","27":"tag-principais-noticias","28":"tag-principaisnoticias","29":"tag-pt","30":"tag-top-stories","31":"tag-topstories","32":"tag-ultimas","33":"tag-ultimas-noticias","34":"tag-ultimasnoticias"},"share_on_mastodon":{"url":"https:\/\/pubeurope.com\/@pt\/115450431776356962","error":""},"_links":{"self":[{"href":"https:\/\/www.europesays.com\/pt\/wp-json\/wp\/v2\/posts\/129475","targetHints":{"allow":["GET"]}}],"collection":[{"href":"https:\/\/www.europesays.com\/pt\/wp-json\/wp\/v2\/posts"}],"about":[{"href":"https:\/\/www.europesays.com\/pt\/wp-json\/wp\/v2\/types\/post"}],"author":[{"embeddable":true,"href":"https:\/\/www.europesays.com\/pt\/wp-json\/wp\/v2\/users\/2"}],"replies":[{"embeddable":true,"href":"https:\/\/www.europesays.com\/pt\/wp-json\/wp\/v2\/comments?post=129475"}],"version-history":[{"count":0,"href":"https:\/\/www.europesays.com\/pt\/wp-json\/wp\/v2\/posts\/129475\/revisions"}],"wp:featuredmedia":[{"embeddable":true,"href":"https:\/\/www.europesays.com\/pt\/wp-json\/wp\/v2\/media\/129476"}],"wp:attachment":[{"href":"https:\/\/www.europesays.com\/pt\/wp-json\/wp\/v2\/media?parent=129475"}],"wp:term":[{"taxonomy":"category","embeddable":true,"href":"https:\/\/www.europesays.com\/pt\/wp-json\/wp\/v2\/categories?post=129475"},{"taxonomy":"post_tag","embeddable":true,"href":"https:\/\/www.europesays.com\/pt\/wp-json\/wp\/v2\/tags?post=129475"}],"curies":[{"name":"wp","href":"https:\/\/api.w.org\/{rel}","templated":true}]}}