{"id":129500,"date":"2025-10-28T07:25:23","date_gmt":"2025-10-28T07:25:23","guid":{"rendered":"https:\/\/www.europesays.com\/pt\/129500\/"},"modified":"2025-10-28T07:25:23","modified_gmt":"2025-10-28T07:25:23","slug":"frankenstein-quao-perigosa-e-e-quais-os-sintomas-da-nova-variante-da-covid-19","status":"publish","type":"post","link":"https:\/\/www.europesays.com\/pt\/129500\/","title":{"rendered":"&#8220;Frankenstein&#8221;: qu\u00e3o perigosa \u00e9 e quais os sintomas da nova variante da Covid-19?"},"content":{"rendered":"<p>\n  De&amp;nbsp<b>Euronews<\/b>\n<\/p>\n<p>\n                    Publicado a                 27\/10\/2025 &#8211; 16:32 GMT+1<br \/>\n                \u2022\u00daltimas not\u00edcias<br \/>\n                                     17:07\n                                        <\/p>\n<p>Como acontece todos os anos, est\u00e3o a circular novas variantes do SARS-CoV-2 que causam infe\u00e7\u00f5es respirat\u00f3rias.<\/p>\n<p>A variante XFG, atualmente predominante, \u00e9 muitas vezes referida nos meios de comunica\u00e7\u00e3o social como a &#8220;variante Frankenstein&#8221;, que tem como sintoma t\u00edpico a chamada &#8220;garganta de l\u00e2mina de barbear&#8221;. Os m\u00e9dicos relatam que os doentes se queixam de dores de garganta extremamente fortes &#8211; t\u00e3o fortes que parecem estar a engolir l\u00e2minas de barbear.<\/p>\n<p>V\u00e1rios meios de comunica\u00e7\u00e3o social deram conta deste quadro nos \u00faltimos dias.<\/p>\n<p>A Organiza\u00e7\u00e3o Mundial de Sa\u00fade (OMS) classificou oficialmente a variante atual como uma &#8220;Variante sob Monitoriza\u00e7\u00e3o&#8221; (VUM) em 23 de maio de 2025. Espalhou-se rapidamente na China e, em poucas semanas, representava 10% ou mais dos casos registados em todo o mundo.<\/p>\n<p>Quais s\u00e3o ent\u00e3o as carater\u00edsticas especiais da variante &#8220;Frankenstein&#8221;? O nome cient\u00edfico \u00e9 XFG ou &#8220;stratus&#8221;.<\/p>\n<p>Na Alemanha e noutros pa\u00edses europeus, a XFG tem sido cada vez mais dominante desde meados de 2025.<\/p>\n<p>De acordo com o Instituto Robert Koch (RKI), 71% das 49 amostras de coronav\u00edrus analisadas entre 22 e 28 de setembro de 2025 (semana de calend\u00e1rio 39) eram da linhagem XFG. Qualquer pessoa que esteja atualmente infetada com a Covid, tem, portanto, maior probabilidade de estar infetada com a XFG ou &#8220;variante Frankenstein&#8221;.<\/p>\n<p>Novas infe\u00e7\u00f5es a um n\u00edvel muito mais baixo<\/p>\n<p>Na semana de 6 a 12 de outubro, foram notificados ao RKI, at\u00e9 \u00e0 data, cerca de 6 440 casos de Covid-19 confirmados em laborat\u00f3rio.<\/p>\n<p>Em compara\u00e7\u00e3o, registaram-se cerca de 11 570 casos em meados de outubro de 2024 &#8211; quase o dobro do n\u00famero atual. Em meados de outubro de 2020, foram registadas mais de 7 000 novas infec\u00e7\u00f5es num s\u00f3 dia e, no final do mesmo m\u00eas, o n\u00famero de casos di\u00e1rios tinha aumentado para mais de 19 000.<\/p>\n<p><strong>Porqu\u00ea &#8220;variante Frankenstein&#8221;?<\/strong><\/p>\n<p>O XFG \u00e9 uma recombina\u00e7\u00e3o &#8211; ou seja, uma mistura das duas linhagens de v\u00edrus anteriores LF.7 e LP.8.1.2. \u00c0 semelhan\u00e7a do monstro de Frankenstein, que foi montado a partir de diferentes partes do corpo, o XFG combina partes de diferentes linhas de v\u00edrus.<\/p>\n<p>No entanto, a recombina\u00e7\u00e3o \u00e9, de facto, completamente normal nos v\u00edrus.<\/p>\n<p>O termo &#8220;Frankenstein&#8221; foi utilizado pela primeira vez em 2021 pelo virologista sul-africano Alex Sigal para descrever o grande n\u00famero de muta\u00e7\u00f5es na variante Omikron. Esta compara\u00e7\u00e3o foi mais tarde retomada por tabl\u00f3ides brit\u00e2nicos como o Daily Mail e o The Sun. Entretanto, o nome tamb\u00e9m se imp\u00f4s nos meios de comunica\u00e7\u00e3o social alem\u00e3es.<\/p>\n<p><strong>XFG \u00e9 de risco baixo, segundo OMS e Instituto Robert Koch<\/strong><\/p>\n<p>A prop\u00f3sito, n\u00e3o h\u00e1 provas claras de que a &#8220;sensa\u00e7\u00e3o de l\u00e2mina de barbear&#8221; na garganta ocorra efetivamente com mais frequ\u00eancia com a XFG.<\/p>\n<p>Sintomas como dores de garganta fortes e rouquid\u00e3o <strong>n\u00e3o<\/strong> s\u00e3o <strong>espec\u00edficos<\/strong> das variantes da COVID-19 &#8211; tamb\u00e9m podem ocorrer com outras infe\u00e7\u00f5es respirat\u00f3rias. \u00c9 quase imposs\u00edvel distinguir de forma fi\u00e1vel entre a Covid-19 e, por exemplo, a gripe com base apenas nos sintomas.<\/p>\n","protected":false},"excerpt":{"rendered":"De&amp;nbspEuronews Publicado a 27\/10\/2025 &#8211; 16:32 GMT+1 \u2022\u00daltimas not\u00edcias 17:07 Como acontece todos os anos, est\u00e3o a circular&hellip;\n","protected":false},"author":2,"featured_media":129501,"comment_status":"","ping_status":"","sticky":false,"template":"","format":"standard","meta":{"footnotes":""},"categories":[8],"tags":[27,28,2641,4357,15,16,14,25,26,21,22,12,13,19,20,32,23,24,33,117,17,18,29,30,31],"class_list":{"0":"post-129500","1":"post","2":"type-post","3":"status-publish","4":"format-standard","5":"has-post-thumbnail","7":"category-principais-noticias","8":"tag-breaking-news","9":"tag-breakingnews","10":"tag-covid-19","11":"tag-doenca","12":"tag-featured-news","13":"tag-featurednews","14":"tag-headlines","15":"tag-latest-news","16":"tag-latestnews","17":"tag-main-news","18":"tag-mainnews","19":"tag-news","20":"tag-noticias","21":"tag-noticias-principais","22":"tag-noticiasprincipais","23":"tag-portugal","24":"tag-principais-noticias","25":"tag-principaisnoticias","26":"tag-pt","27":"tag-saude","28":"tag-top-stories","29":"tag-topstories","30":"tag-ultimas","31":"tag-ultimas-noticias","32":"tag-ultimasnoticias"},"share_on_mastodon":{"url":"https:\/\/pubeurope.com\/@pt\/115450604816694645","error":""},"_links":{"self":[{"href":"https:\/\/www.europesays.com\/pt\/wp-json\/wp\/v2\/posts\/129500","targetHints":{"allow":["GET"]}}],"collection":[{"href":"https:\/\/www.europesays.com\/pt\/wp-json\/wp\/v2\/posts"}],"about":[{"href":"https:\/\/www.europesays.com\/pt\/wp-json\/wp\/v2\/types\/post"}],"author":[{"embeddable":true,"href":"https:\/\/www.europesays.com\/pt\/wp-json\/wp\/v2\/users\/2"}],"replies":[{"embeddable":true,"href":"https:\/\/www.europesays.com\/pt\/wp-json\/wp\/v2\/comments?post=129500"}],"version-history":[{"count":0,"href":"https:\/\/www.europesays.com\/pt\/wp-json\/wp\/v2\/posts\/129500\/revisions"}],"wp:featuredmedia":[{"embeddable":true,"href":"https:\/\/www.europesays.com\/pt\/wp-json\/wp\/v2\/media\/129501"}],"wp:attachment":[{"href":"https:\/\/www.europesays.com\/pt\/wp-json\/wp\/v2\/media?parent=129500"}],"wp:term":[{"taxonomy":"category","embeddable":true,"href":"https:\/\/www.europesays.com\/pt\/wp-json\/wp\/v2\/categories?post=129500"},{"taxonomy":"post_tag","embeddable":true,"href":"https:\/\/www.europesays.com\/pt\/wp-json\/wp\/v2\/tags?post=129500"}],"curies":[{"name":"wp","href":"https:\/\/api.w.org\/{rel}","templated":true}]}}