{"id":129515,"date":"2025-10-28T07:54:10","date_gmt":"2025-10-28T07:54:10","guid":{"rendered":"https:\/\/www.europesays.com\/pt\/129515\/"},"modified":"2025-10-28T07:54:10","modified_gmt":"2025-10-28T07:54:10","slug":"lo-borges-continua-internado-em-uti-e-faz-traqueostomia","status":"publish","type":"post","link":"https:\/\/www.europesays.com\/pt\/129515\/","title":{"rendered":"L\u00f4 Borges continua internado em UTI e faz traqueostomia"},"content":{"rendered":"<p class=\"texto\">Internado desde a sexta-feira (17\/10) em Unidade de Terapia Intensiva (UTI) em hospital de Belo Horizonte, o cantor e compositor <strong>L\u00f4 Borges<\/strong>, 73 anos, continua sem previs\u00e3o de alta.<\/p>\n<p class=\"texto\">Segundo informa\u00e7\u00f5es da fam\u00edlia do m\u00fasico, no s\u00e1bado (25\/10) foi realizada uma traqueostomia para \u201coferecer mais conforto e manter a ventila\u00e7\u00e3o mec\u00e2nica\u201d. Ele segue est\u00e1vel, mas o quadro \u00e9 grave, tamb\u00e9m de acordo com a fam\u00edlia.<\/p>\n<p class=\"texto\">O m\u00fasico passou mal h\u00e1 dez dias em decorr\u00eancia de intoxica\u00e7\u00e3o medicamentosa.\u00a0<\/p>\n<p class=\"texto\">Sua agenda est\u00e1 suspensa. No s\u00e1bado ele foi substitu\u00eddo por Wagner Tiso no show \u201cEsquinas e can\u00e7\u00f5es\u201d, em Bras\u00edlia. Ao lado de Beto Guedes, L\u00f4 vinha rodando o pa\u00eds com este show.\u00a0<\/p>\n<p class=\"texto\">Em agosto ele lan\u00e7ou o \u00e1lbum \u201cC\u00e9u de giz \u2013 L\u00f4 Borges convida Zeca Baleiro\u201d, com 10 can\u00e7\u00f5es in\u00e9ditas, melodias dele e letras do compositor maranhense. Desde 2019, sem nenhum hiato, L\u00f4 vem lan\u00e7ando um \u00e1lbum de in\u00e9ditas por ano, sempre com letras de um \u00fanico parceiro.<\/p>\n<ul>\n<li><a href=\"https:\/\/wa.me\/?text=L%C3%B4+Borges+continua+internado+em+UTI+e+faz+traqueostomia%20https:\/\/www.correiobraziliense.com.br\/diversao-e-arte\/2025\/10\/7279893-lo-borges-continua-internado-em-uti-e-faz-traqueostomia.html\" target=\"_blank\" title=\"Whatsapp\" aria-label=\"WhatsApp\" rel=\"nofollow noopener\"><\/a><\/li>\n<li><a href=\"https:\/\/www.facebook.com\/sharer.php?u=https:\/\/www.correiobraziliense.com.br%2Fdiversao-e-arte%2F2025%2F10%2F7279893-lo-borges-continua-internado-em-uti-e-faz-traqueostomia.html&amp;text=L%C3%B4+Borges+continua+internado+em+UTI+e+faz+traqueostomia\" target=\"_blank\" title=\"Facebook\" aria-label=\"Facebook\" rel=\"nofollow noopener\"><\/a><\/li>\n<li><a href=\"https:\/\/twitter.com\/intent\/tweet?url=https:\/\/www.correiobraziliense.com.br%2Fdiversao-e-arte%2F2025%2F10%2F7279893-lo-borges-continua-internado-em-uti-e-faz-traqueostomia.html&amp;text=L%C3%B4+Borges+continua+internado+em+UTI+e+faz+traqueostomia\" target=\"_blank\" title=\"Twitter\" aria-label=\"Twitter\" rel=\"nofollow noopener\"><\/a><\/li>\n<li><a href=\"https:\/\/profile.google.com\/cp\/CgovbS8wNzZ0dms1\" title=\"Google Discover\" target=\"_blank\" aria-label=\"Google Discover\" rel=\"nofollow noopener\"><img decoding=\"async\" src=\"https:\/\/www.europesays.com\/pt\/wp-content\/uploads\/2025\/10\/1761263228_86_google-discover-icon.png\" style=\"height: 25px; margin: 0 !important; margin-left: 3px;\" alt=\"Google Discover Icon\"\/><\/a><\/li>\n<\/ul>\n<p>                          <script async src=\"https:\/\/platform.twitter.com\/widgets.js\" charset=\"utf-8\"><\/script><\/p>\n","protected":false},"excerpt":{"rendered":"Internado desde a sexta-feira (17\/10) em Unidade de Terapia Intensiva (UTI) em hospital de Belo Horizonte, o cantor&hellip;\n","protected":false},"author":2,"featured_media":129516,"comment_status":"","ping_status":"","sticky":false,"template":"","format":"standard","meta":{"footnotes":""},"categories":[145],"tags":[528,211,210,114,115,32,33,117],"class_list":{"0":"post-129515","1":"post","2":"type-post","3":"status-publish","4":"format-standard","5":"has-post-thumbnail","7":"category-celebridades","8":"tag-artista","9":"tag-celebridades","10":"tag-celebrities","11":"tag-entertainment","12":"tag-entretenimento","13":"tag-portugal","14":"tag-pt","15":"tag-saude"},"share_on_mastodon":{"url":"https:\/\/pubeurope.com\/@pt\/115450718809291133","error":""},"_links":{"self":[{"href":"https:\/\/www.europesays.com\/pt\/wp-json\/wp\/v2\/posts\/129515","targetHints":{"allow":["GET"]}}],"collection":[{"href":"https:\/\/www.europesays.com\/pt\/wp-json\/wp\/v2\/posts"}],"about":[{"href":"https:\/\/www.europesays.com\/pt\/wp-json\/wp\/v2\/types\/post"}],"author":[{"embeddable":true,"href":"https:\/\/www.europesays.com\/pt\/wp-json\/wp\/v2\/users\/2"}],"replies":[{"embeddable":true,"href":"https:\/\/www.europesays.com\/pt\/wp-json\/wp\/v2\/comments?post=129515"}],"version-history":[{"count":0,"href":"https:\/\/www.europesays.com\/pt\/wp-json\/wp\/v2\/posts\/129515\/revisions"}],"wp:featuredmedia":[{"embeddable":true,"href":"https:\/\/www.europesays.com\/pt\/wp-json\/wp\/v2\/media\/129516"}],"wp:attachment":[{"href":"https:\/\/www.europesays.com\/pt\/wp-json\/wp\/v2\/media?parent=129515"}],"wp:term":[{"taxonomy":"category","embeddable":true,"href":"https:\/\/www.europesays.com\/pt\/wp-json\/wp\/v2\/categories?post=129515"},{"taxonomy":"post_tag","embeddable":true,"href":"https:\/\/www.europesays.com\/pt\/wp-json\/wp\/v2\/tags?post=129515"}],"curies":[{"name":"wp","href":"https:\/\/api.w.org\/{rel}","templated":true}]}}