{"id":129522,"date":"2025-10-28T08:06:08","date_gmt":"2025-10-28T08:06:08","guid":{"rendered":"https:\/\/www.europesays.com\/pt\/129522\/"},"modified":"2025-10-28T08:06:08","modified_gmt":"2025-10-28T08:06:08","slug":"militar-da-gnr-morreu-em-colisao-entre-embarcacoes-no-rio-guadiana","status":"publish","type":"post","link":"https:\/\/www.europesays.com\/pt\/129522\/","title":{"rendered":"Militar da GNR morreu em colis\u00e3o entre embarca\u00e7\u00f5es no rio Guadiana"},"content":{"rendered":"<p>&#13;<br \/>\nO acidente aconteceu na zona de Alcoutim, distrito de Faro, numa opera\u00e7\u00e3o da Unidade de Controlo Costeiro da GNR.&#13;\n<\/p>\n<p>&#13;<br \/>\nA lancha suspeita de transportar droga do norte de \u00c1frica para a Europa chocou com a embarca\u00e7\u00e3o da GNR durante a persegui\u00e7\u00e3o e houve um inc\u00eandio que ter\u00e1 come\u00e7ado na lancha.\u00a0&#13;\n<\/p>\n<p>&#13;<br \/>\nO acidente provocou a morte de um GNR e deixou mais tr\u00eas elementos da Guarda feridos.\u00a0&#13;\n<\/p>\n<p>&#13;<br \/>\nA lancha suspeita faria parte de uma rota habitual de tr\u00e1fico de Haxixe entre Marrocos e a Europa, utilizando as costas portuguesa e espanhola.\u00a0&#13;<\/p>\n","protected":false},"excerpt":{"rendered":"&#13; O acidente aconteceu na zona de Alcoutim, distrito de Faro, numa opera\u00e7\u00e3o da Unidade de Controlo Costeiro&hellip;\n","protected":false},"author":2,"featured_media":129523,"comment_status":"","ping_status":"","sticky":false,"template":"","format":"standard","meta":{"footnotes":""},"categories":[10],"tags":[27,28,15,16,29444,14,25,26,21,22,12,13,19,20,32,23,24,33,5565,17,18,29,30,31],"class_list":{"0":"post-129522","1":"post","2":"type-post","3":"status-publish","4":"format-standard","5":"has-post-thumbnail","7":"category-portugal","8":"tag-breaking-news","9":"tag-breakingnews","10":"tag-featured-news","11":"tag-featurednews","12":"tag-guadiana","13":"tag-headlines","14":"tag-latest-news","15":"tag-latestnews","16":"tag-main-news","17":"tag-mainnews","18":"tag-news","19":"tag-noticias","20":"tag-noticias-principais","21":"tag-noticiasprincipais","22":"tag-portugal","23":"tag-principais-noticias","24":"tag-principaisnoticias","25":"tag-pt","26":"tag-republicana","27":"tag-top-stories","28":"tag-topstories","29":"tag-ultimas","30":"tag-ultimas-noticias","31":"tag-ultimasnoticias"},"share_on_mastodon":{"url":"https:\/\/pubeurope.com\/@pt\/115450765868642328","error":""},"_links":{"self":[{"href":"https:\/\/www.europesays.com\/pt\/wp-json\/wp\/v2\/posts\/129522","targetHints":{"allow":["GET"]}}],"collection":[{"href":"https:\/\/www.europesays.com\/pt\/wp-json\/wp\/v2\/posts"}],"about":[{"href":"https:\/\/www.europesays.com\/pt\/wp-json\/wp\/v2\/types\/post"}],"author":[{"embeddable":true,"href":"https:\/\/www.europesays.com\/pt\/wp-json\/wp\/v2\/users\/2"}],"replies":[{"embeddable":true,"href":"https:\/\/www.europesays.com\/pt\/wp-json\/wp\/v2\/comments?post=129522"}],"version-history":[{"count":0,"href":"https:\/\/www.europesays.com\/pt\/wp-json\/wp\/v2\/posts\/129522\/revisions"}],"wp:featuredmedia":[{"embeddable":true,"href":"https:\/\/www.europesays.com\/pt\/wp-json\/wp\/v2\/media\/129523"}],"wp:attachment":[{"href":"https:\/\/www.europesays.com\/pt\/wp-json\/wp\/v2\/media?parent=129522"}],"wp:term":[{"taxonomy":"category","embeddable":true,"href":"https:\/\/www.europesays.com\/pt\/wp-json\/wp\/v2\/categories?post=129522"},{"taxonomy":"post_tag","embeddable":true,"href":"https:\/\/www.europesays.com\/pt\/wp-json\/wp\/v2\/tags?post=129522"}],"curies":[{"name":"wp","href":"https:\/\/api.w.org\/{rel}","templated":true}]}}