{"id":129577,"date":"2025-10-28T09:22:17","date_gmt":"2025-10-28T09:22:17","guid":{"rendered":"https:\/\/www.europesays.com\/pt\/129577\/"},"modified":"2025-10-28T09:22:17","modified_gmt":"2025-10-28T09:22:17","slug":"primeiro-trailer-da-terceira-temporada-de-taxi-driver-e-divulgado","status":"publish","type":"post","link":"https:\/\/www.europesays.com\/pt\/129577\/","title":{"rendered":"Primeiro trailer da terceira temporada de &#8216;Taxi Driver&#8217; \u00e9 divulgado"},"content":{"rendered":"<p>CHEGANDO! A terceira temporada do <a href=\"https:\/\/recreio.com.br\/tags\/dorama\" target=\"_blank\" rel=\"noopener nofollow\">dorama<\/a> policial \u2018Taxi Driver\u2019, conhecido nas plataformas de streaming brasileiras como \u2018O Motorista de T\u00e1xi\u2019, est\u00e1 perto de estrear. Nesta segunda-feira, 27, o primeiro trailer oficial da produ\u00e7\u00e3o foi divulgado pela emissora sul-coreana SBS. Confira!<\/p>\n<p>O drama que foi considerado uma os cinco mais assistidos em 2023 posterior ao lan\u00e7amento da segunda leva de epis\u00f3dios e respons\u00e1vel pelo alcan\u00e7ar uma classifica\u00e7\u00e3o de audi\u00eancia m\u00e1xima nacional de 21%, segundo dados do <a href=\"https:\/\/www.nielsen.com\/about-us\/locations\/south-korea\/\" target=\"_blank\" rel=\"noopener nofollow\">Nielsen Korea<\/a>, retorna com a continua\u00e7\u00e3o em 16 cap\u00edtulos lan\u00e7ados semanalmente entre os dias 21 de novembro e 10 de janeiro na Rakuten Viki e Kocowa, no Brasil.<\/p>\n<p> Qual o enredo da 3\u00aa temporada? <\/p>\n<p>No triplo lan\u00e7amento da s\u00e9rie, o enredo assinado por <strong>Oh Sang Ho<\/strong>, seguir\u00e1 uma investiga\u00e7\u00e3o de cunho internacional contra o tr\u00e1fico global de pessoas e organiza\u00e7\u00f5es ilegais de empr\u00e9stimos privados. Seguindo os eventos do desmanche da rede ilegal de jogos de azar no Vietn\u00e3 na \u00faltima temporada, \u2018<a href=\"https:\/\/en.wikipedia.org\/wiki\/Taxi_Driver_(South_Korean_TV_series)\" target=\"_blank\" rel=\"noopener nofollow\">Taxi Driver<\/a>\u2018 agora foca no combate ao crime que atravessa as fronteiras entre na\u00e7\u00f5es.<\/p>\n<p>A nova trama traz destaque na abordagem de quest\u00f5es reais dos criminosos mais perigosos para a seguran\u00e7a global, como agiotas ilegais, tr\u00e1fico de pessoas e golpes de emprego no exterior.<\/p>\n<p> Sobre Taxi Driver <\/p>\n<p>Baseado no webtoon \u201cThe Deluxe Taxi (Red Cage)\u201d, de\u00a0<strong>Carlos<\/strong>\u00a0e\u00a0<strong>Lee Jae Jin,\u00a0<\/strong>\u2018Taxi Driver\u2019 foi dirigida por quatro cineastas, com <strong>Park Joon Woo<\/strong>\u00a0\u00e0 frente da primeira temporada,\u00a0<strong>Lee Dan<\/strong>\u00a0e\u00a0<strong>Jang Young Seok<\/strong>\u00a0comandando a segunda demanda de epis\u00f3dios e agora, para a nova fase do k-drama,\u00a0<strong>Kang Bo Seung<\/strong> \u00e9 quem assume a produ\u00e7\u00e3o <a href=\"https:\/\/recreio.com.br\/noticias\/entretenimento\/5-doramas-sobre-policiais-e-detetives.phtml\" target=\"_blank\" rel=\"noopener nofollow\" data-mrf-link=\"https:\/\/recreio.com.br\/noticias\/entretenimento\/5-doramas-sobre-policiais-e-detetives.phtml\">policial.<\/a><\/p>\n<p>O elenco do seriado conta com o retorno do protagonista <a href=\"https:\/\/www.instagram.com\/leejehoon_official\/?hl=en\" target=\"_blank\" rel=\"noopener nofollow\"><strong>Lee Jae Hoon<\/strong><\/a> como Kim Do Gi, al\u00e9m dos integrantes da equipe Rainbow Transport: CEO Jang vivido por <strong>Kim Eui Sung<\/strong>, o hacker Ahn Go Eun interpretado por <strong>Pyo Ye Jin<\/strong>, o mec\u00e2nico Choi Kyung Gu que t\u00eam o papel assumido por <strong>Jang Hyuk Jin<\/strong> e o especialista em seguran\u00e7a Park Jin Eon sendo<strong> Bae Yoo Ram.<\/strong><\/p>\n<p>\t                                            <script async src=\"\/\/www.instagram.com\/embed.js\"><\/script><\/p>\n","protected":false},"excerpt":{"rendered":"CHEGANDO! A terceira temporada do dorama policial \u2018Taxi Driver\u2019, conhecido nas plataformas de streaming brasileiras como \u2018O Motorista&hellip;\n","protected":false},"author":2,"featured_media":129578,"comment_status":"","ping_status":"","sticky":false,"template":"","format":"standard","meta":{"footnotes":"","_share_on_mastodon":"0"},"categories":[142],"tags":[2081,114,115,3091,13832,32,33,29458,151],"class_list":["post-129577","post","type-post","status-publish","format-standard","has-post-thumbnail","category-tv","tag-dorama","tag-entertainment","tag-entretenimento","tag-k-drama","tag-o-motorista-de-taxi","tag-portugal","tag-pt","tag-taxi-driver","tag-tv"],"share_on_mastodon":{"url":"https:\/\/pubeurope.com\/@pt\/115451064696501097","error":""},"_links":{"self":[{"href":"https:\/\/www.europesays.com\/pt\/wp-json\/wp\/v2\/posts\/129577","targetHints":{"allow":["GET"]}}],"collection":[{"href":"https:\/\/www.europesays.com\/pt\/wp-json\/wp\/v2\/posts"}],"about":[{"href":"https:\/\/www.europesays.com\/pt\/wp-json\/wp\/v2\/types\/post"}],"author":[{"embeddable":true,"href":"https:\/\/www.europesays.com\/pt\/wp-json\/wp\/v2\/users\/2"}],"replies":[{"embeddable":true,"href":"https:\/\/www.europesays.com\/pt\/wp-json\/wp\/v2\/comments?post=129577"}],"version-history":[{"count":0,"href":"https:\/\/www.europesays.com\/pt\/wp-json\/wp\/v2\/posts\/129577\/revisions"}],"wp:featuredmedia":[{"embeddable":true,"href":"https:\/\/www.europesays.com\/pt\/wp-json\/wp\/v2\/media\/129578"}],"wp:attachment":[{"href":"https:\/\/www.europesays.com\/pt\/wp-json\/wp\/v2\/media?parent=129577"}],"wp:term":[{"taxonomy":"category","embeddable":true,"href":"https:\/\/www.europesays.com\/pt\/wp-json\/wp\/v2\/categories?post=129577"},{"taxonomy":"post_tag","embeddable":true,"href":"https:\/\/www.europesays.com\/pt\/wp-json\/wp\/v2\/tags?post=129577"}],"curies":[{"name":"wp","href":"https:\/\/api.w.org\/{rel}","templated":true}]}}