{"id":129603,"date":"2025-10-28T09:56:08","date_gmt":"2025-10-28T09:56:08","guid":{"rendered":"https:\/\/www.europesays.com\/pt\/129603\/"},"modified":"2025-10-28T09:56:08","modified_gmt":"2025-10-28T09:56:08","slug":"casa-dos-segredos-cometi-um-erro-vera-pede-desculpa-apos-partilhar-conteudo-polemico","status":"publish","type":"post","link":"https:\/\/www.europesays.com\/pt\/129603\/","title":{"rendered":"Casa dos Segredos &#8211; \u201cCometi um erro\u201d: Vera pede desculpa ap\u00f3s partilhar conte\u00fado &#8216;pol\u00e9mico&#8217;"},"content":{"rendered":"<p><strong>Vera<\/strong> foi uma das concorrentes mais pol\u00e9micas da atual edi\u00e7\u00e3o da<strong> Casa dos Segredo<\/strong>s, muito por causa dos quatro <a href=\"https:\/\/www.novagente.pt\/casa-dos-segredos-escandalo-vera-agride-dylan-com-varias-chapadas-video\" rel=\"nofollow noopener\" target=\"_blank\">estalos<\/a> que deu a <strong>Dylan <\/strong>depois do jovem\u00a0ter tocado no nome das suas filhas.<\/p>\n<p>J\u00e1 fora da casa mais vigiada do pa\u00eds, a assistente dent\u00e1ria de Vila Nova de Gaia tem estado bastante ativa nas redes sociais&#8230;\u00a0mas parece que nem sempre da melhor forma.\u00a0Recentemente, Vera partilhou conte\u00fado promocional relacionado com casinos e apostas, o que gerou uma onda de cr\u00edticas por parte dos seguidores. Confrontada com as rea\u00e7\u00f5es, decidiu pedir desculpa publicamente atrav\u00e9s do Instagram\u00a0na tarde desta segunda-feira, dia 27 de outubro.<\/p>\n<blockquote>\n<p><strong>Leia ainda: <\/strong>Casa dos Segredos &#8211; <a href=\"https:\/\/www.novagente.pt\/casa-dos-segredos-apos-ser-expulsa-por-agredir-dylan-vera-recebe-grande-noticia-da-tvi\" rel=\"nofollow noopener\" target=\"_blank\">Ap\u00f3s ser expulsa por agredir Dylan, Vera recebe grande not\u00edcia da TVI<\/a><\/p>\n<\/blockquote>\n<p>&#8220;Recentemente partilhei conte\u00fado relacionado com casinos e apostas, e <strong>ap\u00f3s refletir e me informar melhor sobre o assunto, percebi que esse tipo de partilhas n\u00e3o se alinham com os meus valores nem com a mensagem que quero transmitir aqui<\/strong>&#8220;, come\u00e7ou por escrever.<\/p>\n<p>E justificou: &#8220;Ainda sou nova neste meio das plataformas e estou constantemente a aprender. <strong>Cometi um erro ao partilhar algo sem ter plena no\u00e7\u00e3o das suas implica\u00e7\u00f5es, e por isso quero reconhecer essa falha com total transpar\u00eancia<\/strong>&#8220;.\u00a0Vera garantiu, por fim, que n\u00e3o voltar\u00e1 a divulgar &#8220;conte\u00fados com valores opostos&#8221;\u00a0aos seus.<\/p>\n<p>Bruna Gomes fala sobre Casa dos Segredos\u00a0<\/p>\n<p>Texto: Beatriz Soares; Fotos: DR e Redes Sociais.\u00a0<\/p>\n<p class=\"intagram-text\">Siga a Nova Gente no Instagram<\/p>\n<p>                        <a href=\"https:\/\/www.instagram.com\/revistanovagente\/\" target=\"_blank\" aria-label=\"instagram\" rel=\"noopener nofollow\"><img decoding=\"async\" style=\"display: block; margin-left: auto; margin-right: auto; width: 250px; height: 83px;\" src=\"https:\/\/www.europesays.com\/pt\/wp-content\/uploads\/2025\/10\/Instagram_NG.png\" alt=\"instagram\"\/><\/a><br \/>\n                    <script async src=\"\/\/www.instagram.com\/embed.js\"><\/script><\/p>\n","protected":false},"excerpt":{"rendered":"Vera foi uma das concorrentes mais pol\u00e9micas da atual edi\u00e7\u00e3o da Casa dos Segredos, muito por causa dos&hellip;\n","protected":false},"author":2,"featured_media":129604,"comment_status":"","ping_status":"","sticky":false,"template":"","format":"standard","meta":{"footnotes":""},"categories":[142],"tags":[2632,114,115,32,33,1014,1315,151,11841],"class_list":{"0":"post-129603","1":"post","2":"type-post","3":"status-publish","4":"format-standard","5":"has-post-thumbnail","7":"category-tv","8":"tag-casa-dos-segredos","9":"tag-entertainment","10":"tag-entretenimento","11":"tag-portugal","12":"tag-pt","13":"tag-reality-show","14":"tag-secret-story","15":"tag-tv","16":"tag-vera"},"share_on_mastodon":{"url":"https:\/\/pubeurope.com\/@pt\/115451198598362197","error":""},"_links":{"self":[{"href":"https:\/\/www.europesays.com\/pt\/wp-json\/wp\/v2\/posts\/129603","targetHints":{"allow":["GET"]}}],"collection":[{"href":"https:\/\/www.europesays.com\/pt\/wp-json\/wp\/v2\/posts"}],"about":[{"href":"https:\/\/www.europesays.com\/pt\/wp-json\/wp\/v2\/types\/post"}],"author":[{"embeddable":true,"href":"https:\/\/www.europesays.com\/pt\/wp-json\/wp\/v2\/users\/2"}],"replies":[{"embeddable":true,"href":"https:\/\/www.europesays.com\/pt\/wp-json\/wp\/v2\/comments?post=129603"}],"version-history":[{"count":0,"href":"https:\/\/www.europesays.com\/pt\/wp-json\/wp\/v2\/posts\/129603\/revisions"}],"wp:featuredmedia":[{"embeddable":true,"href":"https:\/\/www.europesays.com\/pt\/wp-json\/wp\/v2\/media\/129604"}],"wp:attachment":[{"href":"https:\/\/www.europesays.com\/pt\/wp-json\/wp\/v2\/media?parent=129603"}],"wp:term":[{"taxonomy":"category","embeddable":true,"href":"https:\/\/www.europesays.com\/pt\/wp-json\/wp\/v2\/categories?post=129603"},{"taxonomy":"post_tag","embeddable":true,"href":"https:\/\/www.europesays.com\/pt\/wp-json\/wp\/v2\/tags?post=129603"}],"curies":[{"name":"wp","href":"https:\/\/api.w.org\/{rel}","templated":true}]}}