{"id":12961,"date":"2025-08-02T13:52:18","date_gmt":"2025-08-02T13:52:18","guid":{"rendered":"https:\/\/www.europesays.com\/pt\/12961\/"},"modified":"2025-08-02T13:52:18","modified_gmt":"2025-08-02T13:52:18","slug":"segredo-de-afonso-vira-arma-de-celina-contra-maria-de-fatima","status":"publish","type":"post","link":"https:\/\/www.europesays.com\/pt\/12961\/","title":{"rendered":"segredo de Afonso vira arma de Celina contra Maria de F\u00e1tima"},"content":{"rendered":"<p>                        <a href=\"https:\/\/img.nsctotal.com.br\/wp-content\/uploads\/2025\/08\/Segredo-de-Afonso-vira-trunfo-de-Celina-contra-Maria-de-Fatima-em-Vale-Tudo.jpg\" data-caption=\"Segredo de Afonso vira trunfo de Celina contra Maria de F\u00e1tima em Vale Tudo\" aria-label=\"Segredo de Afonso vira trunfo de Celina contra Maria de F\u00e1tima em Vale Tudo\" rel=\"nofollow noopener\" target=\"_blank\"><img width=\"944\" height=\"531\" src=\"https:\/\/www.europesays.com\/pt\/wp-content\/uploads\/2025\/08\/Segredo-de-Afonso-vira-trunfo-de-Celina-contra-Maria-de-Fatima-em-Vale-Tudo-944x531.jpg\" class=\"attachment-custom-large size-custom-large article-featured-image\" alt=\"Segredo de Afonso vira trunfo de Celina contra Maria de F\u00e1tima em Vale Tudo\" fetchpriority=\"high\" decoding=\"async\"  \/><\/a><\/p>\n<p>Segredo de Afonso vira trunfo de Celina contra Maria de F\u00e1tima em Vale Tudo (Fotos: Reprodu\u00e7\u00e3o, TV Globo)<\/p>\n<p>A rivalidade entre Celina (Malu Galli) e Maria de F\u00e1tima (Bella Campos) j\u00e1 deu sinais de que ser\u00e1 intensa em Vale Tudo. As duas trocaram farpas na mesa de jantar no dia em que F\u00e1tima postou um v\u00eddeo mostrando a mans\u00e3o de Celina por dentro.<\/p>\n<p>Continua depois da publicidade<\/p>\n<p>Celina pede para F\u00e1tima apagar o v\u00eddeo em sua casa e a mo\u00e7a se recusa!<\/p>\n<p>Na verdade, Celina tem o p\u00e9 atr\u00e1s com F\u00e1tima desde o dia que Raquel (Ta\u00eds Ara\u00fajo) invadiu a casa dela para rasgar o vestido de noiva da menina e falou quem era a filha de verdade. Depois disso ela ainda ficou sabendo por Cec\u00edlia (Maeve Jinkings) que foi F\u00e1tima que roubou os documentos de Sarita.<\/p>\n<p>Desde ent\u00e3o, a irm\u00e3 de Odete Roitman (Debora Bloch) sabe que a esposa do sobrinho Afonso (Humberto Carr\u00e3o) n\u00e3o \u00e9 uma santa como ela mesmo pinta. Mas agora, a tens\u00e3o entre as duas vai aumentar ainda mais.<\/p>\n<p>Troca de amea\u00e7as entre Celina e Maria de F\u00e1tima em Vale Tudo<\/p>\n<p>Nos pr\u00f3ximos cap\u00edtulos de Vale Tudo, Celina vai descobrir que Maria de F\u00e1tima est\u00e1 mentindo para Afonso. Ao confrontar a golpista, F\u00e1tima decide dar o troco mandando Marina, que trabalha na mans\u00e3o dos Roitman, investigar a patroa.<\/p>\n<p>Continua depois da publicidade<\/p>\n<p>\u00c9 quando ela descobrir\u00e1 que Celina virou s\u00f3cia de Raquel (Ta\u00eds Ara\u00fajo). E a\u00ed vai come\u00e7ar uma verdadeira troca de amea\u00e7as. Sabendo que Odete n\u00e3o vai gostar nada de saber da liga\u00e7\u00e3o de Celina com sua m\u00e3e, F\u00e1tima amea\u00e7a Celina e diz que vai revelar seu grande segredo.<\/p>\n<p>Nesse momento, F\u00e1tima j\u00e1 estar\u00e1 gr\u00e1vida de C\u00e9sar (Cau\u00e3 Reymond), e Celina devolve a amea\u00e7a dizendo que Afonso \u00e9 est\u00e9ril, que nem ele e nem Odete sabem dessa informa\u00e7\u00e3o e que ela \u00e9 que vai desmascarar Maria de F\u00e1tima na frente de todos.<\/p>\n<p>E agora, quem vai ganhar esse jogo de gato e rato de Celina e Maria de F\u00e1tima?<\/p>\n<p>Como \u00e9 a casa de Karen Brusttolin e Alexandre Nero, o Marco Aur\u00e9lio de Vale Tudo<a href=\"https:\/\/www.europesays.com\/pt\/wp-content\/uploads\/2025\/07\/Casa-de-Alexandre-Nero-o-Marco-Aurelio-de-Vale-Tudo-10.jpg\"><a href=\"https:\/\/www.europesays.com\/pt\/wp-content\/uploads\/2025\/07\/Casa-de-Alexandre-Nero-o-Marco-Aurelio-de-Vale-Tudo-10.jpg\" aria-label=\"Imagem da Galeria\"><img loading=\"lazy\" decoding=\"async\" width=\"1200\" height=\"675\" data-id=\"7591569\" src=\"https:\/\/www.europesays.com\/pt\/wp-content\/uploads\/2025\/07\/Casa-de-Alexandre-Nero-o-Marco-Aurelio-de-Vale-Tudo-10.jpg\" alt=\"Casa de Alexandre Nero o Marco Aur\u00e9lio de Vale Tudo (10)\" class=\"wp-image-7591569\"  \/><\/a><\/p>\n<p>Alexandre Nero e Karen Brusttolin abrem as portas da casa (Foto: Reprodu\u00e7\u00e3o, Redes Sociais, Casa e Jardim)<\/p>\n<p><a href=\"https:\/\/www.europesays.com\/pt\/wp-content\/uploads\/2025\/07\/1753930568_918_Casa-de-Alexandre-Nero-o-Marco-Aurelio-de-Vale-Tudo.jpg\"><a href=\"https:\/\/www.europesays.com\/pt\/wp-content\/uploads\/2025\/07\/1753930568_918_Casa-de-Alexandre-Nero-o-Marco-Aurelio-de-Vale-Tudo.jpg\" aria-label=\"Imagem da Galeria\"><img loading=\"lazy\" decoding=\"async\" width=\"1200\" height=\"675\" data-id=\"7591577\" src=\"https:\/\/www.europesays.com\/pt\/wp-content\/uploads\/2025\/07\/1753930568_918_Casa-de-Alexandre-Nero-o-Marco-Aurelio-de-Vale-Tudo.jpg\" alt=\"\" class=\"wp-image-7591577\"  \/><\/a><\/p>\n<p>Piscina \u00e9 o ponto alto da \u00e1rea externa (Foto: Reprodu\u00e7\u00e3o, Redes Sociais, Casa e Jardim)<\/p>\n<p><a href=\"https:\/\/www.europesays.com\/pt\/wp-content\/uploads\/2025\/07\/1753930568_167_Casa-de-Alexandre-Nero-o-Marco-Aurelio-de-Vale-Tudo-7.jpg\"><a href=\"https:\/\/www.europesays.com\/pt\/wp-content\/uploads\/2025\/07\/1753930568_167_Casa-de-Alexandre-Nero-o-Marco-Aurelio-de-Vale-Tudo-7.jpg\" aria-label=\"Imagem da Galeria\"><img loading=\"lazy\" decoding=\"async\" width=\"1200\" height=\"675\" data-id=\"7591576\" src=\"https:\/\/www.europesays.com\/pt\/wp-content\/uploads\/2025\/07\/1753930568_167_Casa-de-Alexandre-Nero-o-Marco-Aurelio-de-Vale-Tudo-7.jpg\" alt=\"Casa de Alexandre Nero o Marco Aur\u00e9lio de Vale Tudo\" class=\"wp-image-7591576\"  \/><\/a><\/p>\n<p>\u00c1rea gourmet com churrasqueira (Foto: Reprodu\u00e7\u00e3o, Redes Sociais, Casa e Jardim)<\/p>\n<p><a href=\"https:\/\/www.europesays.com\/pt\/wp-content\/uploads\/2025\/07\/1753930569_799_Casa-de-Alexandre-Nero-o-Marco-Aurelio-de-Vale-Tudo-6.jpg\"><a href=\"https:\/\/www.europesays.com\/pt\/wp-content\/uploads\/2025\/07\/1753930569_799_Casa-de-Alexandre-Nero-o-Marco-Aurelio-de-Vale-Tudo-6.jpg\" aria-label=\"Imagem da Galeria\"><img loading=\"lazy\" decoding=\"async\" width=\"1200\" height=\"675\" data-id=\"7591575\" src=\"https:\/\/www.europesays.com\/pt\/wp-content\/uploads\/2025\/07\/1753930569_799_Casa-de-Alexandre-Nero-o-Marco-Aurelio-de-Vale-Tudo-6.jpg\" alt=\"\" class=\"wp-image-7591575\"  \/><\/a><\/p>\n<p>Casal gosta de curtir a casa (Foto: Reprodu\u00e7\u00e3o, Redes Sociais, Casa e Jardim)<\/p>\n<p><a href=\"https:\/\/www.europesays.com\/pt\/wp-content\/uploads\/2025\/07\/Casa-de-Alexandre-Nero-o-Marco-Aurelio-de-Vale-Tudo-5.jpg\"><a href=\"https:\/\/www.europesays.com\/pt\/wp-content\/uploads\/2025\/07\/Casa-de-Alexandre-Nero-o-Marco-Aurelio-de-Vale-Tudo-5.jpg\" aria-label=\"Imagem da Galeria\"><img loading=\"lazy\" decoding=\"async\" width=\"1200\" height=\"675\" data-id=\"7591574\" src=\"https:\/\/www.europesays.com\/pt\/wp-content\/uploads\/2025\/07\/Casa-de-Alexandre-Nero-o-Marco-Aurelio-de-Vale-Tudo-5.jpg\" alt=\"Casa de Alexandre Nero o Marco Aur\u00e9lio de Vale Tudo\" class=\"wp-image-7591574\"  \/><\/a><\/p>\n<p>Resid\u00eancia fica na Barra da Tijuca no Rio de Janeiro (Foto: Reprodu\u00e7\u00e3o, Redes Sociais, Casa e Jardim)<\/p>\n<p><a href=\"https:\/\/www.europesays.com\/pt\/wp-content\/uploads\/2025\/07\/1753930570_97_Casa-de-Alexandre-Nero-o-Marco-Aurelio-de-Vale-Tudo-4.jpg\"><a href=\"https:\/\/www.europesays.com\/pt\/wp-content\/uploads\/2025\/07\/1753930570_97_Casa-de-Alexandre-Nero-o-Marco-Aurelio-de-Vale-Tudo-4.jpg\" aria-label=\"Imagem da Galeria\"><img loading=\"lazy\" decoding=\"async\" width=\"1200\" height=\"675\" data-id=\"7591572\" src=\"https:\/\/www.europesays.com\/pt\/wp-content\/uploads\/2025\/07\/1753930570_97_Casa-de-Alexandre-Nero-o-Marco-Aurelio-de-Vale-Tudo-4.jpg\" alt=\"\" class=\"wp-image-7591572\"  \/><\/a><\/p>\n<p>A paix\u00e3o de Nero pela m\u00fasica est\u00e1 na decora\u00e7\u00e3o (Foto: Reprodu\u00e7\u00e3o, Redes Sociais, Casa e Jardim)<\/p>\n<p><a href=\"https:\/\/www.europesays.com\/pt\/wp-content\/uploads\/2025\/07\/1753930570_388_Casa-de-Alexandre-Nero-o-Marco-Aurelio-de-Vale-Tudo-3.jpg\"><a href=\"https:\/\/www.europesays.com\/pt\/wp-content\/uploads\/2025\/07\/1753930570_388_Casa-de-Alexandre-Nero-o-Marco-Aurelio-de-Vale-Tudo-3.jpg\" aria-label=\"Imagem da Galeria\"><img loading=\"lazy\" decoding=\"async\" width=\"1200\" height=\"675\" data-id=\"7591571\" src=\"https:\/\/www.europesays.com\/pt\/wp-content\/uploads\/2025\/07\/1753930570_388_Casa-de-Alexandre-Nero-o-Marco-Aurelio-de-Vale-Tudo-3.jpg\" alt=\"Casa de Alexandre Nero o Marco Aur\u00e9lio de Vale Tudo\" class=\"wp-image-7591571\"  \/><\/a><\/p>\n<p>Local passou por reforma de 7 meses (Foto: Reprodu\u00e7\u00e3o, Redes Sociais, Casa e Jardim)<\/p>\n<p><a href=\"https:\/\/www.europesays.com\/pt\/wp-content\/uploads\/2025\/07\/1753930571_470_Casa-de-Alexandre-Nero-o-Marco-Aurelio-de-Vale-Tudo-2.jpg\"><a href=\"https:\/\/www.europesays.com\/pt\/wp-content\/uploads\/2025\/07\/1753930571_470_Casa-de-Alexandre-Nero-o-Marco-Aurelio-de-Vale-Tudo-2.jpg\" aria-label=\"Imagem da Galeria\"><img loading=\"lazy\" decoding=\"async\" width=\"1200\" height=\"675\" data-id=\"7591570\" src=\"https:\/\/www.europesays.com\/pt\/wp-content\/uploads\/2025\/07\/1753930571_470_Casa-de-Alexandre-Nero-o-Marco-Aurelio-de-Vale-Tudo-2.jpg\" alt=\"\" class=\"wp-image-7591570\"  \/><\/a><\/p>\n<p>Lembra uma casa de campo, mas no meio da cidade (Foto: Reprodu\u00e7\u00e3o, Redes Sociais, Casa e Jardim)<\/p>\n<p><a href=\"https:\/\/www.europesays.com\/pt\/wp-content\/uploads\/2025\/07\/Casa-de-Alexandre-Nero-o-Marco-Aurelio-de-Vale-Tudo-9.jpg\"><a href=\"https:\/\/www.europesays.com\/pt\/wp-content\/uploads\/2025\/07\/Casa-de-Alexandre-Nero-o-Marco-Aurelio-de-Vale-Tudo-9.jpg\" aria-label=\"Imagem da Galeria\"><img loading=\"lazy\" decoding=\"async\" width=\"1200\" height=\"675\" data-id=\"7591568\" src=\"https:\/\/www.europesays.com\/pt\/wp-content\/uploads\/2025\/07\/Casa-de-Alexandre-Nero-o-Marco-Aurelio-de-Vale-Tudo-9.jpg\" alt=\"Casa de Alexandre Nero o Marco Aur\u00e9lio de Vale Tudo\" class=\"wp-image-7591568\"  \/><\/a><\/p>\n<p>Fotos e objetos afetivos fazem parte da decora\u00e7\u00e3o (Foto: Reprodu\u00e7\u00e3o, Redes Sociais, Casa e Jardim)<\/p>\n<p><a href=\"https:\/\/www.europesays.com\/pt\/wp-content\/uploads\/2025\/07\/1753930571_796_Casa-de-Alexandre-Nero-o-Marco-Aurelio-de-Vale-Tudo-8.jpg\"><a href=\"https:\/\/www.europesays.com\/pt\/wp-content\/uploads\/2025\/07\/1753930571_796_Casa-de-Alexandre-Nero-o-Marco-Aurelio-de-Vale-Tudo-8.jpg\" aria-label=\"Imagem da Galeria\"><img loading=\"lazy\" decoding=\"async\" width=\"1200\" height=\"675\" data-id=\"7591566\" src=\"https:\/\/www.europesays.com\/pt\/wp-content\/uploads\/2025\/07\/1753930571_796_Casa-de-Alexandre-Nero-o-Marco-Aurelio-de-Vale-Tudo-8.jpg\" alt=\"\" class=\"wp-image-7591566\"  \/><\/a><\/p>\n<p>A varanda \u00e9 um dos locais mais frequentados (Foto: Reprodu\u00e7\u00e3o, Redes Sociais, Casa e Jardim)<\/p>\n<p>VoltarAvan\u00e7ar<\/p>\n<p>Continua depois da publicidade<\/p>\n<p>E j\u00e1 que estamos falando da novela, veja <strong><a href=\"https:\/\/www.nsctotal.com.br\/noticias\/a-frase-de-heleninha-que-muda-tudo-em-vale-tudo-e-pega-ivan-de-surpresa\" target=\"_blank\" rel=\"noreferrer noopener nofollow\">a frase de Heleninha que muda tudo em Vale Tudo e pega Ivan de surpresa<\/a><\/strong> e <strong><a href=\"https:\/\/www.nsctotal.com.br\/noticias\/figurinista-de-vale-tudo-explica-por-que-as-roupas-de-solange-duprat-foram-o-maior-desafio\" target=\"_blank\" rel=\"noreferrer noopener nofollow\">figurinista de Vale Tudo explica por que as roupas de Solange Duprat foram o maior desafio<\/a><\/strong>.<\/p>\n","protected":false},"excerpt":{"rendered":"Segredo de Afonso vira trunfo de Celina contra Maria de F\u00e1tima em Vale Tudo (Fotos: Reprodu\u00e7\u00e3o, TV Globo)&hellip;\n","protected":false},"author":2,"featured_media":12962,"comment_status":"","ping_status":"","sticky":false,"template":"","format":"standard","meta":{"footnotes":""},"categories":[142],"tags":[114,115,32,33,151,543],"class_list":{"0":"post-12961","1":"post","2":"type-post","3":"status-publish","4":"format-standard","5":"has-post-thumbnail","7":"category-tv","8":"tag-entertainment","9":"tag-entretenimento","10":"tag-portugal","11":"tag-pt","12":"tag-tv","13":"tag-ver-ouvir-ler"},"share_on_mastodon":{"url":"","error":""},"_links":{"self":[{"href":"https:\/\/www.europesays.com\/pt\/wp-json\/wp\/v2\/posts\/12961","targetHints":{"allow":["GET"]}}],"collection":[{"href":"https:\/\/www.europesays.com\/pt\/wp-json\/wp\/v2\/posts"}],"about":[{"href":"https:\/\/www.europesays.com\/pt\/wp-json\/wp\/v2\/types\/post"}],"author":[{"embeddable":true,"href":"https:\/\/www.europesays.com\/pt\/wp-json\/wp\/v2\/users\/2"}],"replies":[{"embeddable":true,"href":"https:\/\/www.europesays.com\/pt\/wp-json\/wp\/v2\/comments?post=12961"}],"version-history":[{"count":0,"href":"https:\/\/www.europesays.com\/pt\/wp-json\/wp\/v2\/posts\/12961\/revisions"}],"wp:featuredmedia":[{"embeddable":true,"href":"https:\/\/www.europesays.com\/pt\/wp-json\/wp\/v2\/media\/12962"}],"wp:attachment":[{"href":"https:\/\/www.europesays.com\/pt\/wp-json\/wp\/v2\/media?parent=12961"}],"wp:term":[{"taxonomy":"category","embeddable":true,"href":"https:\/\/www.europesays.com\/pt\/wp-json\/wp\/v2\/categories?post=12961"},{"taxonomy":"post_tag","embeddable":true,"href":"https:\/\/www.europesays.com\/pt\/wp-json\/wp\/v2\/tags?post=12961"}],"curies":[{"name":"wp","href":"https:\/\/api.w.org\/{rel}","templated":true}]}}