{"id":129687,"date":"2025-10-28T11:16:54","date_gmt":"2025-10-28T11:16:54","guid":{"rendered":"https:\/\/www.europesays.com\/pt\/129687\/"},"modified":"2025-10-28T11:16:54","modified_gmt":"2025-10-28T11:16:54","slug":"no-aniversario-do-namorado-bia-bonemer-se-declara-e-fatima-bernardes-reage-sigam","status":"publish","type":"post","link":"https:\/\/www.europesays.com\/pt\/129687\/","title":{"rendered":"No anivers\u00e1rio do namorado, Bia Bonemer se declara e F\u00e1tima Bernardes reage: &#8216;Sigam&#8217;"},"content":{"rendered":"<p>A jovem\u00a0<a href=\"https:\/\/caras.com.br\/tags\/beatriz-bonemer\" rel=\"nofollow noopener\" target=\"_blank\"><strong>Beatriz Bonemer<\/strong><\/a>, filha dos apresentadores\u00a0<a href=\"https:\/\/caras.com.br\/tags\/william-bonner\" target=\"_blank\" rel=\"noopener nofollow\" data-mrf-link=\"https:\/\/caras.com.br\/tags\/william-bonner\"><strong>William Bonner<\/strong><\/a>\u00a0e\u00a0<a href=\"https:\/\/caras.com.br\/tags\/fatima-bernardes_1\" target=\"_blank\" rel=\"noopener nofollow\" data-mrf-link=\"https:\/\/caras.com.br\/tags\/fatima-bernardes_1\"><strong>F\u00e1tima Bernardes,<\/strong><\/a> usou <a href=\"https:\/\/caras.com.br\/atualidades\/filha-de-fatima-bernardes-divide-momento-romantico-com-o-namorado-saiba-quem-e.phtml\" rel=\"nofollow noopener\" target=\"_blank\">as redes sociais<\/a> nesta segunda-feira, 27, para celebrar uma data especial: anivers\u00e1rio do namorado, o instrutor de voo\u00a0<strong>Caio Freitas<\/strong>. Nos coment\u00e1rios, F\u00e1tima fez quest\u00e3o de deixar uma mensagem carinhosa para o genro.<\/p>\n<p>Na publica\u00e7\u00e3o, ela compartilhou registros de momentos que viveu ao lado do amado e se declarou em forma de poema na legenda. \u201cEu amo seu sorriso, seu abra\u00e7o, seu beijo, seu cheiro e seus tra\u00e7os. Eu amo seu drama quando ta com fome ou quando ta carente. E amo quando fala da gente\u201d, iniciou.<\/p>\n<p>Em seguida, escreveu: \u201cEu amo seu lado sentimental e sua \u201ccara de mau\u201d. Eu amo que um dia normal com voc\u00ea \u00e9 especial. Eu amo que vc ama a flora e como ela te ama. Eu amo quando vc fala sobre aquilo que ama. Eu amo quando voc\u00ea canta e quando me leva pro samba. Eu amo ter voc\u00ea de quando deita a se levanta\u201d. <\/p>\n<p>\u201cEu amo sua simplicidade e tamb\u00e9m sua humildade. Eu amo nossa hist\u00f3ria e nossa cumplicidade. Te amar \u00e9 muito f\u00e1cil e eu poderia listar mais milhares de coisas que fazem voc\u00ea ser t\u00e3o especial. Feliz aniversario meu amor. E que seja sempre assim\u201d, disse por fim.<\/p>\n<p>Nos coment\u00e1rios, F\u00e1tima Bernardes expressou seu carinho e desejou felicidades ao genro. \u201cParab\u00e9ns, Caio, e que voc\u00eas sigam felizes e fazendo bem um ao outro\u201d. Quem tamb\u00e9m celebrou a data foi <strong>Natasha Dantas<\/strong>, atual esposa de William Bonner. \u201cAinh\u00ea voc\u00eas!\u201d, ela escreveu.<\/p>\n<p> Quem \u00e9 o namorado de Bia Bonemer? <\/p>\n<p>Bia Bonemer namora Caio Freitas, q<a href=\"https:\/\/caras.com.br\/atualidades\/genro-de-fatima-bernardes-e-piloto-de-aviao-e-nao-esconde-ser-um-rapaz-romantico.phtml\" rel=\"nofollow noopener\" target=\"_blank\">ue \u00e9 piloto de voos comerciais com licen\u00e7a para<\/a> multimotores e instrumentos. Discreto nas redes sociais, ele costuma compartilhar registros de momentos em<\/p>\n<p>Beatriz Bonemer\u00a0<a href=\"https:\/\/caras.com.br\/atualidades\/quem-e-o-namorado-da-filha-de-william-bonner-e-fatima-bernardes-caio-freitas.phtml\" target=\"_blank\" rel=\"noopener nofollow\" data-mrf-link=\"https:\/\/caras.com.br\/atualidades\/quem-e-o-namorado-da-filha-de-william-bonner-e-fatima-bernardes-caio-freitas.phtml\">assumiu publicamente a rela\u00e7\u00e3o com Caio Freitas em dezembro de 2023<\/a>, quando publicou a primeira foto com o instrutor de voo. Na ocasi\u00e3o, a herdeira dos apresentadores celebrava 1 m\u00eas de namoro.<\/p>\n<p>Leia tamb\u00e9m: <a href=\"https:\/\/caras.com.br\/atualidades\/william-bonner-revela-o-que-vai-fazer-nas-ferias-apos-deixar-o-jornal-nacional.phtml\" rel=\"nofollow noopener\" target=\"_blank\">William Bonner revela o que vai fazer nas f\u00e9rias ap\u00f3s deixar o Jornal Nacional<\/a><\/p>\n<blockquote class=\"instagram-media\" style=\"background: #FFF; border: 0; border-radius: 3px; box-shadow: 0 0 1px 0 rgba(0,0,0,0.5),0 1px 10px 0 rgba(0,0,0,0.15); margin: 1px; max-width: 540px; min-width: 326px; padding: 0; width: calc(100% - 2px);\" data-instgrm-captioned=\"\" data-instgrm-permalink=\"https:\/\/www.instagram.com\/p\/DQUXQB_jldo\/?utm_source=ig_embed&amp;utm_campaign=loading\" data-instgrm-version=\"14\"><\/blockquote>\n<p>        <a href=\"https:\/\/caras.com.br\/autor\/juliana-dracz\" rel=\"nofollow noopener\" target=\"_blank\">&#13;<br \/>\n          <img loading=\"lazy\" decoding=\"async\" alt=\"Juliana Dracz\" src=\"https:\/\/www.europesays.com\/pt\/wp-content\/uploads\/2025\/09\/436551461_2434711450057729_5105646040807821088_n_sqmd.png\" class=\"avatar avatar-115 photo rounded-circle\" height=\"115\" width=\"115\"\/>        <\/a><\/p>\n<p>Juliana Dracz \u00e9 rep\u00f3rter de conte\u00fado do site CARAS. Formada em Jornalismo pela Universidade Cat\u00f3lica de Bras\u00edlia, ela j\u00e1 trabalhou em grandes sites de entretenimento. Atualmente, escreve sobre novelas, celebridades e TV.<\/p>\n<ul class=\"terms-list post_tag list-inline\">\n<li class=\"bia-bonemer list-inline-item\">\n\t\t\t\t\t<a href=\"https:\/\/caras.com.br\/tags\/bia-bonemer\" class=\"item-category\" rel=\"nofollow noopener\" target=\"_blank\">Bia Bonemer<\/a>\n\t\t\t\t<\/li>\n<li class=\"fatima-bernardes list-inline-item\">\n\t\t\t\t\t<a href=\"https:\/\/caras.com.br\/tags\/fatima-bernardes\" class=\"item-category\" rel=\"nofollow noopener\" target=\"_blank\">fatima bernardes<\/a>\n\t\t\t\t<\/li>\n<\/ul>\n<p>\t                                            <script async src=\"\/\/www.instagram.com\/embed.js\"><\/script><\/p>\n","protected":false},"excerpt":{"rendered":"A jovem\u00a0Beatriz Bonemer, filha dos apresentadores\u00a0William Bonner\u00a0e\u00a0F\u00e1tima Bernardes, usou as redes sociais nesta segunda-feira, 27, para celebrar uma&hellip;\n","protected":false},"author":2,"featured_media":129688,"comment_status":"","ping_status":"","sticky":false,"template":"","format":"standard","meta":{"footnotes":""},"categories":[145],"tags":[29464,211,210,114,115,2229,32,33],"class_list":{"0":"post-129687","1":"post","2":"type-post","3":"status-publish","4":"format-standard","5":"has-post-thumbnail","7":"category-celebridades","8":"tag-bia-bonemer","9":"tag-celebridades","10":"tag-celebrities","11":"tag-entertainment","12":"tag-entretenimento","13":"tag-fatima-bernardes","14":"tag-portugal","15":"tag-pt"},"share_on_mastodon":{"url":"https:\/\/pubeurope.com\/@pt\/115451517287737219","error":""},"_links":{"self":[{"href":"https:\/\/www.europesays.com\/pt\/wp-json\/wp\/v2\/posts\/129687","targetHints":{"allow":["GET"]}}],"collection":[{"href":"https:\/\/www.europesays.com\/pt\/wp-json\/wp\/v2\/posts"}],"about":[{"href":"https:\/\/www.europesays.com\/pt\/wp-json\/wp\/v2\/types\/post"}],"author":[{"embeddable":true,"href":"https:\/\/www.europesays.com\/pt\/wp-json\/wp\/v2\/users\/2"}],"replies":[{"embeddable":true,"href":"https:\/\/www.europesays.com\/pt\/wp-json\/wp\/v2\/comments?post=129687"}],"version-history":[{"count":0,"href":"https:\/\/www.europesays.com\/pt\/wp-json\/wp\/v2\/posts\/129687\/revisions"}],"wp:featuredmedia":[{"embeddable":true,"href":"https:\/\/www.europesays.com\/pt\/wp-json\/wp\/v2\/media\/129688"}],"wp:attachment":[{"href":"https:\/\/www.europesays.com\/pt\/wp-json\/wp\/v2\/media?parent=129687"}],"wp:term":[{"taxonomy":"category","embeddable":true,"href":"https:\/\/www.europesays.com\/pt\/wp-json\/wp\/v2\/categories?post=129687"},{"taxonomy":"post_tag","embeddable":true,"href":"https:\/\/www.europesays.com\/pt\/wp-json\/wp\/v2\/tags?post=129687"}],"curies":[{"name":"wp","href":"https:\/\/api.w.org\/{rel}","templated":true}]}}