{"id":129816,"date":"2025-10-28T13:17:24","date_gmt":"2025-10-28T13:17:24","guid":{"rendered":"https:\/\/www.europesays.com\/pt\/129816\/"},"modified":"2025-10-28T13:17:24","modified_gmt":"2025-10-28T13:17:24","slug":"eua-vao-recolher-fotografias-e-dados-biometricos-de-estrangeiros-a-entrada-e-saida-do-pais","status":"publish","type":"post","link":"https:\/\/www.europesays.com\/pt\/129816\/","title":{"rendered":"EUA v\u00e3o recolher fotografias e dados biom\u00e9tricos de estrangeiros \u00e0 entrada e sa\u00edda do pa\u00eds"},"content":{"rendered":"<p data-remotead-prev-elm=\"true\" data-remotead-elm-id=\"inread\">Segundo uma nova regra publicada hoje por aquele departamento norte-americano, a norma entrar\u00e1 em vigor a 26 de dezembro, ap\u00f3s publica\u00e7\u00e3o no Federal Register (Registo Federal), e permitir\u00e1 \u00e0s autoridades norte-americanas recolherem dados biom\u00e9tricos, como impress\u00f5es digitais e caracter\u00edsticas faciais, de estrangeiros nos aeroportos, fronteiras terrestres e portos mar\u00edtimos quando deixarem os Estados Unidos (EUA).<\/p>\n<p>O Departamento de Seguran\u00e7a Interna argumentou que &#8220;a implementa\u00e7\u00e3o de um sistema biom\u00e9trico integrado de entrada e sa\u00edda, que compare os dados biom\u00e9tricos dos estrangeiros recolhidos \u00e0 chegada com os recolhidos \u00e0 partida, ajudar\u00e1 a responder a preocupa\u00e7\u00f5es de seguran\u00e7a nacional&#8221;.<\/p>\n<p>Entre as amea\u00e7as que o novo sistema pretende combater, a administra\u00e7\u00e3o republicana norte-americana liderada pelo Presidente Donald Trump destacou o terrorismo, o uso fraudulento de documentos de viagem, a perman\u00eancia para al\u00e9m do prazo permitido e a exist\u00eancia de informa\u00e7\u00f5es incorretas ou incompletas sobre os viajantes.<\/p>\n<p data-remotead-prev-elm=\"true\" data-remotead-elm-id=\"centro1\">&#8220;O sistema permitir\u00e1 igualmente ao Departamento de Seguran\u00e7a Interna confirmar de forma mais concreta a identidade dos estrangeiros que procurem entrar ou ser admitidos nos Estados Unidos, bem como verificar a sua sa\u00edda do pa\u00eds&#8221;, acrescentou a mesma fonte.<\/p>\n<p>A diretiva abrange todos os n\u00e3o cidad\u00e3os norte-americanos, incluindo titulares de vistos, residentes tempor\u00e1rios, trabalhadores sazonais, menores e idosos.<\/p>\n<p>O facto de estes dados serem recolhidos tamb\u00e9m \u00e0 sa\u00edda do pa\u00eds &#8220;simboliza uma mudan\u00e7a fundamental na pol\u00edtica fronteiri\u00e7a e de vigil\u00e2ncia biom\u00e9trica&#8221;, advertiu a empresa jur\u00eddica Lincoln-Goldfinch Law, com sede em Austin, Texas, num comunicado.<\/p>\n<p data-remotead-prev-elm=\"true\" data-remotead-elm-id=\"centro2\">&#8220;Quando os dados biom\u00e9tricos s\u00e3o recolhidos tanto \u00e0 entrada como \u00e0 sa\u00edda, estamos a entrar num novo paradigma de vigil\u00e2ncia que exige uma supervis\u00e3o jur\u00eddica ativa. As fam\u00edlias devem saber o que acontecer\u00e1 aos seus dados, durante quanto tempo ser\u00e3o conservados e como poder\u00e3o esclarecer eventuais equ\u00edvocos&#8221;, declarou Kate Lincoln-Goldfinch, advogada especializada em mat\u00e9rias relacionadas com imigra\u00e7\u00e3o.<\/p>\n<p>A defensora dos direitos civis considerou que &#8220;o Governo [dos Estados Unidos] n\u00e3o pode tratar todos os n\u00e3o cidad\u00e3os da mesma forma sem avaliar cada caso&#8221; e apelou a que &#8220;se garanta que a regra seja aplicada com aviso claro, salvaguardas constitucionais e a m\u00ednima interfer\u00eancia poss\u00edvel nas viagens legais&#8221;.<\/p>\n","protected":false},"excerpt":{"rendered":"Segundo uma nova regra publicada hoje por aquele departamento norte-americano, a norma entrar\u00e1 em vigor a 26 de&hellip;\n","protected":false},"author":2,"featured_media":129817,"comment_status":"","ping_status":"","sticky":false,"template":"","format":"standard","meta":{"footnotes":""},"categories":[50],"tags":[27,28,8651,413,15,16,14,25,26,21,22,62,12,13,19,20,23,24,17,18,29,30,31,63,64,65],"class_list":{"0":"post-129816","1":"post","2":"type-post","3":"status-publish","4":"format-standard","5":"has-post-thumbnail","7":"category-mundo","8":"tag-breaking-news","9":"tag-breakingnews","10":"tag-dados-biometricos","11":"tag-eua","12":"tag-featured-news","13":"tag-featurednews","14":"tag-headlines","15":"tag-latest-news","16":"tag-latestnews","17":"tag-main-news","18":"tag-mainnews","19":"tag-mundo","20":"tag-news","21":"tag-noticias","22":"tag-noticias-principais","23":"tag-noticiasprincipais","24":"tag-principais-noticias","25":"tag-principaisnoticias","26":"tag-top-stories","27":"tag-topstories","28":"tag-ultimas","29":"tag-ultimas-noticias","30":"tag-ultimasnoticias","31":"tag-world","32":"tag-world-news","33":"tag-worldnews"},"share_on_mastodon":{"url":"https:\/\/pubeurope.com\/@pt\/115451988769763496","error":""},"_links":{"self":[{"href":"https:\/\/www.europesays.com\/pt\/wp-json\/wp\/v2\/posts\/129816","targetHints":{"allow":["GET"]}}],"collection":[{"href":"https:\/\/www.europesays.com\/pt\/wp-json\/wp\/v2\/posts"}],"about":[{"href":"https:\/\/www.europesays.com\/pt\/wp-json\/wp\/v2\/types\/post"}],"author":[{"embeddable":true,"href":"https:\/\/www.europesays.com\/pt\/wp-json\/wp\/v2\/users\/2"}],"replies":[{"embeddable":true,"href":"https:\/\/www.europesays.com\/pt\/wp-json\/wp\/v2\/comments?post=129816"}],"version-history":[{"count":0,"href":"https:\/\/www.europesays.com\/pt\/wp-json\/wp\/v2\/posts\/129816\/revisions"}],"wp:featuredmedia":[{"embeddable":true,"href":"https:\/\/www.europesays.com\/pt\/wp-json\/wp\/v2\/media\/129817"}],"wp:attachment":[{"href":"https:\/\/www.europesays.com\/pt\/wp-json\/wp\/v2\/media?parent=129816"}],"wp:term":[{"taxonomy":"category","embeddable":true,"href":"https:\/\/www.europesays.com\/pt\/wp-json\/wp\/v2\/categories?post=129816"},{"taxonomy":"post_tag","embeddable":true,"href":"https:\/\/www.europesays.com\/pt\/wp-json\/wp\/v2\/tags?post=129816"}],"curies":[{"name":"wp","href":"https:\/\/api.w.org\/{rel}","templated":true}]}}