{"id":129842,"date":"2025-10-28T13:40:10","date_gmt":"2025-10-28T13:40:10","guid":{"rendered":"https:\/\/www.europesays.com\/pt\/129842\/"},"modified":"2025-10-28T13:40:10","modified_gmt":"2025-10-28T13:40:10","slug":"revolucao-total-no-leao-os-onzes-provaveis-para-o-sporting-alverca","status":"publish","type":"post","link":"https:\/\/www.europesays.com\/pt\/129842\/","title":{"rendered":"Revolu\u00e7\u00e3o total no le\u00e3o: os onzes prov\u00e1veis para o Sporting-Alverca"},"content":{"rendered":"<p>Sporting e Alverca defrontam-se na noite desta ter\u00e7a-feira, a partir das 20h15, em Alvalade, no jogo que abre a Ta\u00e7a da Liga 2025\/2026, mais precisamente os quartos de final da competi\u00e7\u00e3o.<\/p>\n<p>Para este jogo, que acontece cerca de 48 horas depois da vit\u00f3ria por 3-0 em Tondela, para a Liga, o treinador do Sporting, Rui Borges, vai fazer uma revolu\u00e7\u00e3o no onze inicial, podendo mesmo ser total a mudan\u00e7a na equipa inicial face ao jogo anterior\u2026 e at\u00e9 pode haver tempo e espa\u00e7o para estreias.<\/p>\n<p>Os habituais titulares v\u00e3o descansar, tendo at\u00e9 em conta que h\u00e1 novo Sporting-Alverca para a Liga, na sexta-feira, seguido do jogo ante a Juventus, na pr\u00f3xima ter\u00e7a-feira, em Turim, para a Liga dos Campe\u00f5es. Daniel Bragan\u00e7a e Nuno Santos j\u00e1 trabalham com bola, mas n\u00e3o dever\u00e3o ser op\u00e7\u00f5es para este jogo. Embora n\u00e3o seja de descartar totalmente que algum deles possa j\u00e1 estar no banco. Zeno Debast \u00e9, por les\u00e3o, a outra baixa nos verde e brancos.<\/p>\n<p>No Alverca, o treinador, Cust\u00f3dio Castro, tamb\u00e9m deve realizar v\u00e1rias altera\u00e7\u00f5es no onze inicial, ap\u00f3s a derrota caseira sofrida na passada sexta-feira, ante o Gil Vicente (0-4). Os ribatejanos t\u00eam v\u00e1rias aus\u00eancias para o jogo, o que dificulta a poss\u00edvel rota\u00e7\u00e3o na equipa:\u00a0Juli\u00e1n Mart\u00ednez, Stephanie Diarra, L\u00e9o Chu, Chiquinho, Isaac James, Andr\u00e9 Paulo, Tom\u00e1s Mendes e Figueiredo.<\/p>\n<p>Confira, na galeria associada, os onzes prov\u00e1veis para o Sporting-Alverca, <a href=\"https:\/\/maisfutebol.iol.pt\/jogo\/sporting\/alverca\/13826205\" target=\"_blank\" rel=\"nofollow noopener\"><strong>jogo que pode seguir, ao minuto, no Maisfutebol<\/strong><\/a>.<\/p>\n","protected":false},"excerpt":{"rendered":"Sporting e Alverca defrontam-se na noite desta ter\u00e7a-feira, a partir das 20h15, em Alvalade, no jogo que abre&hellip;\n","protected":false},"author":2,"featured_media":129843,"comment_status":"","ping_status":"","sticky":false,"template":"","format":"standard","meta":{"footnotes":""},"categories":[87],"tags":[5739,135,46,7689,32,33,47,34,29488,134,5344,29489],"class_list":{"0":"post-129842","1":"post","2":"type-post","3":"status-publish","4":"format-standard","5":"has-post-thumbnail","7":"category-desporto","8":"tag-alverca","9":"tag-desporto","10":"tag-maisfutebol","11":"tag-onzes-provaveis","12":"tag-portugal","13":"tag-pt","14":"tag-pura-paixao","15":"tag-sporting","16":"tag-sporting-alverca","17":"tag-sports","18":"tag-taca-da-liga","19":"tag-taca-liga"},"share_on_mastodon":{"url":"https:\/\/pubeurope.com\/@pt\/115452079361443664","error":""},"_links":{"self":[{"href":"https:\/\/www.europesays.com\/pt\/wp-json\/wp\/v2\/posts\/129842","targetHints":{"allow":["GET"]}}],"collection":[{"href":"https:\/\/www.europesays.com\/pt\/wp-json\/wp\/v2\/posts"}],"about":[{"href":"https:\/\/www.europesays.com\/pt\/wp-json\/wp\/v2\/types\/post"}],"author":[{"embeddable":true,"href":"https:\/\/www.europesays.com\/pt\/wp-json\/wp\/v2\/users\/2"}],"replies":[{"embeddable":true,"href":"https:\/\/www.europesays.com\/pt\/wp-json\/wp\/v2\/comments?post=129842"}],"version-history":[{"count":0,"href":"https:\/\/www.europesays.com\/pt\/wp-json\/wp\/v2\/posts\/129842\/revisions"}],"wp:featuredmedia":[{"embeddable":true,"href":"https:\/\/www.europesays.com\/pt\/wp-json\/wp\/v2\/media\/129843"}],"wp:attachment":[{"href":"https:\/\/www.europesays.com\/pt\/wp-json\/wp\/v2\/media?parent=129842"}],"wp:term":[{"taxonomy":"category","embeddable":true,"href":"https:\/\/www.europesays.com\/pt\/wp-json\/wp\/v2\/categories?post=129842"},{"taxonomy":"post_tag","embeddable":true,"href":"https:\/\/www.europesays.com\/pt\/wp-json\/wp\/v2\/tags?post=129842"}],"curies":[{"name":"wp","href":"https:\/\/api.w.org\/{rel}","templated":true}]}}