{"id":129844,"date":"2025-10-28T13:41:11","date_gmt":"2025-10-28T13:41:11","guid":{"rendered":"https:\/\/www.europesays.com\/pt\/129844\/"},"modified":"2025-10-28T13:41:11","modified_gmt":"2025-10-28T13:41:11","slug":"sesa-amplia-estrategia-de-vigilancia-e-monitoramento-do-aedes-aegypti-no-espirito-santo","status":"publish","type":"post","link":"https:\/\/www.europesays.com\/pt\/129844\/","title":{"rendered":"Sesa amplia estrat\u00e9gia de vigil\u00e2ncia e monitoramento do Aedes aegypti no Esp\u00edrito Santo"},"content":{"rendered":"<p>As a\u00e7\u00f5es de enfrentamento ao Aedes aegypti no Esp\u00edrito Santo passaram a contar, h\u00e1 pouco mais de um ano, com uma importante estrat\u00e9gia de vigil\u00e2ncia. A implementa\u00e7\u00e3o das armadilhas de oviposi\u00e7\u00e3o, tamb\u00e9m chamadas ovitrampas, j\u00e1 \u00e9 uma realidade em 34 munic\u00edpios capixabas. Neste ano, a Secretaria da Sa\u00fade (Sesa) investiu R$ 211 mil na compra de 50 mil kits, e vem trabalhando para ampliar o alcance da estrat\u00e9gia para todo o Estado.<\/p>\n<p>A metodologia da ovitrampa \u00e9 coordenada pelo Instituto Oswaldo Cruz (Fiocruz), em parceria com a Secretaria de Vigil\u00e2ncia em Sa\u00fade do Minist\u00e9rio da Sa\u00fade. A estrat\u00e9gia visa a identifica\u00e7\u00e3o das \u00e1reas de riscos por meio do monitoramento do quantitativo de ovos depositados nas armadilhas. Esse quantitativo \u00e9 um dado importante para que as vigil\u00e2ncias municipais atuem de forma assertiva nos territ\u00f3rios onde h\u00e1 maior densidade do vetor.<\/p>\n<p>A Sesa come\u00e7ou a implantar a estrat\u00e9gia em abril de 2024, em 16 munic\u00edpios. Neste ano, a secretaria j\u00e1 investiu R$ 211 mil na compra de 50 mil kits de ovitrampas, al\u00e9m do insumo utilizado para atrair o mosquito. Os kits v\u00e3o auxiliar na implementa\u00e7\u00e3o da estrat\u00e9gia em mais munic\u00edpios, assim como a manuten\u00e7\u00e3o das a\u00e7\u00f5es nos 34 munic\u00edpios que j\u00e1 contam com essa estrat\u00e9gia. Os kits s\u00e3o compostos por pote, palheta e clipe met\u00e1lico para montagem da armadilha, al\u00e9m do levedo de cerveja em p\u00f3, que \u00e9 utilizado como papel atrativo \u00e0s f\u00eameas do Aedes aegypti e\/ou Aedes albopictus.<\/p>\n<p>De acordo com Roberto Laperriere, chefe do N\u00facleo Especial de Vigil\u00e2ncia Ambiental, a estrat\u00e9gia tamb\u00e9m conta com um aplicativo, ofertado pela Fiocruz, para inser\u00e7\u00e3o das informa\u00e7\u00f5es em um sistema georreferenciado.<\/p>\n<p>\u201cA ovitrampa traz como proposta o monitoramento do vetor no territ\u00f3rio e \u00e9 uma excelente estrat\u00e9gia, mesmo em munic\u00edpios com baixo quantitativo de agentes de endemia. A ferramenta vem para auxiliar o direcionamento de a\u00e7\u00f5es mais assertivas em \u00e1reas de risco, mostrando quais s\u00e3o essas \u00e1reas, onde h\u00e1 maior densidade de ovos, fazendo com que os munic\u00edpios possam direcionar as a\u00e7\u00f5es a esses locais\u201d, informou Laperriere.<\/p>\n<p>A metodologia da ovitrampa \u00e9 uma tecnologia simples, com comprova\u00e7\u00e3o cient\u00edfica e de baixo custo. As informa\u00e7\u00f5es fornecidas pelas armadilhas direcionam a\u00e7\u00f5es capazes de auxiliar a interromper o ciclo de reprodu\u00e7\u00e3o do mosquito. \u201cA implementa\u00e7\u00e3o acontece de forma escalonada, para ir alcan\u00e7ando cada vez mais munic\u00edpios na ades\u00e3o dessa metodologia. Concomitante, realizamos o treinamento e a capacita\u00e7\u00e3o das equipes municipais\u201d, explicou Laperriere.<\/p>\n<p>\u00a0<\/p>\n<p><strong>Como funciona a ovitrampa<\/strong><\/p>\n<p>A ovitrampa comp\u00f5e a Diretriz Nacional para a Preven\u00e7\u00e3o e Controle das Arboviroses Urbanas, do Minist\u00e9rio da Sa\u00fade, como uma estrat\u00e9gia a ser adotada para a Vigil\u00e2ncia Entomol\u00f3gica do Sistema \u00danico de Sa\u00fade (SUS). A Vigil\u00e2ncia Entomol\u00f3gica trata de um conjunto de a\u00e7\u00f5es que visam identificar e monitorar, de forma oportuna e permanente, a presen\u00e7a dos vetores, os principais dep\u00f3sitos utilizados como criadouros, os n\u00edveis e locais de maior infesta\u00e7\u00e3o e a distribui\u00e7\u00e3o geogr\u00e1fica dentro do territ\u00f3rio.<\/p>\n<p>A ovitrampa funciona como uma armadilha para capturar ovos de mosquitos transmissores de arbovirose. Ela deve ser distribu\u00edda no territ\u00f3rio, seguindo defini\u00e7\u00f5es t\u00e9cnicas preconizadas pelo Minist\u00e9rio da Sa\u00fade, dependendo da capacidade operacional local.<\/p>\n<p>A palheta de coleta deve ser inspecionada e trocada periodicamente. No Estado, ela \u00e9 retirada ap\u00f3s uma semana para contagem de ovos. Ap\u00f3s esse processo, a ovitrampa \u00e9 higienizada com bucha e sab\u00e3o; \u00e9 feita uma nova mistura com levedo de cerveja e \u00e1gua e outra palheta \u00e9 colocada.<\/p>\n<p><strong>Ovitrampa no Esp\u00edrito Santo<\/strong><\/p>\n<p>A implementa\u00e7\u00e3o da vigil\u00e2ncia entomol\u00f3gica com armadilhas de oviposi\u00e7\u00e3o (ovitrampas) para o direcionamento e o monitoramento de a\u00e7\u00f5es de controle do Aedes aegypti e\/ou Aedes albopictus teve in\u00edcio em abril de 2024, em 16 munic\u00edpios capixabas.<\/p>\n<p>Atualmente, 34 munic\u00edpios do Esp\u00edrito Santo monitoram as armadilhas de oviposi\u00e7\u00e3o, abaixo listados.<\/p>\n<ul>&#13;<\/p>\n<li>Regi\u00e3o Norte de Sa\u00fade: Barra de S\u00e3o Francisco, Concei\u00e7\u00e3o da Barra, Montanha, Pedro Can\u00e1rio, Ponto Belo, S\u00e3o Mateus e Nova Ven\u00e9cia;<\/li>\n<p>&#13;<\/p>\n<li>Regi\u00e3o Central de Sa\u00fade: Linhares, Maril\u00e2ndia, Pancas, Rio Bananal, S\u00e3o Gabriel da Palha, Sooretama, S\u00e3o Domingos do Norte e Vila Val\u00e9rio;<\/li>\n<p>&#13;<\/p>\n<li>Regi\u00e3o Metropolitana de Sa\u00fade: Afonso Cl\u00e1udio, Aracruz, Fund\u00e3o, Ibira\u00e7u, Itagua\u00e7u, Domingos Martins, Serra e Venda Nova do Imigrante;<\/li>\n<p>&#13;<\/p>\n<li>Regi\u00e3o Sul de Sa\u00fade: Cachoeiro de Itapemirim, Gua\u00e7u\u00ed, Iconha, Marata\u00edzes, Muniz Freire, Presidente Kennedy, Alfredo Chaves, Anchieta, Apiac\u00e1, Mimoso do Sul e Rio Novo do Sul.<\/li>\n<p>&#13;\n<\/ul>\n<p>\u00a0<\/p>\n<p><strong>Informa\u00e7\u00f5es \u00e0 Imprensa:<\/strong><\/p>\n<p>Assessoria de Comunica\u00e7\u00e3o da Sesa<\/p>\n<p>Syria Luppi \/ Luciana Almeida \/ Danielly Campos \/ Tha\u00edsa C\u00f4rtes \/ Ana Cl\u00e1udia dos Santos<\/p>\n<p><a href=\"https:\/\/saude.es.gov.br\/Not%C3%ADcia\/mailto:imprensa@saude.es.gov.br\" rel=\"nofollow noopener\" target=\"_blank\">imprensa@saude.es.gov.br<\/a><\/p>\n<p>\u00a0<\/p>\n<p>\u00a0<\/p>\n","protected":false},"excerpt":{"rendered":"As a\u00e7\u00f5es de enfrentamento ao Aedes aegypti no Esp\u00edrito Santo passaram a contar, h\u00e1 pouco mais de um&hellip;\n","protected":false},"author":2,"featured_media":129845,"comment_status":"","ping_status":"","sticky":false,"template":"","format":"standard","meta":{"footnotes":""},"categories":[86],"tags":[924,116,32,33,117,10254],"class_list":{"0":"post-129844","1":"post","2":"type-post","3":"status-publish","4":"format-standard","5":"has-post-thumbnail","7":"category-saude","8":"tag-governo-do-estado-do-espirito-santo","9":"tag-health","10":"tag-portugal","11":"tag-pt","12":"tag-saude","13":"tag-sesa"},"share_on_mastodon":{"url":"https:\/\/pubeurope.com\/@pt\/115452083229381588","error":""},"_links":{"self":[{"href":"https:\/\/www.europesays.com\/pt\/wp-json\/wp\/v2\/posts\/129844","targetHints":{"allow":["GET"]}}],"collection":[{"href":"https:\/\/www.europesays.com\/pt\/wp-json\/wp\/v2\/posts"}],"about":[{"href":"https:\/\/www.europesays.com\/pt\/wp-json\/wp\/v2\/types\/post"}],"author":[{"embeddable":true,"href":"https:\/\/www.europesays.com\/pt\/wp-json\/wp\/v2\/users\/2"}],"replies":[{"embeddable":true,"href":"https:\/\/www.europesays.com\/pt\/wp-json\/wp\/v2\/comments?post=129844"}],"version-history":[{"count":0,"href":"https:\/\/www.europesays.com\/pt\/wp-json\/wp\/v2\/posts\/129844\/revisions"}],"wp:featuredmedia":[{"embeddable":true,"href":"https:\/\/www.europesays.com\/pt\/wp-json\/wp\/v2\/media\/129845"}],"wp:attachment":[{"href":"https:\/\/www.europesays.com\/pt\/wp-json\/wp\/v2\/media?parent=129844"}],"wp:term":[{"taxonomy":"category","embeddable":true,"href":"https:\/\/www.europesays.com\/pt\/wp-json\/wp\/v2\/categories?post=129844"},{"taxonomy":"post_tag","embeddable":true,"href":"https:\/\/www.europesays.com\/pt\/wp-json\/wp\/v2\/tags?post=129844"}],"curies":[{"name":"wp","href":"https:\/\/api.w.org\/{rel}","templated":true}]}}