{"id":129856,"date":"2025-10-28T13:58:14","date_gmt":"2025-10-28T13:58:14","guid":{"rendered":"https:\/\/www.europesays.com\/pt\/129856\/"},"modified":"2025-10-28T13:58:14","modified_gmt":"2025-10-28T13:58:14","slug":"gerard-butler-e-morena-baccarin-lutam-pela-sobrevivencia-no-teaser-inedito-de-destruicao-final-2-confira","status":"publish","type":"post","link":"https:\/\/www.europesays.com\/pt\/129856\/","title":{"rendered":"Gerard Butler e Morena Baccarin lutam pela SOBREVIV\u00caNCIA no teaser in\u00e9dito de &#8216;Destrui\u00e7\u00e3o Final 2&#8217;; Confira!"},"content":{"rendered":"<p>A <b>Diamond Films Brasil <\/b>divulgou um teaser in\u00e9dito da sequ\u00eancia p\u00f3s-apocal\u00edptica \u2018<strong>Destrui\u00e7\u00e3o Final 2<\/strong>\u2018 (\u2018Greenland 2: Migration\u2019).<\/p>\n<p><strong>Gerard Butler<\/strong> (\u2018Invas\u00e3o \u00e0 Casa Branca\u2019) e<strong> Morena Baccarin\u00a0<\/strong>(\u2018Deadpool\u2019) retornam para a continua\u00e7\u00e3o.<\/p>\n<p>Confira, junto ao trailer, e siga o <a href=\"https:\/\/www.youtube.com\/cinepop?sub_confirmation=1\" target=\"_blank\" rel=\"noopener nofollow\"><strong>CinePOP no Youtube<\/strong><\/a>:<\/p>\n<blockquote class=\"twitter-tweet\">\n<p dir=\"ltr\" lang=\"pt\">Em Destrui\u00e7\u00e3o Final 2 a fam\u00edlia Garrity precisa enfrentar uma Europa em ru\u00ednas, repleta de perigos, na esperan\u00e7a de recome\u00e7ar.<\/p>\n<p>Com Gerard Butler no papel principal e dire\u00e7\u00e3o de Ric Roman Waugh, <a href=\"https:\/\/twitter.com\/hashtag\/Destrui%C3%A7%C3%A3oFinal2?src=hash&amp;ref_src=twsrc%5Etfw\" rel=\"nofollow noopener\" target=\"_blank\">#Destrui\u00e7\u00e3oFinal2<\/a> estreia dia 5 de fevereiro de 2026, somente nos cinemas. <a href=\"https:\/\/t.co\/prHhGjL9aP\" rel=\"nofollow\">pic.twitter.com\/prHhGjL9aP<\/a><\/p>\n<p>\u2014 Diamond Films Brasil (@DiamondFilmsBR) <a href=\"https:\/\/twitter.com\/DiamondFilmsBR\/status\/1982827015989534834?ref_src=twsrc%5Etfw\" rel=\"nofollow noopener\" target=\"_blank\">October 27, 2025<\/a><\/p>\n<\/blockquote>\n<p>O longa ser\u00e1 lan\u00e7ado nos cinemas nacionais no <strong>dia 5 de fevereiro de 2026<\/strong>.<\/p>\n<p>Ap\u00f3s terem sobrevivido a um evento de quase extin\u00e7\u00e3o quando um cometa interestelar atinge a Terra, a fam\u00edlia Garrity deve deixar a seguran\u00e7a do bunker da Groenl\u00e2ndia e embarcar em uma jornada perigosa atrav\u00e9s do deserto congelado e dizimado da Europa para encontrar um novo lar.<\/p>\n<p><strong>Ric Roman Waugh<\/strong> (\u2018O Acordo\u2019) volta a dirigir, a partir de um roteiro novamente escrito por <strong>Chris Sparling<\/strong> (\u2018Enterrado Vivo\u2019).<\/p>\n<p>O elenco ainda conta com<strong>\u00a0Roger Dale Floyd<\/strong>, <strong>Roman Griffin Davis<\/strong>,<strong> Amber Rose Revah<\/strong>,<strong> Sophie Thompson<\/strong>,<strong> Trond Fausa Aurv\u00e5g <\/strong>e\u00a0<strong>William Abadie<\/strong>.<\/p>\n<p><img fetchpriority=\"high\" decoding=\"async\" class=\"alignnone wp-image-694922\" src=\"https:\/\/www.europesays.com\/pt\/wp-content\/uploads\/2025\/10\/greenland2-poster.webp.webp\" alt=\"\" width=\"994\" height=\"1243\"  \/><\/p>\n<p><script async src=\"https:\/\/platform.twitter.com\/widgets.js\" charset=\"utf-8\"><\/script><\/p>\n","protected":false},"excerpt":{"rendered":"A Diamond Films Brasil divulgou um teaser in\u00e9dito da sequ\u00eancia p\u00f3s-apocal\u00edptica \u2018Destrui\u00e7\u00e3o Final 2\u2018 (\u2018Greenland 2: Migration\u2019). Gerard&hellip;\n","protected":false},"author":2,"featured_media":129857,"comment_status":"","ping_status":"","sticky":false,"template":"","format":"standard","meta":{"footnotes":""},"categories":[140],"tags":[21923,21924,21925,21926,21927,114,115,147,148,21928,21929,21930,21931,16722,146,32,33,21932,21933,16104,21934,21935,21936,21937],"class_list":{"0":"post-129856","1":"post","2":"type-post","3":"status-publish","4":"format-standard","5":"has-post-thumbnail","7":"category-filmes","8":"tag-amber-rose-revah","9":"tag-andrew-bachelor","10":"tag-claire-bronson","11":"tag-david-denman","12":"tag-destruicao-final-o-ultimo-refugio","13":"tag-entertainment","14":"tag-entretenimento","15":"tag-film","16":"tag-filmes","17":"tag-gerard-butler","18":"tag-greenland","19":"tag-greenland-migration","20":"tag-invasao-ao-servico-secreto","21":"tag-morena-baccarin","22":"tag-movies","23":"tag-portugal","24":"tag-pt","25":"tag-ric-roman-waugh","26":"tag-roger-dale-floyd","27":"tag-roman-griffin-davis","28":"tag-scott-glenn","29":"tag-sophie-thompson","30":"tag-trond-fausa-aurvag","31":"tag-william-abadie"},"share_on_mastodon":{"url":"https:\/\/pubeurope.com\/@pt\/115452150169605493","error":""},"_links":{"self":[{"href":"https:\/\/www.europesays.com\/pt\/wp-json\/wp\/v2\/posts\/129856","targetHints":{"allow":["GET"]}}],"collection":[{"href":"https:\/\/www.europesays.com\/pt\/wp-json\/wp\/v2\/posts"}],"about":[{"href":"https:\/\/www.europesays.com\/pt\/wp-json\/wp\/v2\/types\/post"}],"author":[{"embeddable":true,"href":"https:\/\/www.europesays.com\/pt\/wp-json\/wp\/v2\/users\/2"}],"replies":[{"embeddable":true,"href":"https:\/\/www.europesays.com\/pt\/wp-json\/wp\/v2\/comments?post=129856"}],"version-history":[{"count":0,"href":"https:\/\/www.europesays.com\/pt\/wp-json\/wp\/v2\/posts\/129856\/revisions"}],"wp:featuredmedia":[{"embeddable":true,"href":"https:\/\/www.europesays.com\/pt\/wp-json\/wp\/v2\/media\/129857"}],"wp:attachment":[{"href":"https:\/\/www.europesays.com\/pt\/wp-json\/wp\/v2\/media?parent=129856"}],"wp:term":[{"taxonomy":"category","embeddable":true,"href":"https:\/\/www.europesays.com\/pt\/wp-json\/wp\/v2\/categories?post=129856"},{"taxonomy":"post_tag","embeddable":true,"href":"https:\/\/www.europesays.com\/pt\/wp-json\/wp\/v2\/tags?post=129856"}],"curies":[{"name":"wp","href":"https:\/\/api.w.org\/{rel}","templated":true}]}}