{"id":129862,"date":"2025-10-28T14:02:14","date_gmt":"2025-10-28T14:02:14","guid":{"rendered":"https:\/\/www.europesays.com\/pt\/129862\/"},"modified":"2025-10-28T14:02:14","modified_gmt":"2025-10-28T14:02:14","slug":"super-terra-com-4-vezes-a-massa-do-nosso-planeta-e-encontrada-em-zona-habitavel","status":"publish","type":"post","link":"https:\/\/www.europesays.com\/pt\/129862\/","title":{"rendered":"Super-Terra com 4 vezes a massa do nosso planeta \u00e9 encontrada em zona habit\u00e1vel"},"content":{"rendered":"<p>Embora a exist\u00eancia de vida fora da Terra permane\u00e7a uma hip\u00f3tese n\u00e3o confirmada, astr\u00f4nomos t\u00eam encontrado exoplanetas que podem apresentar condi\u00e7\u00f5es adequadas para abrigar vida. O exoplaneta GJ 251 c \u00e9 um dos mais recentes alvos de interesse. Situado a aproximadamente 18 anos-luz de dist\u00e2ncia, na constela\u00e7\u00e3o de G\u00eameos, este planeta orbita a estrela an\u00e3 vermelha Gliese 251 e \u00e9 classificado como uma \u201cSuper-Terra\u201c. Um estudo publicado em 23 de outubro na revista cient\u00edfica <a href=\"https:\/\/iopscience.iop.org\/article\/10.3847\/1538-3881\/ae0e20\" rel=\"nofollow noopener\" target=\"_blank\">The Astronomical Journal<\/a> revela que, com base em duas d\u00e9cadas de observa\u00e7\u00f5es, este planeta possui quase quatro vezes a massa da Terra e \u00e9 rochoso.<\/p>\n<p>A detec\u00e7\u00e3o de planetas com \u00e1gua e potencial para abrigar vida exige o uso de telesc\u00f3pios avan\u00e7ados e modelos computacionais sofisticados. No caso do GJ 251 c, os pesquisadores concentraram-se inicialmente na zona habit\u00e1vel, frequentemente referida como \u201cZona Cachinhos Dourados\u201d, ao redor da sua estrela anfitri\u00e3.<\/p>\n<p><strong>Suvrath Mahadevan<\/strong>, professor da <a href=\"https:\/\/www.psu.edu\/\" rel=\"nofollow noopener\" target=\"_blank\">Universidade Estadual da Pensilv\u00e2nia<\/a> e autor do estudo, declarou que a localiza\u00e7\u00e3o do exoplaneta na zona habit\u00e1vel \u00e9 crucial: \u201ca dist\u00e2ncia certa de sua estrela para que a \u00e1gua l\u00edquida possa existir em sua superf\u00edcie \u2013 se ele tiver a atmosfera adequada.\u201d Essa faixa de temperatura deve ser suficientemente moderada, nem quente demais nem fria demais.<\/p>\n<p>De acordo com informa\u00e7\u00f5es do portal Galileu, a busca pelo exoplaneta foi baseada em dados coletados pelo <a href=\"https:\/\/hpf.psu.edu\/\" rel=\"nofollow noopener\" target=\"_blank\">Habitable-Zone Planet Finder<\/a> (HPF), um espectr\u00f3grafo de alta precis\u00e3o dedicado \u00e0 an\u00e1lise de ondas no infravermelho pr\u00f3ximo. O HPF tem como objetivo identificar planetas semelhantes \u00e0 Terra localizados em zonas habit\u00e1veis nas proximidades do nosso sistema solar.<\/p>\n<p>Localizado no <a href=\"https:\/\/mcdonaldobservatory.org\/\" rel=\"nofollow noopener\" target=\"_blank\">Observat\u00f3rio McDonald<\/a>, no Texas, o HPF forneceu informa\u00e7\u00f5es sobre varia\u00e7\u00f5es no padr\u00e3o de luz emitido pela estrela hospedeira, influenciado pela gravidade dos planetas que a orbitam. Atrav\u00e9s da combina\u00e7\u00e3o de observa\u00e7\u00f5es pr\u00e9vias do GJ 251 b \u2014 que completa uma \u00f3rbita a cada 14 dias \u2014 com novos dados, os cientistas identificaram um sinal mais pronunciado associado a um <a href=\"https:\/\/aventurasnahistoria.com.br\/noticias\/historia-hoje\/corpo-celeste-misterioso-pode-ser-o-cometa-mais-antigo-ja-avistado.phtml\" rel=\"nofollow noopener\" target=\"_blank\">corpo celeste<\/a> que completa uma \u00f3rbita a cada 54 dias.<\/p>\n<p>Este sinal indicava um planeta significativamente mais massivo, cuja presen\u00e7a foi posteriormente confirmada por meio do espectr\u00f4metro NEID, localizado no Observat\u00f3rio Nacional de Kitt Peak, no Arizona.<\/p>\n<p>\u201cEste \u00e9 um jogo dif\u00edcil \u2013 tentar suprimir a atividade estelar e, ao mesmo tempo, medir seus sinais sutis, extraindo ind\u00edcios leves de algo que \u00e9, essencialmente, um caldeir\u00e3o magnetosf\u00e9rico em ebuli\u00e7\u00e3o na superf\u00edcie de uma estrela\u201d, explicou <strong>Mahadevan<\/strong>.<\/p>\n<p>Os desafios na identifica\u00e7\u00e3o desses mundos distantes s\u00e3o ampliados por fatores relacionados \u00e0 estrela anfitri\u00e3, como manchas solares, que podem mimetizar sinais peri\u00f3dicos associados ao movimento planet\u00e1rio, criando uma falsa impress\u00e3o de presen\u00e7a planet\u00e1ria. T\u00e9cnicas avan\u00e7adas de modelagem computacional s\u00e3o empregadas para garantir a correta identifica\u00e7\u00e3o de cada tipo de sinal.<\/p>\n<p>Embora GJ 251 c ainda n\u00e3o possa ser observado diretamente com os instrumentos atuais, <strong>Mahadevan<\/strong> e sua equipe est\u00e3o se preparando para os telesc\u00f3pios da pr\u00f3xima gera\u00e7\u00e3o, com di\u00e2metros de at\u00e9 30 metros. Estes projetos exigem investimento e colabora\u00e7\u00e3o internacional.<\/p>\n<p>        <a href=\"https:\/\/aventurasnahistoria.com.br\/noticias\/author\/giovanna-gomes\" rel=\"nofollow noopener\" target=\"_blank\">&#13;<br \/>\n          <img loading=\"lazy\" alt=\"Giovanna Gomes\" src=\"https:\/\/www.europesays.com\/pt\/wp-content\/uploads\/2025\/10\/1761660134_652_33b368a526ac26c2f7de6462fce3004285811f04809ed05857f30d16a462d4c5\"  class=\"avatar avatar-115 photo rounded-circle mr-3\" height=\"115\" width=\"115\" decoding=\"async\"\/>        <\/a><\/p>\n<p>Giovanna Gomes \u00e9 jornalista e estudante de Hist\u00f3ria pela USP. Gosta de escrever sobre arte, arqueologia e tudo que diz repeito \u00e0 cultura e \u00e0 hist\u00f3ria do ser humano.<\/p>\n","protected":false},"excerpt":{"rendered":"Embora a exist\u00eancia de vida fora da Terra permane\u00e7a uma hip\u00f3tese n\u00e3o confirmada, astr\u00f4nomos t\u00eam encontrado exoplanetas que&hellip;\n","protected":false},"author":2,"featured_media":129863,"comment_status":"","ping_status":"","sticky":false,"template":"","format":"standard","meta":{"footnotes":""},"categories":[84],"tags":[443,109,107,108,29490,2000,32,33,105,103,104,106,110,1151,3192],"class_list":{"0":"post-129862","1":"post","2":"type-post","3":"status-publish","4":"format-standard","5":"has-post-thumbnail","7":"category-ciencia-e-tecnologia","8":"tag-astronomia","9":"tag-ciencia","10":"tag-ciencia-e-tecnologia","11":"tag-cienciaetecnologia","12":"tag-exoplaneta-gj-251-c","13":"tag-planeta","14":"tag-portugal","15":"tag-pt","16":"tag-science","17":"tag-science-and-technology","18":"tag-scienceandtechnology","19":"tag-technology","20":"tag-tecnologia","21":"tag-terra","22":"tag-vida"},"share_on_mastodon":{"url":"https:\/\/pubeurope.com\/@pt\/115452165818935970","error":""},"_links":{"self":[{"href":"https:\/\/www.europesays.com\/pt\/wp-json\/wp\/v2\/posts\/129862","targetHints":{"allow":["GET"]}}],"collection":[{"href":"https:\/\/www.europesays.com\/pt\/wp-json\/wp\/v2\/posts"}],"about":[{"href":"https:\/\/www.europesays.com\/pt\/wp-json\/wp\/v2\/types\/post"}],"author":[{"embeddable":true,"href":"https:\/\/www.europesays.com\/pt\/wp-json\/wp\/v2\/users\/2"}],"replies":[{"embeddable":true,"href":"https:\/\/www.europesays.com\/pt\/wp-json\/wp\/v2\/comments?post=129862"}],"version-history":[{"count":0,"href":"https:\/\/www.europesays.com\/pt\/wp-json\/wp\/v2\/posts\/129862\/revisions"}],"wp:featuredmedia":[{"embeddable":true,"href":"https:\/\/www.europesays.com\/pt\/wp-json\/wp\/v2\/media\/129863"}],"wp:attachment":[{"href":"https:\/\/www.europesays.com\/pt\/wp-json\/wp\/v2\/media?parent=129862"}],"wp:term":[{"taxonomy":"category","embeddable":true,"href":"https:\/\/www.europesays.com\/pt\/wp-json\/wp\/v2\/categories?post=129862"},{"taxonomy":"post_tag","embeddable":true,"href":"https:\/\/www.europesays.com\/pt\/wp-json\/wp\/v2\/tags?post=129862"}],"curies":[{"name":"wp","href":"https:\/\/api.w.org\/{rel}","templated":true}]}}