{"id":129866,"date":"2025-10-28T14:06:08","date_gmt":"2025-10-28T14:06:08","guid":{"rendered":"https:\/\/www.europesays.com\/pt\/129866\/"},"modified":"2025-10-28T14:06:08","modified_gmt":"2025-10-28T14:06:08","slug":"mulher-morta-a-facada-em-alojamento-local-onde-se-escondeu","status":"publish","type":"post","link":"https:\/\/www.europesays.com\/pt\/129866\/","title":{"rendered":"Mulher morta \u00e0 facada em alojamento local onde se escondeu"},"content":{"rendered":"<p data-remotead-prev-elm=\"true\" data-remotead-elm-id=\"inread\">A Pol\u00edcia Judici\u00e1ria de Lisboa ainda est\u00e1 a recolher ind\u00edcios que ajudem a montar todas as pe\u00e7as do crime, mas, para j\u00e1, tudo aponta para que o casal tenha discutido, levando a mulher a abandonar a pr\u00f3pria casa. Os \u00faltimos dias foram, assim, passados num alojamento local do concelho de Sintra, esconderijo que o namorado viria a descobrir.<\/p>\n<p>Na posse da morada, o suspeito deslocou-se ao alojamento local e, j\u00e1 depois das 20 horas desta segunda-feira, surpreendeu a namorada e esfaqueou-a. Segundo o JN apurou, a v\u00edtima foi atingida com m\u00faltiplos golpes e nem os pedidos de ajuda a salvaram.<\/p>\n<p>Os vizinhos do alojamento local ouviram os gritos, alertaram as autoridades, mas, quando os primeiros meios de socorro chegaram ao local, a mulher estava morta.<\/p>\n<p data-remotead-prev-elm=\"true\" data-remotead-elm-id=\"centro1\">J\u00e1 o autor das facadas n\u00e3o se encontrava na habita\u00e7\u00e3o. Os ind\u00edcios recolhidos at\u00e9 ao momento d\u00e3o a entender que entrou no carro, conduziu at\u00e9 \u00e0 ponte 25 de Abril, parou a viatura no tabuleiro e atirou-se \u00e0 \u00e1gua.<\/p>\n<p>O autom\u00f3vel seria localizado pelos servi\u00e7os de seguran\u00e7a da ponte na mesma noite do homic\u00eddio, mas o corpo do suspeito ainda n\u00e3o foi encontrado.<\/p>\n","protected":false},"excerpt":{"rendered":"A Pol\u00edcia Judici\u00e1ria de Lisboa ainda est\u00e1 a recolher ind\u00edcios que ajudem a montar todas as pe\u00e7as do&hellip;\n","protected":false},"author":2,"featured_media":129867,"comment_status":"","ping_status":"","sticky":false,"template":"","format":"standard","meta":{"footnotes":""},"categories":[10],"tags":[27,28,17888,15,16,14,5564,603,25,26,21,22,12,13,19,20,4107,32,23,24,33,10382,17,18,29,30,31,3218],"class_list":{"0":"post-129866","1":"post","2":"type-post","3":"status-publish","4":"format-standard","5":"has-post-thumbnail","7":"category-portugal","8":"tag-breaking-news","9":"tag-breakingnews","10":"tag-esfaqueada","11":"tag-featured-news","12":"tag-featurednews","13":"tag-headlines","14":"tag-homicidio","15":"tag-justica","16":"tag-latest-news","17":"tag-latestnews","18":"tag-main-news","19":"tag-mainnews","20":"tag-news","21":"tag-noticias","22":"tag-noticias-principais","23":"tag-noticiasprincipais","24":"tag-pj","25":"tag-portugal","26":"tag-principais-noticias","27":"tag-principaisnoticias","28":"tag-pt","29":"tag-suicidio","30":"tag-top-stories","31":"tag-topstories","32":"tag-ultimas","33":"tag-ultimas-noticias","34":"tag-ultimasnoticias","35":"tag-violencia-domestica"},"share_on_mastodon":{"url":"https:\/\/pubeurope.com\/@pt\/115452181389549654","error":""},"_links":{"self":[{"href":"https:\/\/www.europesays.com\/pt\/wp-json\/wp\/v2\/posts\/129866","targetHints":{"allow":["GET"]}}],"collection":[{"href":"https:\/\/www.europesays.com\/pt\/wp-json\/wp\/v2\/posts"}],"about":[{"href":"https:\/\/www.europesays.com\/pt\/wp-json\/wp\/v2\/types\/post"}],"author":[{"embeddable":true,"href":"https:\/\/www.europesays.com\/pt\/wp-json\/wp\/v2\/users\/2"}],"replies":[{"embeddable":true,"href":"https:\/\/www.europesays.com\/pt\/wp-json\/wp\/v2\/comments?post=129866"}],"version-history":[{"count":0,"href":"https:\/\/www.europesays.com\/pt\/wp-json\/wp\/v2\/posts\/129866\/revisions"}],"wp:featuredmedia":[{"embeddable":true,"href":"https:\/\/www.europesays.com\/pt\/wp-json\/wp\/v2\/media\/129867"}],"wp:attachment":[{"href":"https:\/\/www.europesays.com\/pt\/wp-json\/wp\/v2\/media?parent=129866"}],"wp:term":[{"taxonomy":"category","embeddable":true,"href":"https:\/\/www.europesays.com\/pt\/wp-json\/wp\/v2\/categories?post=129866"},{"taxonomy":"post_tag","embeddable":true,"href":"https:\/\/www.europesays.com\/pt\/wp-json\/wp\/v2\/tags?post=129866"}],"curies":[{"name":"wp","href":"https:\/\/api.w.org\/{rel}","templated":true}]}}