{"id":129894,"date":"2025-10-28T14:41:11","date_gmt":"2025-10-28T14:41:11","guid":{"rendered":"https:\/\/www.europesays.com\/pt\/129894\/"},"modified":"2025-10-28T14:41:11","modified_gmt":"2025-10-28T14:41:11","slug":"salvador-dali-pintura-perdida-e-vendida-por-r-380-mil-27-10-2025-ilustrada","status":"publish","type":"post","link":"https:\/\/www.europesays.com\/pt\/129894\/","title":{"rendered":"Salvador Dal\u00ed: Pintura perdida \u00e9 vendida por R$ 380 mil &#8211; 27\/10\/2025 &#8211; Ilustrada"},"content":{"rendered":"<p>Uma pintura perdida de <a href=\"https:\/\/www1.folha.uol.com.br\/ilustrada\/2024\/08\/gravuras-de-salvador-dali-sao-achadas-em-garagem-de-londres-apos-50-anos.shtml\" rel=\"nofollow noopener\" target=\"\">Salvador Dal\u00ed<\/a>, e que teve a sua autoria descoberta recentemente, foi vendida por 45,7 mil libras (o que equivale a cerca de R$ 380 mil). H\u00e1 dois anos, a pintura em aquarela e caneta hidrogr\u00e1fica foi vendida em um leil\u00e3o em <a href=\"https:\/\/www1.folha.uol.com.br\/fsp\/cotidian\/ff220723.htm\" rel=\"nofollow noopener\" target=\"\">Cambridge<\/a>, na Inglaterra, por 150 libras (pouco mais de R$ 1 mil).<\/p>\n<p>Na \u00e9poca, a pe\u00e7a foi adquirida por um comerciante de arte da cidade, numa liquida\u00e7\u00e3o de pertences que aconteceu numa casa da regi\u00e3o. Ele teria percebido a assinatura de Dal\u00ed no canto inferior direito da pintura e etiquetas da <a href=\"https:\/\/www1.folha.uol.com.br\/mercado\/2019\/06\/sothebys-sera-adquirida-por-patrick-drahi-em-transacao-de-us-37-bi.shtml\" rel=\"nofollow noopener\" target=\"\">Sotheby&#8217;s <\/a>coladas no verso.<\/p>\n<p>Apesar de considerar que as evid\u00eancias da autoria pudessem ser falsas, ele optou por comprar a obra ainda assim. Apenas uma pessoa teria competido com ele pelo quadro, mas desistiu da pe\u00e7a ap\u00f3s o comerciante oferecer 150 libras por ela. &#8220;Foi uma sensa\u00e7\u00e3o \u00fanica na vida&#8221;, disse o homem, que teve a sua identidade ocultada, ao ve\u00edculo brit\u00e2nico.<\/p>\n<p>Mais tarde, a obra foi autenticada como parte de uma s\u00e9rie de 500 pinturas de &#8220;<a href=\"https:\/\/www1.folha.uol.com.br\/webstories\/cultura\/2022\/10\/a-historia-de-as-mil-e-uma-noites\/\" rel=\"nofollow noopener\" target=\"\">As Mil e uma Noites<\/a>&#8220;, que Dal\u00ed planejava em 1966. &#8220;N\u00e3o \u00e9 o tipo de arte que agrada a todo mundo&#8221;, afirmou Brett Tryner, diretor da casa de leil\u00f5es Cheffins, em Cambridge. &#8220;\u00c9 uma daquelas obras que se ama ou se odeia. Mas algumas pessoas simplesmente a adoram. Isso \u00e9 arte.&#8221;<\/p>\n<p>O comerciante gastou cerca de R$ 29 mil para autenticar a obra e pesquisar a sua proced\u00eancia. &#8220;Fiquei muito satisfeito depois de toda a incerteza e d\u00favida no in\u00edcio, sobre se era mesmo aut\u00eantica ou n\u00e3o, e por toda a jornada desses dois anos. Foi simplesmente extraordin\u00e1rio&#8221;, afirma ele.<\/p>\n","protected":false},"excerpt":{"rendered":"Uma pintura perdida de Salvador Dal\u00ed, e que teve a sua autoria descoberta recentemente, foi vendida por 45,7&hellip;\n","protected":false},"author":2,"featured_media":129895,"comment_status":"","ping_status":"","sticky":false,"template":"","format":"standard","meta":{"footnotes":""},"categories":[144],"tags":[207,205,206,559,203,201,202,204,114,115,236,32,33,29495],"class_list":{"0":"post-129894","1":"post","2":"type-post","3":"status-publish","4":"format-standard","5":"has-post-thumbnail","7":"category-arte-e-design","8":"tag-arte","9":"tag-arte-e-design","10":"tag-artedesign","11":"tag-artes-plasticas","12":"tag-arts","13":"tag-arts-and-design","14":"tag-artsanddesign","15":"tag-design","16":"tag-entertainment","17":"tag-entretenimento","18":"tag-folha","19":"tag-portugal","20":"tag-pt","21":"tag-salvador-dali"},"share_on_mastodon":{"url":"https:\/\/pubeurope.com\/@pt\/115452319010738203","error":""},"_links":{"self":[{"href":"https:\/\/www.europesays.com\/pt\/wp-json\/wp\/v2\/posts\/129894","targetHints":{"allow":["GET"]}}],"collection":[{"href":"https:\/\/www.europesays.com\/pt\/wp-json\/wp\/v2\/posts"}],"about":[{"href":"https:\/\/www.europesays.com\/pt\/wp-json\/wp\/v2\/types\/post"}],"author":[{"embeddable":true,"href":"https:\/\/www.europesays.com\/pt\/wp-json\/wp\/v2\/users\/2"}],"replies":[{"embeddable":true,"href":"https:\/\/www.europesays.com\/pt\/wp-json\/wp\/v2\/comments?post=129894"}],"version-history":[{"count":0,"href":"https:\/\/www.europesays.com\/pt\/wp-json\/wp\/v2\/posts\/129894\/revisions"}],"wp:featuredmedia":[{"embeddable":true,"href":"https:\/\/www.europesays.com\/pt\/wp-json\/wp\/v2\/media\/129895"}],"wp:attachment":[{"href":"https:\/\/www.europesays.com\/pt\/wp-json\/wp\/v2\/media?parent=129894"}],"wp:term":[{"taxonomy":"category","embeddable":true,"href":"https:\/\/www.europesays.com\/pt\/wp-json\/wp\/v2\/categories?post=129894"},{"taxonomy":"post_tag","embeddable":true,"href":"https:\/\/www.europesays.com\/pt\/wp-json\/wp\/v2\/tags?post=129894"}],"curies":[{"name":"wp","href":"https:\/\/api.w.org\/{rel}","templated":true}]}}