{"id":129902,"date":"2025-10-28T14:49:19","date_gmt":"2025-10-28T14:49:19","guid":{"rendered":"https:\/\/www.europesays.com\/pt\/129902\/"},"modified":"2025-10-28T14:49:19","modified_gmt":"2025-10-28T14:49:19","slug":"gene-ligado-ao-sangue-pode-ter-selado-o-destino-dos-neandertais","status":"publish","type":"post","link":"https:\/\/www.europesays.com\/pt\/129902\/","title":{"rendered":"Gene ligado ao sangue pode ter selado o destino dos neandertais"},"content":{"rendered":"<p>Uma varia\u00e7\u00e3o gen\u00e9tica na fun\u00e7\u00e3o dos gl\u00f3bulos vermelhos pode ter sido respons\u00e1vel por acelerar a extin\u00e7\u00e3o dos neandertais, conforme revela um novo estudo.<\/p>\n<p>A nova pesquisa sugere essa hip\u00f3tese com base nas diferen\u00e7as gen\u00e9ticas entre as duas esp\u00e9cies, conforme repercutido pela revista Live Science.\u00a0<\/p>\n<p>A informa\u00e7\u00e3o foi publicada no banco de dados de pr\u00e9-impress\u00e3o <a href=\"https:\/\/www.biorxiv.org\/content\/10.1101\/2025.09.29.679417v1\" rel=\"nofollow noopener\" target=\"_blank\">bioRxiv<\/a> em 29 de setembro, mas ainda n\u00e3o passou por revis\u00e3o por pares.<\/p>\n<p> Encontro entre esp\u00e9cies <\/p>\n<p>O encontro entre os neandertais e os primeiros humanos modernos ocorreu na <a href=\"https:\/\/aventurasnahistoria.com.br\/noticias\/historia-hoje\/ocupacao-humana-na-eurasia-ocorreu-ha-2-milhoes-de-anos-sugere-estudo.phtml\" rel=\"nofollow noopener\" target=\"_blank\">Eur\u00e1sia<\/a> h\u00e1 cerca de 45 mil anos.<\/p>\n<p>A Eur\u00e1sia \u00e9 a grande massa continental que re\u00fane Europa e \u00c1sia. Ali, grupos de humanos modernos que migraram da \u00c1frica chegaram e passaram a conviver com os <a href=\"https:\/\/aventurasnahistoria.com.br\/noticias\/historia-hoje\/estudo-enfim-revela-causa-da-extincao-dos-neandertais.phtml\" rel=\"nofollow noopener\" target=\"_blank\">neandertais<\/a>.<\/p>\n<p> Gene que os diferenciava <\/p>\n<p>Os pesquisadores analisaram o PIEZO1, um gene ligado \u00e0 fun\u00e7\u00e3o dos gl\u00f3bulos vermelhos, presente tanto em neandertais quanto em humanos modernos (Homo sapiens).<\/p>\n<p>No entanto, as duas esp\u00e9cies apresentavam vers\u00f5es diferentes do gene \u2014 uma distin\u00e7\u00e3o que pode ter causado problemas na evolu\u00e7\u00e3o de beb\u00eas h\u00edbridos entre neandertais e humanos modernos.<\/p>\n<p> Diferen\u00e7as gen\u00e9ticas <\/p>\n<p>O estudo indica que existiam diferen\u00e7as funcionais entre as duas variantes gen\u00e9ticas. Na vers\u00e3o neandertal, a hemoglobina se agarrava mais firmemente ao oxig\u00eanio, o que ajudava na sobreviv\u00eancia em ambientes de frio extremo e escassez. J\u00e1 na variante dos humanos modernos, o oxig\u00eanio era transmitido com mais efici\u00eancia aos tecidos.<\/p>\n<p>Em m\u00e3es h\u00edbridas (neandertais-humanas), o sangue com altas quantidades de oxig\u00eanio ligado \u00e0 hemoglobina resultava em baixo n\u00edvel de oxig\u00eanio transferido ao feto pela placenta, o que podia causar hip\u00f3xia<b>, <\/b>restri\u00e7\u00e3o de crescimento fetal ou aborto espont\u00e2neo.<\/p>\n<p>Essa incompatibilidade <a href=\"https:\/\/aventurasnahistoria.com.br\/noticias\/historia-hoje\/descoberta-sobre-estruturas-de-dna-pode-mudar-a-compreensao-da-genetica.phtml\" rel=\"nofollow noopener\" target=\"_blank\">gen\u00e9tica<\/a> surgia especialmente quando uma m\u00e3e h\u00edbrida se reproduzia com um pai humano moderno ou outro h\u00edbrido.<\/p>\n<p> Impactos e consequ\u00eancias <\/p>\n<p>Esse fen\u00f4meno pode ter condenado muitos beb\u00eas h\u00edbridos, dificultando a continuidade da linhagem neandertal.<\/p>\n<blockquote>\n<p>Eles trocaram genes \u2014 e tamb\u00e9m podem ter transmitido riscos reprodutivos ocultos que moldaram o destino de ambas as linhagens\u201d, afirmou <strong>Patric Eppenberger<\/strong>, co-chefe do Grupo de Estudos de Fisiopatologia e um dos autores do trabalho.<\/p>\n<\/blockquote>\n<p>Segundo os autores, embora cerca de 1% a 2% do DNA de humanos modernos n\u00e3o africanos seja herdado dos neandertais, muitas dessas variantes foram eliminadas ao longo do tempo. A aus\u00eancia de tra\u00e7os neandertais em regi\u00f5es ligadas \u00e0 fertilidade e ao cromossomo X refor\u00e7a a hip\u00f3tese de que incompatibilidades gen\u00e9ticas possam ter desempenhado um papel crucial na extin\u00e7\u00e3o dos antigos homin\u00eddeos.<\/p>\n","protected":false},"excerpt":{"rendered":"Uma varia\u00e7\u00e3o gen\u00e9tica na fun\u00e7\u00e3o dos gl\u00f3bulos vermelhos pode ter sido respons\u00e1vel por acelerar a extin\u00e7\u00e3o dos neandertais,&hellip;\n","protected":false},"author":2,"featured_media":129903,"comment_status":"","ping_status":"","sticky":false,"template":"","format":"standard","meta":{"footnotes":""},"categories":[84],"tags":[3504,109,107,108,1347,2217,10547,25798,13,1348,32,33,105,103,104,106,110],"class_list":{"0":"post-129902","1":"post","2":"type-post","3":"status-publish","4":"format-standard","5":"has-post-thumbnail","7":"category-ciencia-e-tecnologia","8":"tag-arqueologia","9":"tag-ciencia","10":"tag-ciencia-e-tecnologia","11":"tag-cienciaetecnologia","12":"tag-estudo","13":"tag-genetica","14":"tag-homo-sapiens","15":"tag-neandertais","16":"tag-noticias","17":"tag-pesquisa","18":"tag-portugal","19":"tag-pt","20":"tag-science","21":"tag-science-and-technology","22":"tag-scienceandtechnology","23":"tag-technology","24":"tag-tecnologia"},"share_on_mastodon":{"url":"https:\/\/pubeurope.com\/@pt\/115452350673577287","error":""},"_links":{"self":[{"href":"https:\/\/www.europesays.com\/pt\/wp-json\/wp\/v2\/posts\/129902","targetHints":{"allow":["GET"]}}],"collection":[{"href":"https:\/\/www.europesays.com\/pt\/wp-json\/wp\/v2\/posts"}],"about":[{"href":"https:\/\/www.europesays.com\/pt\/wp-json\/wp\/v2\/types\/post"}],"author":[{"embeddable":true,"href":"https:\/\/www.europesays.com\/pt\/wp-json\/wp\/v2\/users\/2"}],"replies":[{"embeddable":true,"href":"https:\/\/www.europesays.com\/pt\/wp-json\/wp\/v2\/comments?post=129902"}],"version-history":[{"count":0,"href":"https:\/\/www.europesays.com\/pt\/wp-json\/wp\/v2\/posts\/129902\/revisions"}],"wp:featuredmedia":[{"embeddable":true,"href":"https:\/\/www.europesays.com\/pt\/wp-json\/wp\/v2\/media\/129903"}],"wp:attachment":[{"href":"https:\/\/www.europesays.com\/pt\/wp-json\/wp\/v2\/media?parent=129902"}],"wp:term":[{"taxonomy":"category","embeddable":true,"href":"https:\/\/www.europesays.com\/pt\/wp-json\/wp\/v2\/categories?post=129902"},{"taxonomy":"post_tag","embeddable":true,"href":"https:\/\/www.europesays.com\/pt\/wp-json\/wp\/v2\/tags?post=129902"}],"curies":[{"name":"wp","href":"https:\/\/api.w.org\/{rel}","templated":true}]}}