{"id":129904,"date":"2025-10-28T14:50:11","date_gmt":"2025-10-28T14:50:11","guid":{"rendered":"https:\/\/www.europesays.com\/pt\/129904\/"},"modified":"2025-10-28T14:50:11","modified_gmt":"2025-10-28T14:50:11","slug":"amazon-prepara-se-para-anunciar-uma-das-maiores-vagas-de-despedimentos-da-sua-historia","status":"publish","type":"post","link":"https:\/\/www.europesays.com\/pt\/129904\/","title":{"rendered":"Amazon prepara-se para anunciar uma das maiores vagas de despedimentos da sua hist\u00f3ria"},"content":{"rendered":"<p>A Amazon est\u00e1 prestes a iniciar uma nova ronda de despedimentos, que poder\u00e1 ser a maior desde o final de 2022. A medida faz parte de uma estrat\u00e9gia mais ampla para otimizar a sua estrutura e reduzir os custos operacionais.<\/p>\n<p style=\"text-align: center;\"><a target=\"_blank\" href=\"https:\/\/pplware.sapo.pt\/wp-content\/uploads\/2025\/10\/amazon.webp\" rel=\"nofollow noopener\"><img fetchpriority=\"high\" decoding=\"async\" src=\"https:\/\/www.europesays.com\/pt\/wp-content\/uploads\/2025\/10\/1761663010_122_amazon-1024x576.webp.webp\" alt=\"\" width=\"720\" height=\"405\" class=\"alignnone size-large wp-image-1084645\"  \/><\/a><\/p>\n<p>A dimens\u00e3o da reestrutura\u00e7\u00e3o<\/p>\n<p>De acordo com informa\u00e7\u00f5es avan\u00e7adas pela <a target=\"_blank\" href=\"https:\/\/www.reuters.com\/business\/world-at-work\/amazon-targets-many-30000-corporate-job-cuts-sources-say-2025-10-27\/\" rel=\"nofollow noopener\">Reuters<\/a>, a nova vaga de despedimentos na Amazon poder\u00e1 afetar at\u00e9 30.000 trabalhadores dos seus quadros corporativos, com o processo a iniciar-se j\u00e1 esta semana. O principal objetivo desta medida \u00e9 conter as despesas e reajustar a dimens\u00e3o da for\u00e7a de trabalho, <strong>que cresceu exponencialmente durante o pico da procura na pandemia<\/strong>.<\/p>\n<p>Caso estes n\u00fameros se confirmem, estaremos perante o maior corte de pessoal desde a reestrutura\u00e7\u00e3o que eliminou cerca de 27.000 postos de trabalho entre o final de 2022 e o in\u00edcio de 2023.<\/p>\n<p>Estes 30.000 cortes representariam quase 10% dos 350.000 colaboradores de escrit\u00f3rio da empresa. Embora seja uma fra\u00e7\u00e3o reduzida da sua for\u00e7a de trabalho global, que ronda os 1,55 milh\u00f5es de pessoas, <strong>o impacto na estrutura corporativa ser\u00e1 consider\u00e1vel<\/strong>.<\/p>\n<p>A reestrutura\u00e7\u00e3o n\u00e3o ser\u00e1 uniforme, esperando-se que o impacto seja mais acentuado em divis\u00f5es espec\u00edficas. As fontes da Reuters indicam que os departamentos de Recursos Humanos (conhecido internamente como People Experience and Technology), a divis\u00e3o de Dispositivos e Servi\u00e7os e certas \u00e1reas operacionais <strong>ser\u00e3o os principais alvos<\/strong>.<\/p>\n<p>\u00c9 de notar que, nos \u00faltimos dois anos, a Amazon j\u00e1 tinha vindo a realizar cortes mais pequenos nestes mesmos setores, incluindo nas equipas de comunica\u00e7\u00e3o e de produ\u00e7\u00e3o de podcasts. Os despedimentos que agora se iniciam sugerem, por isso,<strong> uma reorganiza\u00e7\u00e3o mais profunda da sua estrutura interna<\/strong>.<\/p>\n<p style=\"text-align: center;\"><a target=\"_blank\" href=\"https:\/\/www.europesays.com\/pt\/wp-content\/uploads\/2025\/10\/trabalho.jpg\" onclick=\"refreshIframe()\" class=\"foobox\"><img loading=\"lazy\" decoding=\"async\" src=\"https:\/\/www.europesays.com\/pt\/wp-content\/uploads\/2025\/10\/trabalho.jpg\" alt=\"\" width=\"800\" height=\"450\" class=\"alignnone size-full wp-image-887633\"  \/><\/a><\/p>\n<p>Andy Jassy tem uma estrat\u00e9gia para o futuro da Amazon<\/p>\n<p>Desde que assumiu a lideran\u00e7a da Amazon h\u00e1 tr\u00eas anos, o CEO Andy Jassy tem vindo a implementar uma vis\u00e3o focada na efici\u00eancia. A sua estrat\u00e9gia passa por reduzir o que descreveu como uma &#8220;estrutura burocr\u00e1tica excessiva&#8221;, diminuindo os n\u00edveis hier\u00e1rquicos e, mais recentemente, <strong>promovendo a ado\u00e7\u00e3o de ferramentas de IA<\/strong>.<\/p>\n<p>Em junho, Jassy j\u00e1 tinha antecipado que a evolu\u00e7\u00e3o da IA levaria inevitavelmente a novos ajustes no pessoal, \u00e0 medida que certas fun\u00e7\u00f5es se tornassem automatizadas, <strong>permitindo \u00e0 empresa focar-se em \u00e1reas de maior crescimento<\/strong>.<\/p>\n<p>A comunica\u00e7\u00e3o interna destes despedimentos foi preparada com anteced\u00eancia. As equipas de gest\u00e3o receberam forma\u00e7\u00e3o na segunda-feira para lidar com o processo de forma transparente <strong>e apoiar os colaboradores afetados<\/strong>.<\/p>\n<p>Em contraste com esta redu\u00e7\u00e3o de pessoal permanente, a Amazon prepara-se para a sua \u00e9poca mais movimentada do ano. A empresa anunciou que planeia contratar 250.000 trabalhadores tempor\u00e1rios para refor\u00e7ar as suas opera\u00e7\u00f5es log\u00edsticas durante a temporada natal\u00edcia, <strong>um n\u00famero em linha com os anos anteriores<\/strong>.<\/p>\n<p>Mais detalhes sobre o impacto financeiro desta reorganiza\u00e7\u00e3o e as previs\u00f5es para o final do ano s\u00e3o esperados na pr\u00f3xima quinta-feira, quando a Amazon apresentar os seus resultados do terceiro trimestre.<\/p>\n<p>\u00a0<\/p>\n<p><strong>Leia tamb\u00e9m:<\/strong><\/p>\n","protected":false},"excerpt":{"rendered":"A Amazon est\u00e1 prestes a iniciar uma nova ronda de despedimentos, que poder\u00e1 ser a maior desde o&hellip;\n","protected":false},"author":2,"featured_media":129905,"comment_status":"","ping_status":"","sticky":false,"template":"","format":"standard","meta":{"footnotes":""},"categories":[83],"tags":[514,88,1167,89,90,32,33],"class_list":{"0":"post-129904","1":"post","2":"type-post","3":"status-publish","4":"format-standard","5":"has-post-thumbnail","7":"category-empresas","8":"tag-amazon","9":"tag-business","10":"tag-despedimentos","11":"tag-economy","12":"tag-empresas","13":"tag-portugal","14":"tag-pt"},"share_on_mastodon":{"url":"https:\/\/pubeurope.com\/@pt\/115452354637333583","error":""},"_links":{"self":[{"href":"https:\/\/www.europesays.com\/pt\/wp-json\/wp\/v2\/posts\/129904","targetHints":{"allow":["GET"]}}],"collection":[{"href":"https:\/\/www.europesays.com\/pt\/wp-json\/wp\/v2\/posts"}],"about":[{"href":"https:\/\/www.europesays.com\/pt\/wp-json\/wp\/v2\/types\/post"}],"author":[{"embeddable":true,"href":"https:\/\/www.europesays.com\/pt\/wp-json\/wp\/v2\/users\/2"}],"replies":[{"embeddable":true,"href":"https:\/\/www.europesays.com\/pt\/wp-json\/wp\/v2\/comments?post=129904"}],"version-history":[{"count":0,"href":"https:\/\/www.europesays.com\/pt\/wp-json\/wp\/v2\/posts\/129904\/revisions"}],"wp:featuredmedia":[{"embeddable":true,"href":"https:\/\/www.europesays.com\/pt\/wp-json\/wp\/v2\/media\/129905"}],"wp:attachment":[{"href":"https:\/\/www.europesays.com\/pt\/wp-json\/wp\/v2\/media?parent=129904"}],"wp:term":[{"taxonomy":"category","embeddable":true,"href":"https:\/\/www.europesays.com\/pt\/wp-json\/wp\/v2\/categories?post=129904"},{"taxonomy":"post_tag","embeddable":true,"href":"https:\/\/www.europesays.com\/pt\/wp-json\/wp\/v2\/tags?post=129904"}],"curies":[{"name":"wp","href":"https:\/\/api.w.org\/{rel}","templated":true}]}}