{"id":129908,"date":"2025-10-28T14:54:12","date_gmt":"2025-10-28T14:54:12","guid":{"rendered":"https:\/\/www.europesays.com\/pt\/129908\/"},"modified":"2025-10-28T14:54:12","modified_gmt":"2025-10-28T14:54:12","slug":"netos-de-elis-regina-revisitam-sucesso-da-cantora-e-emocionam-internet-muito-amor","status":"publish","type":"post","link":"https:\/\/www.europesays.com\/pt\/129908\/","title":{"rendered":"Netos de Elis Regina revisitam sucesso da cantora e emocionam internet: &#8216;Muito amor&#8217;"},"content":{"rendered":"<p dir=\"ltr\">Os netos de Elis Regina, Antonio Baldini e Rafaela Mariano, publicaram, neste domingo (26\/10), um v\u00eddeo nas redes sociais em que interpretam \u201cRomaria\u201d, sucesso na voz da cantora.<\/p>\n<p dir=\"ltr\">A can\u00e7\u00e3o, originalmente composta por Renato Teixeira, ganha um dueto na publica\u00e7\u00e3o com Antonio, filho de Maria Rita e Marcus Baldini, ao viol\u00e3o. Na voz, est\u00e1 Rafaela, filha de Pedro Mariano e Patr\u00edcia Fano.<\/p>\n<p class=\"texto\">\n<p dir=\"ltr\">\u201cMuito amor envolvido entre os primos\u201d, escreve a neta de Elis. O v\u00eddeo recebeu coment\u00e1rios elogiando a performance dos dois. \u201cA ma\u00e7\u00e3 n\u00e3o cai longe da \u00e1rvore\u201d, afirma um dos internautas.<\/p>\n<p dir=\"ltr\">Elis Regina, uma das maiores vozes da MPB, morreu em janeiro de 1982, aos 36 anos. Ela deixou os filhos Jo\u00e3o Marcello B\u00f4scoli, Pedro Mariano e Maria Rita. Entre os sucessos da carreira, est\u00e3o m\u00fasicas como \u201cO b\u00eabado e a equilibrista\u201d e \u201cComo nossos pais\u201d.<\/p>\n<p class=\"texto\">\u00a0<\/p>\n<ul>\n<li><a href=\"https:\/\/wa.me\/?text=Netos+de+Elis+Regina+revisitam+sucesso+da+cantora+e+emocionam+internet%3A+%22Muito+amor%22%20https:\/\/www.correiobraziliense.com.br\/diversao-e-arte\/2025\/10\/7280123-netos-de-elis-regina-revisitam-sucesso-da-cantora-e-emocionam-internet-muito-amor.html\" target=\"_blank\" title=\"Whatsapp\" aria-label=\"WhatsApp\" rel=\"nofollow noopener\"><\/a><\/li>\n<li><a href=\"https:\/\/www.facebook.com\/sharer.php?u=https:\/\/www.correiobraziliense.com.br%2Fdiversao-e-arte%2F2025%2F10%2F7280123-netos-de-elis-regina-revisitam-sucesso-da-cantora-e-emocionam-internet-muito-amor.html&amp;text=Netos+de+Elis+Regina+revisitam+sucesso+da+cantora+e+emocionam+internet%3A+%22Muito+amor%22\" target=\"_blank\" title=\"Facebook\" aria-label=\"Facebook\" rel=\"nofollow noopener\"><\/a><\/li>\n<li><a href=\"https:\/\/twitter.com\/intent\/tweet?url=https:\/\/www.correiobraziliense.com.br%2Fdiversao-e-arte%2F2025%2F10%2F7280123-netos-de-elis-regina-revisitam-sucesso-da-cantora-e-emocionam-internet-muito-amor.html&amp;text=Netos+de+Elis+Regina+revisitam+sucesso+da+cantora+e+emocionam+internet%3A+%22Muito+amor%22\" target=\"_blank\" title=\"Twitter\" aria-label=\"Twitter\" rel=\"nofollow noopener\"><\/a><\/li>\n<li><a href=\"https:\/\/profile.google.com\/cp\/CgovbS8wNzZ0dms1\" title=\"Google Discover\" target=\"_blank\" aria-label=\"Google Discover\" rel=\"nofollow noopener\"><img decoding=\"async\" src=\"https:\/\/www.europesays.com\/pt\/wp-content\/uploads\/2025\/10\/1761263228_86_google-discover-icon.png\" style=\"height: 25px; margin: 0 !important; margin-left: 3px;\" alt=\"Google Discover Icon\"\/><\/a><\/li>\n<\/ul>\n<p>              <a href=\"https:\/\/www.correiobraziliense.com.br\/autor\/junio-silva\/page\/1\/\" style=\"height: 100%;\" rel=\"nofollow noopener\" target=\"_blank\"><img decoding=\"async\" class=\"hidden-print author-circle d-block h6 mt-0 mb-0 mr-6 text-center\" src=\"https:\/\/www.europesays.com\/pt\/wp-content\/uploads\/2025\/09\/whatsapp-image-2025-08-21-at-23-14-54-58807765.jpeg\" alt=\"\" width=\"40\" height=\"40\" loading=\"lazy\" style=\"object-fit:cover; width: 40px; height: 40px; margin-right:10px;\"\/><\/a><a href=\"https:\/\/www.correiobraziliense.com.br\/autor\/junio-silva\/page\/1\/\" rel=\"nofollow noopener\" target=\"_blank\"><img decoding=\"async\" class=\"hidden-print author-circle d-block h6 mt-0 mb-0 mr-6 text-center\" src=\"https:\/\/www.europesays.com\/pt\/wp-content\/uploads\/2025\/09\/whatsapp-image-2025-08-21-at-23-14-54-58807765.jpeg\" alt=\"\" width=\"40\" height=\"40\" loading=\"lazy\" style=\"object-fit:cover; width: 40px; height: 40px; margin-right:10px;\"\/><\/a>Junio Silva  <strong class=\"entryStrongAuthor\">Rep\u00f3rter<\/strong><\/p>\n<p class=\"entryDescricaoAuthor\">Jornalista graduado pelo IESB. Tem experi\u00eancia como rep\u00f3rter, consultor de comunica\u00e7\u00e3o e conteudista. Entusiasta da cultura, artes e pol\u00edtica.<\/p>\n<p>                          <script async src=\"https:\/\/platform.twitter.com\/widgets.js\" charset=\"utf-8\"><\/script><\/p>\n","protected":false},"excerpt":{"rendered":"Os netos de Elis Regina, Antonio Baldini e Rafaela Mariano, publicaram, neste domingo (26\/10), um v\u00eddeo nas redes&hellip;\n","protected":false},"author":2,"featured_media":129909,"comment_status":"","ping_status":"","sticky":false,"template":"","format":"standard","meta":{"footnotes":""},"categories":[145],"tags":[211,210,25314,114,115,1015,6050,150,2448,32,33],"class_list":{"0":"post-129908","1":"post","2":"type-post","3":"status-publish","4":"format-standard","5":"has-post-thumbnail","7":"category-celebridades","8":"tag-celebridades","9":"tag-celebrities","10":"tag-elis-regina","11":"tag-entertainment","12":"tag-entretenimento","13":"tag-instagram","14":"tag-mpb","15":"tag-musica","16":"tag-musicas","17":"tag-portugal","18":"tag-pt"},"share_on_mastodon":{"url":"https:\/\/pubeurope.com\/@pt\/115452371336345635","error":""},"_links":{"self":[{"href":"https:\/\/www.europesays.com\/pt\/wp-json\/wp\/v2\/posts\/129908","targetHints":{"allow":["GET"]}}],"collection":[{"href":"https:\/\/www.europesays.com\/pt\/wp-json\/wp\/v2\/posts"}],"about":[{"href":"https:\/\/www.europesays.com\/pt\/wp-json\/wp\/v2\/types\/post"}],"author":[{"embeddable":true,"href":"https:\/\/www.europesays.com\/pt\/wp-json\/wp\/v2\/users\/2"}],"replies":[{"embeddable":true,"href":"https:\/\/www.europesays.com\/pt\/wp-json\/wp\/v2\/comments?post=129908"}],"version-history":[{"count":0,"href":"https:\/\/www.europesays.com\/pt\/wp-json\/wp\/v2\/posts\/129908\/revisions"}],"wp:featuredmedia":[{"embeddable":true,"href":"https:\/\/www.europesays.com\/pt\/wp-json\/wp\/v2\/media\/129909"}],"wp:attachment":[{"href":"https:\/\/www.europesays.com\/pt\/wp-json\/wp\/v2\/media?parent=129908"}],"wp:term":[{"taxonomy":"category","embeddable":true,"href":"https:\/\/www.europesays.com\/pt\/wp-json\/wp\/v2\/categories?post=129908"},{"taxonomy":"post_tag","embeddable":true,"href":"https:\/\/www.europesays.com\/pt\/wp-json\/wp\/v2\/tags?post=129908"}],"curies":[{"name":"wp","href":"https:\/\/api.w.org\/{rel}","templated":true}]}}