{"id":129923,"date":"2025-10-28T15:05:07","date_gmt":"2025-10-28T15:05:07","guid":{"rendered":"https:\/\/www.europesays.com\/pt\/129923\/"},"modified":"2025-10-28T15:05:07","modified_gmt":"2025-10-28T15:05:07","slug":"preventiva-para-portugues-que-matou-reformado-a-pancada-nas-asturias","status":"publish","type":"post","link":"https:\/\/www.europesays.com\/pt\/129923\/","title":{"rendered":"Preventiva para portugu\u00eas que matou reformado \u00e0 pancada nas Ast\u00farias"},"content":{"rendered":"<p data-remotead-prev-elm=\"true\" data-remotead-elm-id=\"inread\">No interrogat\u00f3rio, o cidad\u00e3o portugu\u00eas prestou declara\u00e7\u00f5es cerca de meia hora.<\/p>\n<p>Cristino Prendes Igl\u00e9sias, de 65 anos, reformado da profiss\u00e3o de mineiro, ter\u00e1 sido espancado pelo jovem portugu\u00eas na tarde de sexta-feira, morrendo no s\u00e1bado de manh\u00e3, em casa, na localidade montanhosa Barredo, situada no concelho de Laviana.<\/p>\n<p>O suspeito, de 26 anos, foi apresentado esta ter\u00e7a-feira ao Ju\u00edzo de Instru\u00e7\u00e3o Criminal de Laviana, que determinou j\u00e1 o seu envio para o Centro Penitenci\u00e1rio das Ast\u00farias.<\/p>\n<p data-remotead-prev-elm=\"true\" data-remotead-elm-id=\"centro1\">A morte do cidad\u00e3o asturiano, conhecido por &#8220;Lupo&#8221;, provocou grande indigna\u00e7\u00e3o no concelho. No funeral da v\u00edtima, o p\u00e1roco de Alto Nal\u00f3n, Luis Jos\u00e9 Fern\u00e1ndez, salientou o seu &#8220;cora\u00e7\u00e3o muito grande, sempre dispon\u00edvel para ajudar, que vai deixar saudades&#8221;.<\/p>\n<p>Os populares queixam-se de inseguran\u00e7a, muitas vezes associada a tr\u00e1fico e consumo de droga, solicitando &#8220;o refor\u00e7o dos efetivos do Posto da Guardia Civil de Laviana&#8221;.<\/p>\n","protected":false},"excerpt":{"rendered":"No interrogat\u00f3rio, o cidad\u00e3o portugu\u00eas prestou declara\u00e7\u00f5es cerca de meia hora. Cristino Prendes Igl\u00e9sias, de 65 anos, reformado&hellip;\n","protected":false},"author":2,"featured_media":129924,"comment_status":"","ping_status":"","sticky":false,"template":"","format":"standard","meta":{"footnotes":""},"categories":[50],"tags":[29312,27,28,604,15,16,14,5564,603,25,26,21,22,62,12,13,19,20,23,24,17,18,29,30,31,63,64,65],"class_list":{"0":"post-129923","1":"post","2":"type-post","3":"status-publish","4":"format-standard","5":"has-post-thumbnail","7":"category-mundo","8":"tag-asturias","9":"tag-breaking-news","10":"tag-breakingnews","11":"tag-crime","12":"tag-featured-news","13":"tag-featurednews","14":"tag-headlines","15":"tag-homicidio","16":"tag-justica","17":"tag-latest-news","18":"tag-latestnews","19":"tag-main-news","20":"tag-mainnews","21":"tag-mundo","22":"tag-news","23":"tag-noticias","24":"tag-noticias-principais","25":"tag-noticiasprincipais","26":"tag-principais-noticias","27":"tag-principaisnoticias","28":"tag-top-stories","29":"tag-topstories","30":"tag-ultimas","31":"tag-ultimas-noticias","32":"tag-ultimasnoticias","33":"tag-world","34":"tag-world-news","35":"tag-worldnews"},"share_on_mastodon":{"url":"https:\/\/pubeurope.com\/@pt\/115452413501741021","error":""},"_links":{"self":[{"href":"https:\/\/www.europesays.com\/pt\/wp-json\/wp\/v2\/posts\/129923","targetHints":{"allow":["GET"]}}],"collection":[{"href":"https:\/\/www.europesays.com\/pt\/wp-json\/wp\/v2\/posts"}],"about":[{"href":"https:\/\/www.europesays.com\/pt\/wp-json\/wp\/v2\/types\/post"}],"author":[{"embeddable":true,"href":"https:\/\/www.europesays.com\/pt\/wp-json\/wp\/v2\/users\/2"}],"replies":[{"embeddable":true,"href":"https:\/\/www.europesays.com\/pt\/wp-json\/wp\/v2\/comments?post=129923"}],"version-history":[{"count":0,"href":"https:\/\/www.europesays.com\/pt\/wp-json\/wp\/v2\/posts\/129923\/revisions"}],"wp:featuredmedia":[{"embeddable":true,"href":"https:\/\/www.europesays.com\/pt\/wp-json\/wp\/v2\/media\/129924"}],"wp:attachment":[{"href":"https:\/\/www.europesays.com\/pt\/wp-json\/wp\/v2\/media?parent=129923"}],"wp:term":[{"taxonomy":"category","embeddable":true,"href":"https:\/\/www.europesays.com\/pt\/wp-json\/wp\/v2\/categories?post=129923"},{"taxonomy":"post_tag","embeddable":true,"href":"https:\/\/www.europesays.com\/pt\/wp-json\/wp\/v2\/tags?post=129923"}],"curies":[{"name":"wp","href":"https:\/\/api.w.org\/{rel}","templated":true}]}}