{"id":129925,"date":"2025-10-28T15:06:10","date_gmt":"2025-10-28T15:06:10","guid":{"rendered":"https:\/\/www.europesays.com\/pt\/129925\/"},"modified":"2025-10-28T15:06:10","modified_gmt":"2025-10-28T15:06:10","slug":"assembleia-da-republica-discute-proposta-do-governo","status":"publish","type":"post","link":"https:\/\/www.europesays.com\/pt\/129925\/","title":{"rendered":"Assembleia da Rep\u00fablica Discute Proposta do Governo"},"content":{"rendered":"\n<p>A proposta de OE2026 do Governo deixou de fora mat\u00e9rias mais pol\u00e9micas, como a lei laboral ou a Seguran\u00e7a Social, discutidas \u00e0 parte no parlamento, uma exig\u00eancia do PS para viabilizar o Or\u00e7amento nesta fase.<\/p>\n<p>Depois de votado na generalidade, arranca na quarta-feira a aprecia\u00e7\u00e3o na especialidade, na Comiss\u00e3o de Or\u00e7amento, Finan\u00e7as e Administra\u00e7\u00e3o P\u00fablica (COFAP), com audi\u00e7\u00f5es de todos os ministros e tamb\u00e9m de algumas institui\u00e7\u00f5es e organismos como o Tribunal de Contas, o Conselho Econ\u00f3mico e Social e o CFP.<\/p>\n<p>As audi\u00e7\u00f5es terminam em 07 de novembro, dia que marca tamb\u00e9m o final do prazo para os partidos apresentarem as suas propostas de altera\u00e7\u00e3o ao documento.<\/p>\n<p>Segue-se depois, de 20 a 26 de novembro, a discuss\u00e3o no plen\u00e1rio da parte da manh\u00e3 e as vota\u00e7\u00f5es na COFAP \u00e0 tarde, com o encerramento e a vota\u00e7\u00e3o final global marcados para dia 27.<\/p>\n<p>O Governo prev\u00ea que o Produto Interno Bruto (PIB) cres\u00e7a 2% neste ano e 2,3% em 2026 e pretende alcan\u00e7ar excedentes de 0,3% do PIB em 2025 e de 0,1% em 2026. Quanto ao r\u00e1cio da d\u00edvida, estima a redu\u00e7\u00e3o para 90,2% do PIB em 2025 e 87,8% em 2026.<\/p>\n","protected":false},"excerpt":{"rendered":"A proposta de OE2026 do Governo deixou de fora mat\u00e9rias mais pol\u00e9micas, como a lei laboral ou a&hellip;\n","protected":false},"author":2,"featured_media":129926,"comment_status":"","ping_status":"","sticky":false,"template":"","format":"standard","meta":{"footnotes":""},"categories":[10],"tags":[2030,27,28,15,16,14,25,26,21,22,12,13,19,20,18658,32,23,24,33,17,18,29,30,31],"class_list":{"0":"post-129925","1":"post","2":"type-post","3":"status-publish","4":"format-standard","5":"has-post-thumbnail","7":"category-portugal","8":"tag-assembleia-da-republica","9":"tag-breaking-news","10":"tag-breakingnews","11":"tag-featured-news","12":"tag-featurednews","13":"tag-headlines","14":"tag-latest-news","15":"tag-latestnews","16":"tag-main-news","17":"tag-mainnews","18":"tag-news","19":"tag-noticias","20":"tag-noticias-principais","21":"tag-noticiasprincipais","22":"tag-oe2026","23":"tag-portugal","24":"tag-principais-noticias","25":"tag-principaisnoticias","26":"tag-pt","27":"tag-top-stories","28":"tag-topstories","29":"tag-ultimas","30":"tag-ultimas-noticias","31":"tag-ultimasnoticias"},"share_on_mastodon":{"url":"https:\/\/pubeurope.com\/@pt\/115452417353833777","error":""},"_links":{"self":[{"href":"https:\/\/www.europesays.com\/pt\/wp-json\/wp\/v2\/posts\/129925","targetHints":{"allow":["GET"]}}],"collection":[{"href":"https:\/\/www.europesays.com\/pt\/wp-json\/wp\/v2\/posts"}],"about":[{"href":"https:\/\/www.europesays.com\/pt\/wp-json\/wp\/v2\/types\/post"}],"author":[{"embeddable":true,"href":"https:\/\/www.europesays.com\/pt\/wp-json\/wp\/v2\/users\/2"}],"replies":[{"embeddable":true,"href":"https:\/\/www.europesays.com\/pt\/wp-json\/wp\/v2\/comments?post=129925"}],"version-history":[{"count":0,"href":"https:\/\/www.europesays.com\/pt\/wp-json\/wp\/v2\/posts\/129925\/revisions"}],"wp:featuredmedia":[{"embeddable":true,"href":"https:\/\/www.europesays.com\/pt\/wp-json\/wp\/v2\/media\/129926"}],"wp:attachment":[{"href":"https:\/\/www.europesays.com\/pt\/wp-json\/wp\/v2\/media?parent=129925"}],"wp:term":[{"taxonomy":"category","embeddable":true,"href":"https:\/\/www.europesays.com\/pt\/wp-json\/wp\/v2\/categories?post=129925"},{"taxonomy":"post_tag","embeddable":true,"href":"https:\/\/www.europesays.com\/pt\/wp-json\/wp\/v2\/tags?post=129925"}],"curies":[{"name":"wp","href":"https:\/\/api.w.org\/{rel}","templated":true}]}}