{"id":129929,"date":"2025-10-28T15:09:11","date_gmt":"2025-10-28T15:09:11","guid":{"rendered":"https:\/\/www.europesays.com\/pt\/129929\/"},"modified":"2025-10-28T15:09:11","modified_gmt":"2025-10-28T15:09:11","slug":"corpal-talks-reune-arquitetura-e-design-em-campo-grande","status":"publish","type":"post","link":"https:\/\/www.europesays.com\/pt\/129929\/","title":{"rendered":"Corpal Talks re\u00fane arquitetura e design em Campo Grande"},"content":{"rendered":"<p><a href=\"https:\/\/cdn6.campograndenews.com.br\/uploads\/noticias\/2025\/10\/27\/87dcdc90782b6aae8f76c63cee94ccd7fbf2632a.jpeg\" data-fslightbox=\"gallery\" data-title=\"Corpal Talks re\u00fane grandes nomes da arquitetura e do design\" rel=\"nofollow noopener\" target=\"_blank\"><img decoding=\"async\" src=\"https:\/\/www.europesays.com\/pt\/wp-content\/uploads\/2025\/10\/11iabo2effibn.jpeg\" class=\"img-fluid\" alt=\"Corpal Talks re\u00fane grandes nomes da arquitetura e do design\" title=\"Corpal Talks re\u00fane grandes nomes da arquitetura e do design\" width=\"960\" height=\"1280\"   loading=\"lazy\"\/><\/a>Firmino Cortada \u2013 Foto: Arquivo pessoal<\/p>\n<p style=\"text-align: justify;\">No dia 29 de outubro, Campo Grande ser\u00e1 palco de um encontro que promete marcar o cen\u00e1rio da arquitetura e do design contempor\u00e2neo. A <strong>Corpal Incorporadora<\/strong> e Construtora promove o Corpal Talks, evento exclusivo para arquitetos e engenheiros, que reunir\u00e1 profissionais e parceiros para discutir o futuro do morar e apresentar os conceitos por tr\u00e1s do <strong>Soul Corpal Living Resort<\/strong>, empreendimento que marca a chegada da incorporadora \u00e0 capital sul-mato-grossense.<\/p>\n<p style=\"text-align: justify;\">A apresenta\u00e7\u00e3o ficar\u00e1 por conta de Firmino Cortada, influenciador e apresentador conhecido por conectar pessoas e ideias, que conduzir\u00e1 a noite de trocas, inspira\u00e7\u00e3o e conhecimento.<\/p>\n<p style=\"text-align: justify;\">Entre os convidados, destaque para Diego Prior, coordenador de cria\u00e7\u00e3o e concep\u00e7\u00e3o de produto da <strong>Corpal<\/strong>, que vai detalhar o conceito arquitet\u00f4nico do Soul, um projeto que traduz o equil\u00edbrio entre natureza, privacidade e eleg\u00e2ncia.<\/p>\n<p style=\"text-align: justify;\">O<strong>\u00a0Studio Roca<\/strong>, representado por <strong>Caio Carvalho e Carlos Carvalho<\/strong>, tamb\u00e9m participa do evento. Reconhecido por uma est\u00e9tica que une sofistica\u00e7\u00e3o, identidade e funcionalidade, o escrit\u00f3rio \u00e9 hoje um dos grandes nomes da arquitetura e do design de interiores no pa\u00eds. Com projetos que refletem a<strong>\u00a0ess\u00eancia e o estilo de vida de cada cliente<\/strong>, o duo assina resid\u00eancias ic\u00f4nicas de celebridades como <strong>Anitta<\/strong> e <strong>Fl\u00e1via Alessandra<\/strong>, e compartilha no evento sua vis\u00e3o sobre o <strong>luxo contempor\u00e2neo<\/strong>, pautado pela autenticidade e pelo bem-estar.<\/p>\n<p><a href=\"https:\/\/cdn6.campograndenews.com.br\/uploads\/noticias\/2025\/10\/27\/cf348c40c5a8dc8724841f4849232b39d25ff7ff.png\" data-fslightbox=\"gallery\" data-title=\"Corpal Talks re\u00fane grandes nomes da arquitetura e do design\" rel=\"nofollow noopener\" target=\"_blank\"><img decoding=\"async\" src=\"https:\/\/www.europesays.com\/pt\/wp-content\/uploads\/2025\/10\/307zwkbumxs0s.png\" class=\"img-fluid\" alt=\"Corpal Talks re\u00fane grandes nomes da arquitetura e do design\" title=\"Corpal Talks re\u00fane grandes nomes da arquitetura e do design\" width=\"886\" height=\"626\"   loading=\"lazy\"\/><\/a>Fonte: Casa Vogue<\/p>\n<p style=\"text-align: justify;\">Outro nome confirmado \u00e9 Guy Retz, especialista em lagos ornamentais e palestrante renomado, que compartilhar\u00e1 sua experi\u00eancia \u00e0 frente da Ecosys \u2013 Lagos Ornamentais e Aquarismo, empresa respons\u00e1vel por projetos internacionais. Retz apresentar\u00e1 a tecnologia que deu origem \u00e0 piscina praia do Soul, uma das inova\u00e7\u00f5es mais marcantes do empreendimento.<\/p>\n<p><a href=\"https:\/\/cdn6.campograndenews.com.br\/uploads\/noticias\/2025\/10\/27\/fca796691494bf1f4f86ee6775cf1595570b822c.jpg\" data-fslightbox=\"gallery\" data-title=\"Corpal Talks re\u00fane grandes nomes da arquitetura e do design\" rel=\"nofollow noopener\" target=\"_blank\"><img decoding=\"async\" src=\"https:\/\/www.europesays.com\/pt\/wp-content\/uploads\/2025\/10\/3w3y5eavwqii.jpg\" class=\"img-fluid\" alt=\"Corpal Talks re\u00fane grandes nomes da arquitetura e do design\" title=\"Corpal Talks re\u00fane grandes nomes da arquitetura e do design\" width=\"2048\" height=\"1531\"   loading=\"lazy\"\/><\/a>Piscina natural de 760m\u00b2 &#8211; Fonte: Ecosys Lagos Ornamentais<\/p>\n<p style=\"text-align: justify;\">Mais do que um evento t\u00e9cnico, o <strong>Corpal Talks<\/strong> ser\u00e1 um espa\u00e7o de di\u00e1logo entre arquitetura, natureza e sensa\u00e7\u00f5es \u2014 uma celebra\u00e7\u00e3o da criatividade e da inova\u00e7\u00e3o que definem os novos padr\u00f5es de morar com prop\u00f3sito.<\/p>\n<p style=\"text-align: justify;\">Inspirado na conex\u00e3o entre corpo, mente e alma, o <strong>Soul Corpal Living Resort<\/strong> prop\u00f5e uma experi\u00eancia de vida integrada \u00e0 natureza, com mais de 130 mil metros quadrados de \u00e1rea verde preservada, lagos naturais e espa\u00e7os que estimulam o equil\u00edbrio e a contempla\u00e7\u00e3o.<\/p>\n<p style=\"text-align: justify;\">Saiba mais em <a href=\"https:\/\/www.corpalincorporadora.com.br\/futurolancamento-campogrande\" rel=\"noopener noreferrer nofollow\" target=\"_blank\">https:\/\/www.corpalincorporadora.com.br\/futurolancamento-campogrande<\/a> e siga a <strong>Corpal <\/strong>no Instagram: <a href=\"https:\/\/www.instagram.com\/corpalincorporadora\" rel=\"noopener noreferrer nofollow\" target=\"_blank\">https:\/\/www.instagram.com\/corpalincorporadora<\/a>.<\/p>\n<p><script async src=\"\/\/www.instagram.com\/embed.js\"><\/script><\/p>\n","protected":false},"excerpt":{"rendered":"Firmino Cortada \u2013 Foto: Arquivo pessoal No dia 29 de outubro, Campo Grande ser\u00e1 palco de um encontro&hellip;\n","protected":false},"author":2,"featured_media":129930,"comment_status":"","ping_status":"","sticky":false,"template":"","format":"standard","meta":{"footnotes":""},"categories":[144],"tags":[9355,304,207,205,206,203,201,202,3946,10742,29506,29505,29507,204,29504,7455,22146,114,115,29508,23058,32,29503,33,29509,29502],"class_list":{"0":"post-129929","1":"post","2":"type-post","3":"status-publish","4":"format-standard","5":"has-post-thumbnail","7":"category-arte-e-design","8":"tag-arquitetos","9":"tag-arquitetura","10":"tag-arte","11":"tag-arte-e-design","12":"tag-artedesign","13":"tag-arts","14":"tag-arts-and-design","15":"tag-artsanddesign","16":"tag-campo","17":"tag-cenrio","18":"tag-construtora-promove","19":"tag-corpal-incorporadora","20":"tag-corpal-talks","21":"tag-design","22":"tag-design-contemporneo","23":"tag-encontro","24":"tag-engenheiros","25":"tag-entertainment","26":"tag-entretenimento","27":"tag-evento-exclusivo","28":"tag-outubro","29":"tag-portugal","30":"tag-promete-marcar","31":"tag-pt","32":"tag-reunir-profissionais","33":"tag-ser-palco"},"share_on_mastodon":{"url":"https:\/\/pubeurope.com\/@pt\/115452429329680040","error":""},"_links":{"self":[{"href":"https:\/\/www.europesays.com\/pt\/wp-json\/wp\/v2\/posts\/129929","targetHints":{"allow":["GET"]}}],"collection":[{"href":"https:\/\/www.europesays.com\/pt\/wp-json\/wp\/v2\/posts"}],"about":[{"href":"https:\/\/www.europesays.com\/pt\/wp-json\/wp\/v2\/types\/post"}],"author":[{"embeddable":true,"href":"https:\/\/www.europesays.com\/pt\/wp-json\/wp\/v2\/users\/2"}],"replies":[{"embeddable":true,"href":"https:\/\/www.europesays.com\/pt\/wp-json\/wp\/v2\/comments?post=129929"}],"version-history":[{"count":0,"href":"https:\/\/www.europesays.com\/pt\/wp-json\/wp\/v2\/posts\/129929\/revisions"}],"wp:featuredmedia":[{"embeddable":true,"href":"https:\/\/www.europesays.com\/pt\/wp-json\/wp\/v2\/media\/129930"}],"wp:attachment":[{"href":"https:\/\/www.europesays.com\/pt\/wp-json\/wp\/v2\/media?parent=129929"}],"wp:term":[{"taxonomy":"category","embeddable":true,"href":"https:\/\/www.europesays.com\/pt\/wp-json\/wp\/v2\/categories?post=129929"},{"taxonomy":"post_tag","embeddable":true,"href":"https:\/\/www.europesays.com\/pt\/wp-json\/wp\/v2\/tags?post=129929"}],"curies":[{"name":"wp","href":"https:\/\/api.w.org\/{rel}","templated":true}]}}