{"id":129933,"date":"2025-10-28T15:12:18","date_gmt":"2025-10-28T15:12:18","guid":{"rendered":"https:\/\/www.europesays.com\/pt\/129933\/"},"modified":"2025-10-28T15:12:18","modified_gmt":"2025-10-28T15:12:18","slug":"a-participacao-especial-que-pode-rolar-em-shows-do-linkin-park-no-brasil","status":"publish","type":"post","link":"https:\/\/www.europesays.com\/pt\/129933\/","title":{"rendered":"A participa\u00e7\u00e3o especial que pode rolar em shows do Linkin Park no Brasil"},"content":{"rendered":"\n<p>O <strong><a href=\"https:\/\/igormiranda.com.br\/tag\/linkin-park\/\" target=\"_blank\" rel=\"noreferrer noopener nofollow\">Linkin Park<\/a><\/strong> deu in\u00edcio \u00e0 nova passagem da turn\u00ea <strong>\u201cFrom Zero\u201d<\/strong> pela Am\u00e9rica do Sul. No \u00faltimo s\u00e1bado (25), a banda realizou a primeira apresenta\u00e7\u00e3o no continente no espa\u00e7o Vive Claro Distrito Cultural, em Bogot\u00e1, na Col\u00f4mbia, e trouxe uma participa\u00e7\u00e3o especial para o set.<\/p>\n<p><strong><a href=\"https:\/\/igormiranda.com.br\/tag\/poppy\/\" target=\"_blank\" rel=\"noreferrer noopener nofollow\">Poppy<\/a><\/strong>, escalada como atra\u00e7\u00e3o de abertura de todas as datas na regi\u00e3o, subiu ao palco para cantar <strong>\u201cOne Step Closer\u201d<\/strong> ao lado de <strong>Mike Shinoda<\/strong> e <strong>Emily Armstrong<\/strong>. Veja v\u00eddeos abaixo:\u00a0<\/p>\n<p>&#8211; Advertisement &#8211;<\/p>\n<p>Por meio do Discord em fevereiro, Mike j\u00e1 havia demonstrado gostar do trabalho de Poppy. \u00c0 \u00e9poca, o vocalista e multi-instrumentista disse que come\u00e7ou a acompanhar a cantora em 2014, quando ela era conhecida por realizar performances voltadas ao surrealismo no YouTube:<\/p>\n<p>\u201cGosto da Poppy. Conhe\u00e7o o trabalho dela desde a \u00e9poca em que ela fazia aquelas coisas estranhas no YouTube. Aquilo era \u00f3timo.\u201d<\/p>\n<p> <img fetchpriority=\"high\" decoding=\"async\" width=\"872\" height=\"142\" src=\"data:image\/png;base64,iVBORw0KGgoAAAANSUhEUgAAA2gAAACOCAYAAABE4ys\/AAAACXBIWXMAAA7EAAAOxAGVKw4bAAAB90lEQVR42u3BMQEAAADCoPVPbQlPoAAAAAAAAAAAAAAAAAAAAAAAAAAAAAAAAAAAAAAAAAAAAAAAAAAAAAAAAAAAAAAAAAAAAAAAAAAAAAAAAAAAAAAAAAAAAAAAAAAAAAAAAAAAAAAAAAAAAAAAAAAAAAAAAAAAAAAAAAAAAAAAAAAAAAAAAAAAAAAAAAAAAAAAAAAAAAAAAAAAAAAAAAAAAAAAAAAAAAAAAAAAAAAAAAAAAAAAAAAAAAAAAAAAAAAAAAAAAAAAAAAAAAAAAAAAAAAAAAAAAAAAAAAAAAAAAAAAAAAAAAAAAAAAAAAAAAAAAAAAAAAAAAAAAAAAAAAAAAAAAAAAAAAAAAAAAAAAAAAAAAAAAAAAAAAAAAAAAAAAAAAAAAAAAAAAAAAAAAAAAAAAAAAAAAAAAAAAAAAAAAAAAAAAAAAAAAAAAAAAAAAAAAAAAAAAAAAAAAAAAAAAAAAAAAAAAAAAAAAAAAAAAAAAAAAAAAAAAAAAAAAAAAAAAAAAAAAAAAAAAAAAAAAAAAAAAAAAAAAAAAAAAAAAAAAAAAAAAAAAAAAAAAAAAAAAAAAAAAAAAAAAAAAAAAAAAAAAAAAAAAAAAAAAAAAAAAAAAAAAAAAAAAAAAAAAAAAAAAAAAAAAAAAAAAAAAAAAAAAAAJ4Gj7cAAfsVzugAAAAASUVORK5CYII=\" alt=\"\" class=\"wp-image-192098 ai-img lzl\" data-ai-img=\"{&quot;s&quot;:[872,142],&quot;d&quot;:{&quot;768&quot;:&quot;\\\/wp-content\\\/cache\\\/seraphinite-accelerator\\\/s\\\/m\\\/d\\\/img\\\/ac25e5020f56b2b021e6f45dc559a84f.923e.png&quot;,&quot;480&quot;:&quot;\\\/wp-content\\\/cache\\\/seraphinite-accelerator\\\/s\\\/m\\\/d\\\/img\\\/a6827d014806cdc7d1e27bc9221ef703.47f5.png&quot;,&quot;360&quot;:&quot;\\\/wp-content\\\/cache\\\/seraphinite-accelerator\\\/s\\\/m\\\/d\\\/img\\\/753b57f34529b09f8a6b4079bdbb219c.2b71.png&quot;,&quot;120&quot;:&quot;\\\/wp-content\\\/cache\\\/seraphinite-accelerator\\\/s\\\/m\\\/d\\\/img\\\/39dfb75274ad261feba0853ace008d0a.7df.png&quot;},&quot;O&quot;:&quot;https:\\\/\\\/igormiranda.com.br\\\/wp-content\\\/uploads\\\/2025\\\/10\\\/Captura-de-tela-2025-10-27-085155.png&quot;}\" data-ai-dpr=\"y\" data-lzl-src=\"https:\/\/www.europesays.com\/pt\/wp-content\/uploads\/2025\/10\/Captura-de-tela-2025-10-27-085155.png\"\/> <\/p>\n<p>Essa n\u00e3o \u00e9 a primeira vez que o LP traz um convidado para a performance da faixa durante a \u201cFrom Zero World Tour\u201d. Em julho, os artistas j\u00e1 haviam tocado a m\u00fasica ao lado de <strong>Sam Carter<\/strong>, vocalista do <strong>Architects<\/strong>.<\/p>\n<p>  <strong>Linkin Park na Am\u00e9rica do Sul <\/strong> <\/p>\n<p>Antes de desembarcar no Brasil, o Linkin Park ainda tem compromissos no Peru, Argentina e Chile. Por aqui, a banda toca em Curitiba (05\/11 \u2013 Est\u00e1dio Couto Pereira), S\u00e3o Paulo (08\/11 \u2013 Est\u00e1dio MorumBIS) e Bras\u00edlia (11\/11 \u2013 Arena BRB Man\u00e9 Garrincha). Ingressos remanescentes est\u00e3o \u00e0 venda no site da <a href=\"https:\/\/www.ticketmaster.com.br\/\" target=\"_blank\" rel=\"noreferrer noopener nofollow\">Ticketmaster Brasil<\/a>. <\/p>\n<p>Especificamente o show em Buenos Aires, na capital argentina, ganhar\u00e1 transmiss\u00e3o oficial. A exibi\u00e7\u00e3o acontecer\u00e1 localmente pelo <a href=\"https:\/\/www.instagram.com\/p\/DP395wLFdYh\/\" target=\"_blank\" rel=\"noreferrer noopener nofollow\">canal Flow<\/a>.<\/p>\n<p>J\u00e1 Poppy, al\u00e9m de abrir todas as performances, tamb\u00e9m realizar\u00e1 uma apresenta\u00e7\u00e3o solo no Cine Joia, em S\u00e3o Paulo, dia 6 de novembro. Ainda h\u00e1 entradas dispon\u00edveis tamb\u00e9m no site da Ticketmaster Brasil. <\/p>\n<p><strong>Clique<\/strong> para seguir IgorMiranda.com.br no: <a href=\"https:\/\/instagram.com\/igormirandasite\" target=\"_blank\" rel=\"noreferrer noopener nofollow\">Instagram<\/a> | <a href=\"https:\/\/bsky.app\/profile\/igormirandasite.bsky.social\" target=\"_blank\" rel=\"noreferrer noopener nofollow\">Bluesky<\/a> | <a href=\"https:\/\/twitter.com\/igormirandasite\" target=\"_blank\" rel=\"noreferrer noopener nofollow\">Twitter<\/a> | <a href=\"https:\/\/tiktok.com\/@igormirandasite\" target=\"_blank\" rel=\"noreferrer noopener nofollow\">TikTok<\/a> | <a href=\"https:\/\/facebook.com\/igormirandasite\" target=\"_blank\" rel=\"noreferrer noopener nofollow\">Facebook<\/a> | <a href=\"https:\/\/www.youtube.com\/igormirandasite\" target=\"_blank\" rel=\"noreferrer noopener nofollow\">YouTube<\/a> | <a href=\"https:\/\/www.threads.net\/@igormirandasite\" target=\"_blank\" rel=\"noreferrer noopener nofollow\">Threads<\/a>.<\/p>\n<p> <script async src=\"https:\/\/platform.twitter.com\/widgets.js\" charset=\"utf-8\"><\/script><script async src=\"\/\/www.instagram.com\/embed.js\"><\/script><script async src=\"\/\/www.tiktok.com\/embed.js\"><\/script><\/p>\n","protected":false},"excerpt":{"rendered":"O Linkin Park deu in\u00edcio \u00e0 nova passagem da turn\u00ea \u201cFrom Zero\u201d pela Am\u00e9rica do Sul. No \u00faltimo&hellip;\n","protected":false},"author":2,"featured_media":129934,"comment_status":"","ping_status":"","sticky":false,"template":"","format":"standard","meta":{"footnotes":""},"categories":[141],"tags":[114,115,1205,149,150,29510,32,33],"class_list":{"0":"post-129933","1":"post","2":"type-post","3":"status-publish","4":"format-standard","5":"has-post-thumbnail","7":"category-musica","8":"tag-entertainment","9":"tag-entretenimento","10":"tag-linkin-park","11":"tag-music","12":"tag-musica","13":"tag-poppy","14":"tag-portugal","15":"tag-pt"},"share_on_mastodon":{"url":"https:\/\/pubeurope.com\/@pt\/115452441052256901","error":""},"_links":{"self":[{"href":"https:\/\/www.europesays.com\/pt\/wp-json\/wp\/v2\/posts\/129933","targetHints":{"allow":["GET"]}}],"collection":[{"href":"https:\/\/www.europesays.com\/pt\/wp-json\/wp\/v2\/posts"}],"about":[{"href":"https:\/\/www.europesays.com\/pt\/wp-json\/wp\/v2\/types\/post"}],"author":[{"embeddable":true,"href":"https:\/\/www.europesays.com\/pt\/wp-json\/wp\/v2\/users\/2"}],"replies":[{"embeddable":true,"href":"https:\/\/www.europesays.com\/pt\/wp-json\/wp\/v2\/comments?post=129933"}],"version-history":[{"count":0,"href":"https:\/\/www.europesays.com\/pt\/wp-json\/wp\/v2\/posts\/129933\/revisions"}],"wp:featuredmedia":[{"embeddable":true,"href":"https:\/\/www.europesays.com\/pt\/wp-json\/wp\/v2\/media\/129934"}],"wp:attachment":[{"href":"https:\/\/www.europesays.com\/pt\/wp-json\/wp\/v2\/media?parent=129933"}],"wp:term":[{"taxonomy":"category","embeddable":true,"href":"https:\/\/www.europesays.com\/pt\/wp-json\/wp\/v2\/categories?post=129933"},{"taxonomy":"post_tag","embeddable":true,"href":"https:\/\/www.europesays.com\/pt\/wp-json\/wp\/v2\/tags?post=129933"}],"curies":[{"name":"wp","href":"https:\/\/api.w.org\/{rel}","templated":true}]}}