{"id":129941,"date":"2025-10-28T15:18:50","date_gmt":"2025-10-28T15:18:50","guid":{"rendered":"https:\/\/www.europesays.com\/pt\/129941\/"},"modified":"2025-10-28T15:18:50","modified_gmt":"2025-10-28T15:18:50","slug":"eurofighter-europeu-quer-substituir-cacas-f-16-em-portugal","status":"publish","type":"post","link":"https:\/\/www.europesays.com\/pt\/129941\/","title":{"rendered":"Eurofighter europeu quer substituir ca\u00e7as F-16 em Portugal"},"content":{"rendered":"<p>\n  De&amp;nbsp<b>Euronews<\/b>\n<\/p>\n<p>\n         Publicado a<br \/>\n            27\/10\/2025 &#8211; 20:31 GMT+1\n            <\/p>\n<p>O cons\u00f3rcio europeu que produz o<a href=\"https:\/\/www.eurofighter.com\/\" target=\"_blank\" rel=\"noreferrer nofollow noopener\"> Eurofighter<\/a> foi o mais recente candidato a entrar na fila de poss\u00edveis fornecedores de novos avi\u00f5es de combate a Portugal.<\/p>\n<p>O cons\u00f3rcio respons\u00e1vel pela constru\u00e7\u00e3o do avi\u00e3o Eurofighter Typhoon tem por base os esfor\u00e7os de quatro pa\u00edses europeus: Reino Unido, Alemanha, It\u00e1lia e Espanha, nas suas principais empresas aeroespaciais e de defesa: Airbus, BAE Systems e Leonardo.<\/p>\n<p>O grupo pretende fornecer os ca\u00e7as ao Estado portugu\u00eas que poder\u00e3o substituir os F-16 em fim de vida. <\/p>\n<p>A Airbus, que faz parte do grupo, assinou, esta segunda-feira, um memorando de entendimento com o Cluster Portugu\u00eas para as Ind\u00fastrias da Aeron\u00e1utica, Espa\u00e7o e Defesa (AED Cluster Portugal), &#8220;para identificar oportunidades de coopera\u00e7\u00e3o antes da pr\u00f3xima substitui\u00e7\u00e3o da frota de ca\u00e7as no pa\u00eds&#8221;. <\/p>\n<p>Caso o neg\u00f3cio avance, a Airbus, gigante franc\u00eas de avia\u00e7\u00e3o, que j\u00e1 conta com estruturas em Portugal, promete refor\u00e7ar a colabora\u00e7\u00e3o com o pa\u00eds, expandindo a sua opera\u00e7\u00e3o em territ\u00f3rio nacional. <\/p>\n<p>O cons\u00f3rcio, do qual a empresa faz parte, fala em &#8220;oportunidade&#8221;. <\/p>\n<p>\u201cVemos uma oportunidade para o Eurofighter. Somos o candidato ideal para substituir o F-16 em Portugal\u201d, disse hoje Ivan Gonzalez Exposito, diretor de vendas do Eurofighter, citado pelo <a href=\"https:\/\/jornaleconomico.sapo.pt\/noticias\/eurofighter-e-o-candidato-ideal-para-substituir-o-f-16-em-portugal\/\" target=\"_blank\" rel=\"noreferrer nofollow noopener\">jornal Econ\u00f3mico<\/a>. \u201cQueremos apoiar a autonomia estrat\u00e9gica que a Europa precisa. Isto \u00e9 muito importante para a soberania nacional e da Europa\u201d, refor\u00e7ou \u00e0quela publica\u00e7\u00e3o.<\/p>\n<p>O cons\u00f3rcio mostrou-se interessado no neg\u00f3cio, mas n\u00e3o foi o \u00fanico. <\/p>\n<p>A empresa sueca Saab j\u00e1 esteve em Portugal para mostrar o Gripen E como alternativa aos F-16 portugueses, assim como a norte-americana Lockheed Martin, que sugeriu o seu <a href=\"https:\/\/pt.euronews.com\/next\/2025\/04\/17\/havera-um-caca-europeu-que-possa-acabar-com-a-dependencia-dos-eua-e-dos-f-35\" rel=\"nofollow noopener\" target=\"_blank\">ca\u00e7a F-35 como poss\u00edvel solu\u00e7\u00e3o<\/a>. <\/p>\n<p>O cons\u00f3rcio indica que j\u00e1 abordou o Minist\u00e9rio da Defesa, embora o processo de substitui\u00e7\u00e3o ainda n\u00e3o tenha sido oficialmente lan\u00e7ado. <\/p>\n<p>&#8220;Inici\u00e1mos j\u00e1 conversa\u00e7\u00f5es com o Minist\u00e9rio da Defesa portugu\u00eas, bem como reuni\u00f5es com a For\u00e7a A\u00e9rea, para entender os requisitos. Sabemos que sair de uma rela\u00e7\u00e3o hist\u00f3rica com o F-16 n\u00e3o \u00e9 f\u00e1cil, mas estamos a trabalhar para mostrar como podemos corresponder \u00e0s necessidades operacionais. Este processo ser\u00e1 longo, dois a tr\u00eas anos, e ter\u00e1 de ter or\u00e7amento alocado. Queremos garantir que todas as pe\u00e7as, militares, pol\u00edticas e industriais, se alinham com uma proposta competitiva&#8221;, frisou Ivan Gonzalez Exposito, citado pelo <a href=\"https:\/\/www.dn.pt\/economia\/eurofighter-quer-ser-a-soluo-europeia-para-substituir-os-f-16-em-portugal\" target=\"_blank\" rel=\"noreferrer nofollow noopener\">Di\u00e1rio de Not\u00edcias<\/a>. <\/p>\n<p>O programa de coopera\u00e7\u00e3o Eurofighter j\u00e1 formalizou mais de 740 encomendas dessas aeronaves, realizadas por nove pa\u00edses: Alemanha, It\u00e1lia, Espanha, Reino Unido, \u00c1ustria, Ar\u00e1bia Saudita, Om\u00e3, Kuwait e Qatar.<\/p>\n<p>Esta segunda-feira, um novo pa\u00eds entrou para a lista. A Turquia anunciou a <a href=\"https:\/\/pt.euronews.com\/2025\/10\/27\/turquia-e-reino-unido-assinam-acordo-de-9-mil-milhoes-de-euros-para-compra-de-20-jatos-eur\" rel=\"nofollow noopener\" target=\"_blank\"><strong>encomenda de 20 jatos Eurofighter Typhoon.<\/strong> <\/a><\/p>\n","protected":false},"excerpt":{"rendered":"De&amp;nbspEuronews Publicado a 27\/10\/2025 &#8211; 20:31 GMT+1 O cons\u00f3rcio europeu que produz o Eurofighter foi o mais recente&hellip;\n","protected":false},"author":2,"featured_media":129942,"comment_status":"","ping_status":"","sticky":false,"template":"","format":"standard","meta":{"footnotes":""},"categories":[83],"tags":[1309,29511,88,2537,89,90,32,33],"class_list":{"0":"post-129941","1":"post","2":"type-post","3":"status-publish","4":"format-standard","5":"has-post-thumbnail","7":"category-empresas","8":"tag-airbus","9":"tag-aviao-de-combate","10":"tag-business","11":"tag-defesa","12":"tag-economy","13":"tag-empresas","14":"tag-portugal","15":"tag-pt"},"share_on_mastodon":{"url":"https:\/\/pubeurope.com\/@pt\/115452468468782340","error":""},"_links":{"self":[{"href":"https:\/\/www.europesays.com\/pt\/wp-json\/wp\/v2\/posts\/129941","targetHints":{"allow":["GET"]}}],"collection":[{"href":"https:\/\/www.europesays.com\/pt\/wp-json\/wp\/v2\/posts"}],"about":[{"href":"https:\/\/www.europesays.com\/pt\/wp-json\/wp\/v2\/types\/post"}],"author":[{"embeddable":true,"href":"https:\/\/www.europesays.com\/pt\/wp-json\/wp\/v2\/users\/2"}],"replies":[{"embeddable":true,"href":"https:\/\/www.europesays.com\/pt\/wp-json\/wp\/v2\/comments?post=129941"}],"version-history":[{"count":0,"href":"https:\/\/www.europesays.com\/pt\/wp-json\/wp\/v2\/posts\/129941\/revisions"}],"wp:featuredmedia":[{"embeddable":true,"href":"https:\/\/www.europesays.com\/pt\/wp-json\/wp\/v2\/media\/129942"}],"wp:attachment":[{"href":"https:\/\/www.europesays.com\/pt\/wp-json\/wp\/v2\/media?parent=129941"}],"wp:term":[{"taxonomy":"category","embeddable":true,"href":"https:\/\/www.europesays.com\/pt\/wp-json\/wp\/v2\/categories?post=129941"},{"taxonomy":"post_tag","embeddable":true,"href":"https:\/\/www.europesays.com\/pt\/wp-json\/wp\/v2\/tags?post=129941"}],"curies":[{"name":"wp","href":"https:\/\/api.w.org\/{rel}","templated":true}]}}