{"id":129945,"date":"2025-10-28T15:23:20","date_gmt":"2025-10-28T15:23:20","guid":{"rendered":"https:\/\/www.europesays.com\/pt\/129945\/"},"modified":"2025-10-28T15:23:20","modified_gmt":"2025-10-28T15:23:20","slug":"a-arquiteta-mexicana-que-esta-redesenhando-o-met-day-off","status":"publish","type":"post","link":"https:\/\/www.europesays.com\/pt\/129945\/","title":{"rendered":"A arquiteta mexicana que est\u00e1 redesenhando o Met | Day Off"},"content":{"rendered":"\n<p class=\" content-text__container \" data-track-category=\"Link no Texto\" data-track-links=\"\"> O escrit\u00f3rio de Escobedo j\u00e1 fez obras nos museus El Greco, na Cidade do M\u00e9xico, e Victoria and Albert, em Londres, e tamb\u00e9m atua como co-designer na renova\u00e7\u00e3o do Centre Pompidou, em Paris. Foi a arquiteta mais jovem a projetar no anual Serpentine Pavilion, nos Jardins de Kensington, na capital brit\u00e2nica. Sua base \u00e9 a Cidade do M\u00e9xico mas, com a obra no Met, abriu escrit\u00f3rio tamb\u00e9m em Nova York. <\/p>\n","protected":false},"excerpt":{"rendered":"O escrit\u00f3rio de Escobedo j\u00e1 fez obras nos museus El Greco, na Cidade do M\u00e9xico, e Victoria and&hellip;\n","protected":false},"author":2,"featured_media":129946,"comment_status":"","ping_status":"","sticky":false,"template":"","format":"standard","meta":{"footnotes":""},"categories":[144],"tags":[207,205,206,203,201,202,204,114,115,32,33],"class_list":{"0":"post-129945","1":"post","2":"type-post","3":"status-publish","4":"format-standard","5":"has-post-thumbnail","7":"category-arte-e-design","8":"tag-arte","9":"tag-arte-e-design","10":"tag-artedesign","11":"tag-arts","12":"tag-arts-and-design","13":"tag-artsanddesign","14":"tag-design","15":"tag-entertainment","16":"tag-entretenimento","17":"tag-portugal","18":"tag-pt"},"share_on_mastodon":{"url":"https:\/\/pubeurope.com\/@pt\/115452484236965646","error":""},"_links":{"self":[{"href":"https:\/\/www.europesays.com\/pt\/wp-json\/wp\/v2\/posts\/129945","targetHints":{"allow":["GET"]}}],"collection":[{"href":"https:\/\/www.europesays.com\/pt\/wp-json\/wp\/v2\/posts"}],"about":[{"href":"https:\/\/www.europesays.com\/pt\/wp-json\/wp\/v2\/types\/post"}],"author":[{"embeddable":true,"href":"https:\/\/www.europesays.com\/pt\/wp-json\/wp\/v2\/users\/2"}],"replies":[{"embeddable":true,"href":"https:\/\/www.europesays.com\/pt\/wp-json\/wp\/v2\/comments?post=129945"}],"version-history":[{"count":0,"href":"https:\/\/www.europesays.com\/pt\/wp-json\/wp\/v2\/posts\/129945\/revisions"}],"wp:featuredmedia":[{"embeddable":true,"href":"https:\/\/www.europesays.com\/pt\/wp-json\/wp\/v2\/media\/129946"}],"wp:attachment":[{"href":"https:\/\/www.europesays.com\/pt\/wp-json\/wp\/v2\/media?parent=129945"}],"wp:term":[{"taxonomy":"category","embeddable":true,"href":"https:\/\/www.europesays.com\/pt\/wp-json\/wp\/v2\/categories?post=129945"},{"taxonomy":"post_tag","embeddable":true,"href":"https:\/\/www.europesays.com\/pt\/wp-json\/wp\/v2\/tags?post=129945"}],"curies":[{"name":"wp","href":"https:\/\/api.w.org\/{rel}","templated":true}]}}