{"id":129949,"date":"2025-10-28T15:27:07","date_gmt":"2025-10-28T15:27:07","guid":{"rendered":"https:\/\/www.europesays.com\/pt\/129949\/"},"modified":"2025-10-28T15:27:07","modified_gmt":"2025-10-28T15:27:07","slug":"matthew-perry-e-filme-garota-roubada-o-que-ver-na-terca-27-10-2025-ilustrada","status":"publish","type":"post","link":"https:\/\/www.europesays.com\/pt\/129949\/","title":{"rendered":"Matthew Perry e filme &#8216;Garota Roubada&#8217;: o que ver na ter\u00e7a &#8211; 27\/10\/2025 &#8211; Ilustrada"},"content":{"rendered":"<p>Inspirado em uma hist\u00f3ria real, &#8220;Garota Roubada&#8221; tem <a href=\"https:\/\/f5.folha.uol.com.br\/celebridades\/2025\/07\/kate-beckinsale-processa-produtores-de-canario-negro-por-condicoes-inseguras-nas-filmagens.shtml\" rel=\"nofollow noopener\" target=\"\">Kate Beckinsale<\/a> e <a href=\"https:\/\/m.folha.uol.com.br\/serafina\/2015\/03\/1592379-filho-de-clint-eastwood-busca-espaco-no-cinema-enquanto-fabrica-uisque.shtml\" rel=\"nofollow noopener\" target=\"\">Scott Eastwood<\/a> nos pap\u00e9is principais. A filha de Maureen \u00e9 sequestrada pelo ex-marido e levada para o <a href=\"https:\/\/www1.folha.uol.com.br\/folha-topicos\/oriente-medio\/\" rel=\"nofollow noopener\" target=\"\">Oriente M\u00e9dio<\/a>. Determinada a n\u00e3o esperar por ajuda oficial, Maureen se une a um ex-fuzileiro naval e parte para uma perigosa miss\u00e3o em <a href=\"https:\/\/www1.folha.uol.com.br\/folha-topicos\/beirute\/\" rel=\"nofollow noopener\" target=\"\">Beirute<\/a> em busca da filha, enfrentando espionagem, trai\u00e7\u00e3o e corrup\u00e7\u00e3o.<\/p>\n<p><strong>Onde ver<\/strong>: Lojas digitais, 16 anos<\/p>\n<p>Matthew Perry: A Hollywood Tragedy<\/p>\n<p><strong>Onde ver<\/strong>: Universal+, 14 anos<\/p>\n<p>O document\u00e1rio examina a ascens\u00e3o do ator <a href=\"https:\/\/www1.folha.uol.com.br\/folha-topicos\/matthew-perry\/\" rel=\"nofollow noopener\" target=\"\">Matthew Perry<\/a> \u00e0 fama, seus tr\u00e1gicos \u00faltimos dias e as acusa\u00e7\u00f5es criminais contra cinco pessoas, incluindo dois m\u00e9dicos e uma mulher conhecida como a &#8220;<a href=\"https:\/\/f5.folha.uol.com.br\/celebridades\/2025\/08\/rainha-da-cetamina-que-vendeu-droga-que-matou-matthew-perry-vai-se-declarar-culpada.shtml\" rel=\"nofollow noopener\" target=\"\">Rainha da Cetamina<\/a>&#8221; de <a href=\"https:\/\/www1.folha.uol.com.br\/folha-topicos\/hollywood\/\" rel=\"nofollow noopener\" target=\"\">Hollywood<\/a>.<\/p>\n<p>O Amigo<\/p>\n<p><strong>Onde ver<\/strong>: Prime Video, 12 anos<\/p>\n<p><a href=\"https:\/\/f5.folha.uol.com.br\/celebridades\/2025\/03\/filha-trans-de-naomi-watts-faz-sua-estreia-na-semana-de-moda-de-paris.shtml\" rel=\"nofollow noopener\" target=\"\">Naomi Watts<\/a> vive Iris, uma escritora novaiorquina solit\u00e1ria que, ap\u00f3s a morte de seu grande amigo e mentor \u2014interpretado por <a href=\"https:\/\/f5.folha.uol.com.br\/cinema-e-series\/2022\/05\/diferenca-de-opiniao-diz-bill-murray-apos-denuncia-de-conduta-inapropriada.shtml\" rel=\"nofollow noopener\" target=\"\">Bill <\/a><a href=\"https:\/\/f5.folha.uol.com.br\/cinema-e-series\/2022\/05\/diferenca-de-opiniao-diz-bill-murray-apos-denuncia-de-conduta-inapropriada.shtml\" rel=\"nofollow noopener\" target=\"\">Murray<\/a>\u2014 herda seu imenso <a href=\"https:\/\/fotografia.folha.uol.com.br\/galerias\/1831236351399861-o-maior-e-o-menor-cao-do-mundo\" rel=\"nofollow noopener\" target=\"\">dogue-alem\u00e3o<\/a>, Apollo. A presen\u00e7a desse c\u00e3o gigante no pequeno apartamento de Iris faz com que ela confronte seu passado e sua escrita.<\/p>\n<p>Pesadelos da Natureza<\/p>\n<p><strong>Onde ver<\/strong>: Netflix, 12 anos<\/p>\n<p>Um gamb\u00e1 jovem, um filhote de iguana e uma aranha saltadora tentam sobreviver em uma floresta tropical da Am\u00e9rica Central, especialmente ap\u00f3s descobrirem um laborat\u00f3rio abandonado. Segunda temporada da s\u00e9rie documental narrada por <a href=\"https:\/\/f5.folha.uol.com.br\/celebridades\/2025\/02\/maya-hawke-relembra-comentario-de-produtor-voce-fica-mais-bonita-de-boca-fechada.shtml\" rel=\"nofollow noopener\" target=\"\">Maya Hawke<\/a>.<\/p>\n<p>Sem Censura<\/p>\n<p><strong>Onde ver<\/strong>: TV Brasil, 16h, livre<\/p>\n<p>Com uma trajet\u00f3ria repleta de sucessos como ator, <a href=\"https:\/\/www1.folha.uol.com.br\/folha-topicos\/alexandre-nero\/\" rel=\"nofollow noopener\" target=\"\">Alexandre Nero<\/a> solta a voz para cantar. Ele tamb\u00e9m fala sobre a novela &#8220;<a href=\"https:\/\/www1.folha.uol.com.br\/folha-topicos\/vale-tudo-novela\/\" rel=\"nofollow noopener\" target=\"\">Vale Tudo<\/a>&#8220;, na qual atuou ao lado da atriz <a href=\"https:\/\/f5.folha.uol.com.br\/televisao\/2025\/08\/karine-teles-conta-que-sofreu-bullying-na-infancia-vivi-situacoes-de-extrema-violencia.shtml\" rel=\"nofollow noopener\" target=\"\">Karine Teles<\/a>, que divulga o filme &#8220;Cyclone&#8221;, com estreia prevista para novembro. A pneumologista <a href=\"https:\/\/www1.folha.uol.com.br\/podcasts\/2025\/05\/medica-referencia-da-pandemia-fala-em-podcast-sobre-morte-e-conservadorismo-de-colegas-jovens.shtml\" rel=\"nofollow noopener\" target=\"\">Margareth Dalcolmo<\/a> completa o time de convidados.<\/p>\n<p>Provoca<\/p>\n<p><strong>Onde ver<\/strong>: TV Cultura, 22h, livre<\/p>\n<p><a href=\"https:\/\/www1.folha.uol.com.br\/folha-topicos\/marcelo-tas\/\" rel=\"nofollow noopener\" target=\"\">Marcelo Tas<\/a> conversa com a atriz <a href=\"https:\/\/www1.folha.uol.com.br\/ilustrada\/2025\/10\/zeze-polessa-encarna-cantora-nara-leao-em-musical-solo-dirigido-por-miguel-falabella.shtml\" rel=\"nofollow noopener\" target=\"\">Zez\u00e9 Polessa<\/a>, que est\u00e1 em cartaz com o mon\u00f3logo &#8220;<a href=\"https:\/\/www1.folha.uol.com.br\/ilustrada\/2025\/10\/zeze-polessa-encarna-cantora-nara-leao-em-musical-solo-dirigido-por-miguel-falabella.shtml\" rel=\"nofollow noopener\" target=\"\">Os Olhos de Nara Le\u00e3o<\/a>&#8221; em S\u00e3o Paulo. Zez\u00e9 fala sobre sua primeira forma\u00e7\u00e3o acad\u00eamica, em medicina, e relembra ter sido expulsa de casa quando decidiu ser artista.<\/p>\n","protected":false},"excerpt":{"rendered":"Inspirado em uma hist\u00f3ria real, &#8220;Garota Roubada&#8221; tem Kate Beckinsale e Scott Eastwood nos pap\u00e9is principais. A filha&hellip;\n","protected":false},"author":2,"featured_media":129950,"comment_status":"","ping_status":"","sticky":false,"template":"","format":"standard","meta":{"footnotes":""},"categories":[140],"tags":[2325,6714,114,115,147,148,236,753,10312,29514,17687,9227,21607,146,150,6713,29513,32,33,3787,8406,2930,600,29512],"class_list":{"0":"post-129949","1":"post","2":"type-post","3":"status-publish","4":"format-standard","5":"has-post-thumbnail","7":"category-filmes","8":"tag-alexandre-nero","9":"tag-bill-murray","10":"tag-entertainment","11":"tag-entretenimento","12":"tag-film","13":"tag-filmes","14":"tag-folha","15":"tag-globo","16":"tag-karine-teles","17":"tag-kate-beckinsale","18":"tag-marcelo-tas","19":"tag-matthew-perry","20":"tag-maya-hawke","21":"tag-movies","22":"tag-musica","23":"tag-naomi-watts","24":"tag-nara-leao","25":"tag-portugal","26":"tag-pt","27":"tag-tv-brasil","28":"tag-tv-cultura","29":"tag-vale-tudo-novela","30":"tag-veja-video","31":"tag-zeze-polessa"},"share_on_mastodon":{"url":"https:\/\/pubeurope.com\/@pt\/115452499902670784","error":""},"_links":{"self":[{"href":"https:\/\/www.europesays.com\/pt\/wp-json\/wp\/v2\/posts\/129949","targetHints":{"allow":["GET"]}}],"collection":[{"href":"https:\/\/www.europesays.com\/pt\/wp-json\/wp\/v2\/posts"}],"about":[{"href":"https:\/\/www.europesays.com\/pt\/wp-json\/wp\/v2\/types\/post"}],"author":[{"embeddable":true,"href":"https:\/\/www.europesays.com\/pt\/wp-json\/wp\/v2\/users\/2"}],"replies":[{"embeddable":true,"href":"https:\/\/www.europesays.com\/pt\/wp-json\/wp\/v2\/comments?post=129949"}],"version-history":[{"count":0,"href":"https:\/\/www.europesays.com\/pt\/wp-json\/wp\/v2\/posts\/129949\/revisions"}],"wp:featuredmedia":[{"embeddable":true,"href":"https:\/\/www.europesays.com\/pt\/wp-json\/wp\/v2\/media\/129950"}],"wp:attachment":[{"href":"https:\/\/www.europesays.com\/pt\/wp-json\/wp\/v2\/media?parent=129949"}],"wp:term":[{"taxonomy":"category","embeddable":true,"href":"https:\/\/www.europesays.com\/pt\/wp-json\/wp\/v2\/categories?post=129949"},{"taxonomy":"post_tag","embeddable":true,"href":"https:\/\/www.europesays.com\/pt\/wp-json\/wp\/v2\/tags?post=129949"}],"curies":[{"name":"wp","href":"https:\/\/api.w.org\/{rel}","templated":true}]}}