{"id":129961,"date":"2025-10-28T15:37:18","date_gmt":"2025-10-28T15:37:18","guid":{"rendered":"https:\/\/www.europesays.com\/pt\/129961\/"},"modified":"2025-10-28T15:37:18","modified_gmt":"2025-10-28T15:37:18","slug":"frei-otto-o-arquiteto-que-costurou-o-ceu-com-estruturas-leves-e-quase-invisiveis-inspiradas-em-gaudi-arquitetura","status":"publish","type":"post","link":"https:\/\/www.europesays.com\/pt\/129961\/","title":{"rendered":"Frei Otto: o arquiteto que costurou o c\u00e9u com estruturas leves e quase invis\u00edveis inspiradas em Gaud\u00ed | Arquitetura"},"content":{"rendered":"\n<p class=\" content-text__container \" data-track-category=\"Link no Texto\" data-track-links=\"\"> Otto foi um verdadeiro precursor da sustentabilidade \u2014 palavra inexistente na \u00e9poca \u2014, que soube desenvolver gra\u00e7as a uma abordagem hol\u00edstica que integrava sociologia, urbanismo e engenharia. A arquitetura se tornou para ele uma arte transversal, tendo a tens\u00e3o como elemento-chave para dar forma \u00e0s suas ab\u00f3badas em <a class=\"\" href=\"https:\/\/casavogue.globo.com\/smart\/noticia\/2022\/12\/trelica.ghtml\" rel=\"nofollow noopener\" target=\"_blank\">treli\u00e7a<\/a>, estruturas pneum\u00e1ticas e redes de cabos. Gra\u00e7as a seu s\u00f3cio Peter Stromeyer, desenvolveu a tenda para a Exposi\u00e7\u00e3o de Jardinagem Federal em Col\u00f4nia, um elemento inovador que consolidou sua iconografia de estruturas tensionadas na Alemanha \u2014 cujo auge chegou com o pavilh\u00e3o alem\u00e3o para a Exposi\u00e7\u00e3o Universal de 1967 e com a cobertura do Est\u00e1dio Ol\u00edmpico da Expo de Munique de 1972. De seu ateli\u00ea em Berlim e, posteriormente, em Stuttgart, Otto transformou a maneira de projetar grandes espa\u00e7os a partir da observa\u00e7\u00e3o atenta \u2014 quase meditativa \u2014 dos fen\u00f4menos f\u00edsicos. <\/p>\n","protected":false},"excerpt":{"rendered":"Otto foi um verdadeiro precursor da sustentabilidade \u2014 palavra inexistente na \u00e9poca \u2014, que soube desenvolver gra\u00e7as a&hellip;\n","protected":false},"author":2,"featured_media":129962,"comment_status":"","ping_status":"","sticky":false,"template":"","format":"standard","meta":{"footnotes":""},"categories":[144],"tags":[207,205,206,203,201,202,204,114,115,32,33],"class_list":{"0":"post-129961","1":"post","2":"type-post","3":"status-publish","4":"format-standard","5":"has-post-thumbnail","7":"category-arte-e-design","8":"tag-arte","9":"tag-arte-e-design","10":"tag-artedesign","11":"tag-arts","12":"tag-arts-and-design","13":"tag-artsanddesign","14":"tag-design","15":"tag-entertainment","16":"tag-entretenimento","17":"tag-portugal","18":"tag-pt"},"share_on_mastodon":{"url":"https:\/\/pubeurope.com\/@pt\/115452539255633490","error":""},"_links":{"self":[{"href":"https:\/\/www.europesays.com\/pt\/wp-json\/wp\/v2\/posts\/129961","targetHints":{"allow":["GET"]}}],"collection":[{"href":"https:\/\/www.europesays.com\/pt\/wp-json\/wp\/v2\/posts"}],"about":[{"href":"https:\/\/www.europesays.com\/pt\/wp-json\/wp\/v2\/types\/post"}],"author":[{"embeddable":true,"href":"https:\/\/www.europesays.com\/pt\/wp-json\/wp\/v2\/users\/2"}],"replies":[{"embeddable":true,"href":"https:\/\/www.europesays.com\/pt\/wp-json\/wp\/v2\/comments?post=129961"}],"version-history":[{"count":0,"href":"https:\/\/www.europesays.com\/pt\/wp-json\/wp\/v2\/posts\/129961\/revisions"}],"wp:featuredmedia":[{"embeddable":true,"href":"https:\/\/www.europesays.com\/pt\/wp-json\/wp\/v2\/media\/129962"}],"wp:attachment":[{"href":"https:\/\/www.europesays.com\/pt\/wp-json\/wp\/v2\/media?parent=129961"}],"wp:term":[{"taxonomy":"category","embeddable":true,"href":"https:\/\/www.europesays.com\/pt\/wp-json\/wp\/v2\/categories?post=129961"},{"taxonomy":"post_tag","embeddable":true,"href":"https:\/\/www.europesays.com\/pt\/wp-json\/wp\/v2\/tags?post=129961"}],"curies":[{"name":"wp","href":"https:\/\/api.w.org\/{rel}","templated":true}]}}