{"id":129973,"date":"2025-10-28T15:47:13","date_gmt":"2025-10-28T15:47:13","guid":{"rendered":"https:\/\/www.europesays.com\/pt\/129973\/"},"modified":"2025-10-28T15:47:13","modified_gmt":"2025-10-28T15:47:13","slug":"e-como-libertar-uma-dezena-de-bombas-de-hiroshima-numa-cadencia-de-segundos-o-impacto-do-furacao-melissa","status":"publish","type":"post","link":"https:\/\/www.europesays.com\/pt\/129973\/","title":{"rendered":"\u00c9 como &#8220;libertar uma dezena de bombas de Hiroshima numa cad\u00eancia de segundos&#8221;: o impacto do furac\u00e3o Melissa"},"content":{"rendered":"<p>\t                Trata-se de &#8220;um dos furac\u00f5es mais intensos de que h\u00e1 registo&#8221; &#8211; ventos v\u00e3o superar os 280 km\/h<\/p>\n<p lang=\"EN-US\" paraeid=\"{8c91441e-e280-43ef-aac5-09a4803bbdf9}{150}\" paraid=\"879854809\" xml:lang=\"EN-US\">O <a href=\"https:\/\/cnnportugal.iol.pt\/furacao-melissa\/jamaica\/furacao-melissa-avanca-em-direcao-a-jamaica-com-ventos-superiores-a-280-km-h\/20251028\/69008c9ad34e58bc679761d0\" target=\"_blank\" rel=\"nofollow noopener\">furac\u00e3o\u00a0Melissa<\/a>, que vai atingir a Jamaica e depois Cuba,\u00a0\u00e9 descrito pelo climatologista M\u00e1rio Marques\u00a0\u00e0 CNN Portugal\u00a0como \u201cum dos furac\u00f5es mais intensos de que h\u00e1 registo, eventualmente no top 10 em termos hist\u00f3ricos\u201d. Mant\u00e9m a categoria 5 h\u00e1 mais de 48 horas e deve continuar nessa escala por mais 24 horas.\u00a0\u00a0<\/p>\n<p paraeid=\"{33fce451-180f-479c-9069-e6f74500d0cc}{47}\" paraid=\"783293264\" xml:lang=\"EN-US\">Segundo o especialista, o que torna o Melissa particularmente perigoso n\u00e3o \u00e9 apenas a sua for\u00e7a mas \u201ca sua progress\u00e3o extremamente lenta\u201d. M\u00e1rio Marques explica que, \u201cquando um furac\u00e3o \u00e9\u00a0mais intenso, a sua progress\u00e3o \u00e9 muito mais lenta\u201d e essa lentid\u00e3o far\u00e1 com que o sistema permane\u00e7a muito mais tempo sobre o mesmo territ\u00f3rio, provocando chuvas intensas, ventos destrutivos,\u00a0inunda\u00e7\u00f5es prolongadas\u00a0e consequentemente maior\u00a0destrui\u00e7\u00e3o.\u00a0<\/p>\n<p paraeid=\"{c301b4ce-a28f-4e85-a4f5-895f676b7123}{190}\" paraid=\"550631212\" xml:lang=\"EN-US\">O \u201colho do furac\u00e3o vai passar mesmo sobre o centro da Jamaica\u201d e, al\u00e9m dos ventos superiores a\u00a0280 km\/h, o Melissa est\u00e1 a causar uma eleva\u00e7\u00e3o do n\u00edvel do mar \u201cde quase tr\u00eas metros, sem contar com a ondula\u00e7\u00e3o\u00a0de oito a nove metros\u201d. Esta combina\u00e7\u00e3o provoca o chamado &#8220;galgamento mar\u00edtimo&#8221;, respons\u00e1vel por vastas inunda\u00e7\u00f5es em zonas costeiras. \u201c\u00c9 uma situa\u00e7\u00e3o extremamente perigosa\u201d, sublinha M\u00e1rio Marques.\u00a0\u00a0<\/p>\n<p paraeid=\"{036267de-ade6-4e77-835b-6c1008454b85}{128}\" paraid=\"1555051967\" xml:lang=\"EN-US\">O climatologista mostra-se preocupado com o facto de as autoridades n\u00e3o terem conseguido convencer as pessoas a deixarem as suas habita\u00e7\u00f5es e alerta que \u201cisso aumenta a vulnerabilidade e o impacto sobre a popula\u00e7\u00e3o\u201d. M\u00e1rio Marques sublinha que as pessoas \u201cdevem ir para os abrigos indicados\u00a0pelo governo, sair das zonas costeiras o mais r\u00e1pido poss\u00edvel e procurar locais mais elevados e estruturas mais resistentes ao vento\u201d, onde exista o essencial para suportar as quatro horas cr\u00edticas de passagem do furac\u00e3o.\u00a0<\/p>\n<p paraeid=\"{60847eec-daa7-4a5f-9d40-6e95aa3de208}{146}\" paraid=\"1963508048\" xml:lang=\"EN-US\">A intensidade do\u00a0Melissa\u00a0\u201c\u00e9 como se se libertasse numa cad\u00eancia de segundos uma dezena de bombas at\u00f3micas de\u00a0Hiroshima\u201d.\u00a0O aumento da temperatura da \u00e1gua do mar\u00a0faz com que o sistema encontre \u201cmuita energia associada e muita alimenta\u00e7\u00e3o de vapor de \u00e1gua\u201d, o que torna estes fen\u00f3menos mais intensos.\u00a0\u00a0<\/p>\n<p paraeid=\"{1192eb58-4357-4b8e-8713-f15ff9c1a97e}{150}\" paraid=\"1022635199\" xml:lang=\"EN-US\">O sistema nasceu de \u201cuma onda tropical vinda de \u00c1frica central\u201d que, ao alcan\u00e7ar \u00e1guas anormalmente quentes,\u00a0\u00e0 volta de 32\u00a0graus no sul das Cara\u00edbas,\u00a0acumulou muita energia e vapor de \u00e1gua &#8211; o que criou o ambiente perfeito para o seu crescimento\u00a0exponencial. M\u00e1rio Marques explica que o calor extremo do oceano serve de combust\u00edvel para estas tempestades e que os furac\u00f5es funcionam como \u201cv\u00e1lvulas de escape\u201d para libertar a energia acumulada.\u00a0<\/p>\n<p paraeid=\"{2f870119-1778-40ef-8eb1-d1428a3c22dc}{86}\" paraid=\"437396525\" xml:lang=\"EN-US\">M\u00e1rio Marques recorda o furac\u00e3o Katrina, de 2005, como o mais semelhante ao Melissa e refere que \u201co Katrina foi muito intenso, tamb\u00e9m\u00a0categoria 5, e as \u00e1guas do Golfo naquela altura estavam com uma anomalia muito positiva, perto dos 31 graus\u201d.\u00a0O especialista lembra ainda que algumas ilhas, como Porto Rico e a ilha de S\u00e3o Martinho, \u201cforam devastadas por furac\u00f5es de categoria 4 e 5 e ainda n\u00e3o recuperaram totalmente\u201d.\u00a0<\/p>\n<p paraeid=\"{b6605c0f-1c2b-47d3-85d8-f1290b47a2a4}{153}\" paraid=\"1055323852\" xml:lang=\"EN-US\">Entre a Jamaica e Cuba, o furac\u00e3o ir\u00e1 permanecer nessa altura na categoria quatro e s\u00f3 quando estiver a atravessar Cuba\u00a0\u00e9 que dever\u00e1 enfraquecer para a categoria tr\u00eas ou dois, por isso\u00a0\u201cainda vai afetar Cuba com um impacto significativo\u201d.\u00a0<\/p>\n<p paraeid=\"{b47d646d-fd88-4b4d-b231-2793a8e2b221}{37}\" paraid=\"1033503021\" xml:lang=\"EN-US\">Em Portugal, embora o pa\u00eds n\u00e3o esteja na rota destes sistemas, M\u00e1rio Marques alerta que \u201co litoral \u00e9 a \u00e1rea mais vulner\u00e1vel\u201d e que\u00a0estamos\u00a0\u201cpouco preparados, n\u00e3o s\u00f3 em termos de previs\u00e3o e acompanhamento, mas sobretudo na preven\u00e7\u00e3o\u201d.\u00a0\u00a0<\/p>\n","protected":false},"excerpt":{"rendered":"Trata-se de &#8220;um dos furac\u00f5es mais intensos de que h\u00e1 registo&#8221; &#8211; ventos v\u00e3o superar os 280 km\/h&hellip;\n","protected":false},"author":2,"featured_media":129974,"comment_status":"","ping_status":"","sticky":false,"template":"","format":"standard","meta":{"footnotes":""},"categories":[50],"tags":[609,611,27,28,607,608,610,15,16,20336,830,14,6808,82,25,26,570,21,22,29517,62,12,13,19,20,23,24,3813,839,20982,17,18,840,29,30,31,63,64,65,3814],"class_list":{"0":"post-129973","1":"post","2":"type-post","3":"status-publish","4":"format-standard","5":"has-post-thumbnail","7":"category-mundo","8":"tag-alerta","9":"tag-ao-minuto","10":"tag-breaking-news","11":"tag-breakingnews","12":"tag-cnn","13":"tag-cnn-portugal","14":"tag-direto","15":"tag-featured-news","16":"tag-featurednews","17":"tag-furacao","18":"tag-guerra","19":"tag-headlines","20":"tag-hiroshima","21":"tag-internacional","22":"tag-latest-news","23":"tag-latestnews","24":"tag-live","25":"tag-main-news","26":"tag-mainnews","27":"tag-melissa","28":"tag-mundo","29":"tag-news","30":"tag-noticias","31":"tag-noticias-principais","32":"tag-noticiasprincipais","33":"tag-principais-noticias","34":"tag-principaisnoticias","35":"tag-putin","36":"tag-russia","37":"tag-tempestade","38":"tag-top-stories","39":"tag-topstories","40":"tag-ucrania","41":"tag-ultimas","42":"tag-ultimas-noticias","43":"tag-ultimasnoticias","44":"tag-world","45":"tag-world-news","46":"tag-worldnews","47":"tag-zelensky"},"share_on_mastodon":{"url":"","error":"Validation failed: Text character limit of 500 exceeded"},"_links":{"self":[{"href":"https:\/\/www.europesays.com\/pt\/wp-json\/wp\/v2\/posts\/129973","targetHints":{"allow":["GET"]}}],"collection":[{"href":"https:\/\/www.europesays.com\/pt\/wp-json\/wp\/v2\/posts"}],"about":[{"href":"https:\/\/www.europesays.com\/pt\/wp-json\/wp\/v2\/types\/post"}],"author":[{"embeddable":true,"href":"https:\/\/www.europesays.com\/pt\/wp-json\/wp\/v2\/users\/2"}],"replies":[{"embeddable":true,"href":"https:\/\/www.europesays.com\/pt\/wp-json\/wp\/v2\/comments?post=129973"}],"version-history":[{"count":0,"href":"https:\/\/www.europesays.com\/pt\/wp-json\/wp\/v2\/posts\/129973\/revisions"}],"wp:featuredmedia":[{"embeddable":true,"href":"https:\/\/www.europesays.com\/pt\/wp-json\/wp\/v2\/media\/129974"}],"wp:attachment":[{"href":"https:\/\/www.europesays.com\/pt\/wp-json\/wp\/v2\/media?parent=129973"}],"wp:term":[{"taxonomy":"category","embeddable":true,"href":"https:\/\/www.europesays.com\/pt\/wp-json\/wp\/v2\/categories?post=129973"},{"taxonomy":"post_tag","embeddable":true,"href":"https:\/\/www.europesays.com\/pt\/wp-json\/wp\/v2\/tags?post=129973"}],"curies":[{"name":"wp","href":"https:\/\/api.w.org\/{rel}","templated":true}]}}