{"id":129977,"date":"2025-10-28T15:51:14","date_gmt":"2025-10-28T15:51:14","guid":{"rendered":"https:\/\/www.europesays.com\/pt\/129977\/"},"modified":"2025-10-28T15:51:14","modified_gmt":"2025-10-28T15:51:14","slug":"do-estilo-colonial-ao-modernismo-do-raio-que-o-parta-belem-mantem-viva-na-arquitetura-sua-historia-o-globo","status":"publish","type":"post","link":"https:\/\/www.europesays.com\/pt\/129977\/","title":{"rendered":"Do estilo colonial ao modernismo do &#039;raio-que-o-parta&#039;, Bel\u00e9m mant\u00e9m viva na arquitetura sua Hist\u00f3ria &#8211; O Globo"},"content":{"rendered":"<ol>\n<li><a href=\"https:\/\/news.google.com\/rss\/articles\/CBMi-gFBVV95cUxPckVXeWNIczl1ZHlEWUhvTW9lSnExM09wN29zRG0yamNDMFNuTXJyVGtJMEdNbDQzVXNkMnJZZWw4dE9xT0Zobk5TRGUydTFsRERCdWRndzBDTTdHY2VJQ3FPZ0ZWOUtSREgydGZnSHdXNUZHTUZ5V01oN1RyWjcwT2pYQWVrMFgxdzNQcWllSjJjVVRCM1UwNC1tNzVOMXl6Y3dnUk1KSEdVNllZSXpyckUyeTdJSTdXNGhtZUpMWXIzR0pfZUdITVBESW83ZFZfcDY2eVItQjN0ckEtcDE4MU90Vnp1bzVMaFFXNHU1R1B3Ny1HZ1NYWm5R0gGIAkFVX3lxTE10V01RN0d3V3NvSEw0bEZXVTA3RlBCbmR6OVhTTkxvQnNKWVJuSWo3ekFLal9DaklVa0xrSVlpZ2tlX1pBZERRNFg0ZzNacmE5SXpneWxZaXBWMXhXWWpOOUJhejBDeXFzQllhQ3J4U01OZzdma3BoTzdUZ2FBWGk5dTFncmVhcHNTM19SeTFDUlo1QmRUM0lkUHlieEVmZG5TQ1VrMEktT1l3MnJZcHFyOGdSYU1LQTRKR0FCa0gyd0N6dkxZQW5LZUtYcFZic0NxLVpOSmRVNk1RNjljQzE1bExwZlg3ZEN2WkxHQ3dXVkJBcTlvd1MzcTJKWnl2dVhBbFZ5Qkk0dQ?oc=5\" target=\"_blank\" rel=\"nofollow noopener\">Do estilo colonial ao modernismo do &#8216;raio-que-o-parta&#8217;, Bel\u00e9m mant\u00e9m viva na arquitetura sua Hist\u00f3ria<\/a>&nbsp;&nbsp;O Globo<\/li>\n<li><a href=\"https:\/\/news.google.com\/rss\/articles\/CBMisgFBVV95cUxONUllcmdDaldVZU1zeHZsb0RCZGJzTGlPMlFYTlpoZzRIVzJENzhFV1pFSGtIOWdCLTJreGUtcDJIcElmcUQ3Z1dvWDVhSUZmeUZNN0sxTVMxR0FTRmxmczB2WmpHN2xmRjRuUE91MkVUNE1UbzRrcTBTTkxJLVFUOFpjaHpyUDJMTzVvZTI2RVpzRFgwM0pKdWdlSUlyb25xQU1sbHNZSTBuMVhDX1VIaG5R?oc=5\" target=\"_blank\" rel=\"nofollow noopener\">Conhe\u00e7a a Nova Doca: o novo parque urbano que est\u00e1 mudando a paisagem de Bel\u00e9m<\/a>&nbsp;&nbsp;diariodopara.com.br<\/li>\n<li><a href=\"https:\/\/news.google.com\/rss\/articles\/CBMisgFBVV95cUxQS2hRbDBQQ3MtV1FMbXd6VDNIUlBFNEtwTEVURUUzR0J4eXVFVXBxNGFMbkp4aVN5MnJYQ0NQazRlZmJ3WVpRQ2hyT3FrcDZJWWItZk01S3NPRVphcjFJNEprdVRqZEFWNU5Ga1lRN1lNRXBzUU1lRkdKTldpYUp6QTVwZ1UxQjVkQW4ySlFrV3ZTclhvQ2djd2V1R1VJNGtCd0k3VjViV3VScE5JOUhIMTNR?oc=5\" target=\"_blank\" rel=\"nofollow noopener\">Novos espa\u00e7os tur\u00edsticos em Bel\u00e9m prometem atrair visitantes<\/a>&nbsp;&nbsp;TV Brasil |<\/li>\n<li><a href=\"https:\/\/news.google.com\/rss\/articles\/CBMivgFBVV95cUxPV1lFZGRGNFpLZzAtYjNjSUpITTB6MzZibzlYcFlhQmJseHVoMG00U2dqMVBBVE55UkthN3NjclhkcVJBbjgwelZGYUZUdGpyOXBISGk0d2xGeVdRRXNBNFZEaUxiWjFWemRIS2o3eEJLcFlHa3hOc1NIUW9rcWhEbm82d1BOTktjOVdXOHpDTTk0blFfcnhZX3pNdm5pVmp0ZUxlQzM2WFFhVGl6SzFYMUwzcEJWeF9odVd1dVF3?oc=5\" target=\"_blank\" rel=\"nofollow noopener\">Esta cidade amaz\u00f4nica pode surpreender pelo estilo de vida dos moradores<\/a>&nbsp;&nbsp;Monitor do Mercado<\/li>\n<li><a href=\"https:\/\/news.google.com\/rss\/articles\/CBMihwFBVV95cUxQVGdGWlEwNlV2MHpoQ1NpeWFnSzNuTVZiQ21LQl9KWXdWQXBYdTc5QmJJUGVGY2QtZ1B0V0RPRWl0TDZPUHFlajNieVpVNGVqdUZYcjN0X29DS3VhVFB4SXBXNTBxemp6QzE3bk9zUFp0bkdOcXV1T0pySEJqdUJ5MUNDQ3V0Mkk?oc=5\" target=\"_blank\" rel=\"nofollow noopener\">Bel\u00e9m est\u00e1 linda, mas n\u00e3o pode esquecer de Dudu Trampa<\/a>&nbsp;&nbsp;Ver-o-Fato<\/li>\n<\/ol>\n","protected":false},"excerpt":{"rendered":"Do estilo colonial ao modernismo do &#8216;raio-que-o-parta&#8217;, Bel\u00e9m mant\u00e9m viva na arquitetura sua Hist\u00f3ria&nbsp;&nbsp;O Globo Conhe\u00e7a a Nova&hellip;\n","protected":false},"author":2,"featured_media":129359,"comment_status":"","ping_status":"","sticky":false,"template":"","format":"standard","meta":{"footnotes":""},"categories":[144],"tags":[207,205,206,203,201,202,204,114,115,32,33],"class_list":{"0":"post-129977","1":"post","2":"type-post","3":"status-publish","4":"format-standard","5":"has-post-thumbnail","7":"category-arte-e-design","8":"tag-arte","9":"tag-arte-e-design","10":"tag-artedesign","11":"tag-arts","12":"tag-arts-and-design","13":"tag-artsanddesign","14":"tag-design","15":"tag-entertainment","16":"tag-entretenimento","17":"tag-portugal","18":"tag-pt"},"share_on_mastodon":{"url":"https:\/\/pubeurope.com\/@pt\/115452594305231292","error":""},"_links":{"self":[{"href":"https:\/\/www.europesays.com\/pt\/wp-json\/wp\/v2\/posts\/129977","targetHints":{"allow":["GET"]}}],"collection":[{"href":"https:\/\/www.europesays.com\/pt\/wp-json\/wp\/v2\/posts"}],"about":[{"href":"https:\/\/www.europesays.com\/pt\/wp-json\/wp\/v2\/types\/post"}],"author":[{"embeddable":true,"href":"https:\/\/www.europesays.com\/pt\/wp-json\/wp\/v2\/users\/2"}],"replies":[{"embeddable":true,"href":"https:\/\/www.europesays.com\/pt\/wp-json\/wp\/v2\/comments?post=129977"}],"version-history":[{"count":0,"href":"https:\/\/www.europesays.com\/pt\/wp-json\/wp\/v2\/posts\/129977\/revisions"}],"wp:featuredmedia":[{"embeddable":true,"href":"https:\/\/www.europesays.com\/pt\/wp-json\/wp\/v2\/media\/129359"}],"wp:attachment":[{"href":"https:\/\/www.europesays.com\/pt\/wp-json\/wp\/v2\/media?parent=129977"}],"wp:term":[{"taxonomy":"category","embeddable":true,"href":"https:\/\/www.europesays.com\/pt\/wp-json\/wp\/v2\/categories?post=129977"},{"taxonomy":"post_tag","embeddable":true,"href":"https:\/\/www.europesays.com\/pt\/wp-json\/wp\/v2\/tags?post=129977"}],"curies":[{"name":"wp","href":"https:\/\/api.w.org\/{rel}","templated":true}]}}