{"id":129978,"date":"2025-10-28T15:53:14","date_gmt":"2025-10-28T15:53:14","guid":{"rendered":"https:\/\/www.europesays.com\/pt\/129978\/"},"modified":"2025-10-28T15:53:14","modified_gmt":"2025-10-28T15:53:14","slug":"estela-troca-medico-promissor-por-boy-lixo","status":"publish","type":"post","link":"https:\/\/www.europesays.com\/pt\/129978\/","title":{"rendered":"Estela troca m\u00e9dico promissor por boy lixo"},"content":{"rendered":"<p>Nos pr\u00f3ximos cap\u00edtulos de \u00cata Mundo Melhor, Estela (Larissa Manoela) recupera a mem\u00f3ria, dispensa T\u00falio (Cadu Libonati) e reata o noivado com Celso (Rainer Cadete), com quem pensa em se casar logo.<\/p>\n<p><a href=\"https:\/\/natelinha.uol.com.br\/novelas\/2025\/10\/14\/eta-mundo-melhor-estela-se-lembra-do-acidente-com-ernesto-e-reage-232571.php\" rel=\"nofollow noopener\" target=\"_blank\">V\u00edtima de Ernesto <\/a>(Eriberto Le\u00e3o), a enfermeira foi resgatada pelo jovem medico e levada para o casebre dos pais do rapaz, onde permaneceu um longo per\u00edodo sendo tratada pelo casal de pescadores e pelo crush, com quem acabou se envolvendo.<\/p>\n<p>T\u00falio s\u00f3 descobriu a identidade de <a href=\"https:\/\/natelinha.uol.com.br\/novelas\/eta-mundo-melhor\/personagem\/estela\" rel=\"nofollow noopener\" target=\"_blank\">Estela<\/a> quando foi atender no mesmo hospital onde ela trabalhava, em S\u00e3o Paulo. O rapaz explicou a Lauro (Marcelo Argenta) que a jovem est\u00e1 bem, mas que perdeu a mem\u00f3ria, e acabou descobrindo a identidade dela e seu envolvimento com <a href=\"https:\/\/natelinha.uol.com.br\/novelas\/eta-mundo-melhor\/personagem\/celso\" rel=\"nofollow noopener\" target=\"_blank\">Celso<\/a>.<\/p>\n<p>continua depois da publicidade<\/p>\n<p>De volta \u00e0 cidade, e recebendo o tratamento adequado, <a href=\"https:\/\/natelinha.uol.com.br\/novelas\/2025\/10\/09\/eta-mundo-melhor-estela-danca-com-pretendente-e-o-beija-232376.php\" rel=\"nofollow noopener\" target=\"_blank\">a amiga de Dita<\/a> (Jeniffer Nascimento) recupera a mem\u00f3ria e reata o noivado com o primo de Candinho (Sergio Guiz\u00e9), para a tristeza do filho dos pescadores. Saiba mais!<\/p>\n<p>Em \u00cata Mundo Melhor, Estela acelera o seu casamento com Celso<\/p>\n<p><img decoding=\"async\" loading=\"lazy\" class=\"horizontal\" src=\"https:\/\/www.europesays.com\/pt\/wp-content\/uploads\/2025\/10\/tv-globo-eta-mundo-melhor-estela-reata-com-celso_4103.jpeg\" width=\"1280\" height=\"719\" alt=\"\u00cata Mundo Melhor: Estela troca m\u00e9dico promissor por boy lixo\"\/><\/p>\n<p>Nos pr\u00f3ximos cap\u00edtulos de <a href=\"https:\/\/natelinha.uol.com.br\/novelas\/eta-mundo-melhor\" rel=\"nofollow noopener\" target=\"_blank\">\u00cata Mundo Melhor<\/a>, Estela recupera a mem\u00f3ria, dispensa T\u00falio e reata o noivado com Celso. A irm\u00e3 de Anabela sai \u00e0 procura por um vestido de noiva, pois n\u00e3o quer mais perder tempo, para a alegria do malandro.<\/p>\n<p>V\u00edtima de um acidente de barco provocado por Ernesto, a amiga de Dita levou uma pancada forte na cabe\u00e7a, caiu na \u00e1gua j\u00e1 inconsciente e foi deixada pelo vil\u00e3o para tr\u00e1s, para morrer.<\/p>\n<p>continua depois da publicidade<\/p>\n<p>Por sorte, T\u00falio encontrou Estela \u00e0 beira da represa e a levou para a casa dos seus pais. Quando acordou, por\u00e9m, a enfermeira n\u00e3o se lembrava de nada, nem mesmo o seu nome.<\/p>\n<p><a href=\"https:\/\/natelinha.uol.com.br\/novelas\/2025\/10\/15\/eta-mundo-melhor-estela-esfrega-crush-na-cara-de-celso-232621.php\" rel=\"nofollow noopener\" target=\"_blank\">+\u00a0\u00cata Mundo Melhor: Estela esfrega crush na cara de Celso<\/a><\/p>\n<p>Os dias que passou no casebre dos pais do m\u00e9dico acabou aproximando o casal, e os dois engataram um romance. Como a \u00fanica palvara dita pela jovem era Anabela, todos passaram a cham\u00e1-la por este nome.<\/p>\n<p>A verdadeira identidade de Estela s\u00f3 foi descoberta quando T\u00falio come\u00e7ou a atender no mesmo hospital onde ela trabalhava antes do acidente, reconheceu sua foto em um carta e contou o que sabia a Lauro.<\/p>\n<p>continua depois da publicidade<\/p>\n<p>M\u00e9dico, claro, avisou Celso e o irm\u00e3o de Sandra (Fl\u00e1via Alessandra) correu para buscar a noiva, Chegando l\u00e1, por\u00e9m, o malandro descobriu que a irm\u00e3 de Anabela est\u00e1 com amn\u00e9sia, e que acabou se envolvendo com o seu &#8220;salvador&#8221;.<\/p>\n<p>Apesar da situa\u00e7\u00e3o complicada, T\u00falio consegue convencer Estela a voltar para sua antiga vida. A jovem retorna \u00e0 S\u00e3o Paulo com o noivo e, ainda muito confusa, chama a irm\u00e3 de filha.<\/p>\n<p><a href=\"https:\/\/natelinha.uol.com.br\/novelas\/2025\/10\/19\/eta-mundo-melhor-estela-acaba-com-farsa-sobre-anabela-minha-filha-232776.php\" rel=\"nofollow noopener\" target=\"_blank\">+\u00a0\u00cata Mundo Melhor: Estela acaba com farsa sobre Anabela: &#8220;Minha filha&#8221;\u00a0<\/a><\/p>\n<p>A amnesia da enfermeira, por\u00e9m, n\u00e3o dura muito tempo. Recuperada, a mocinha volta a morar com Anabela e confirma que as duas s\u00e3o irm\u00e3s. Al\u00e9m disso, ela reata o noivado com Celso: &#8220;Eu vim escolher o vestido que vou usar pra casa com Celso&#8221;, dir\u00e1 a jovem.<\/p>\n<p>continua depois da publicidade<\/p>\n<p>A cena est\u00e1 prevista para ir ao ar no cap\u00edtulo do dia 22 de novembro.<\/p>\n<p>O\u00a0<strong>NaTelinha<\/strong>\u00a0divulga todos os dias os\u00a0<a href=\"https:\/\/natelinha.uol.com.br\/novelas\" rel=\"nofollow noopener\" target=\"_blank\"><strong>resumos dos cap\u00edtulos<\/strong><\/a>, detalhes dos personagens, entrevistas exclusivas com o elenco e spoiler da novela \u00cata Mundo Melhor.\u00a0<\/p>\n<p><strong>Assista \u00e0 chamada de \u00cata Mundo Melhor:\u00a0<\/strong><\/p>\n<p>                                <img decoding=\"async\" loading=\"lazy\" class=\"horizontal\" alt=\"Imagem da thumbnail do v\u00eddeo!\" src=\"https:\/\/www.europesays.com\/pt\/wp-content\/uploads\/2025\/07\/1753763173_835_hqdefault.jpg\"\/><\/p>\n","protected":false},"excerpt":{"rendered":"Nos pr\u00f3ximos cap\u00edtulos de \u00cata Mundo Melhor, Estela (Larissa Manoela) recupera a mem\u00f3ria, dispensa T\u00falio (Cadu Libonati) e&hellip;\n","protected":false},"author":2,"featured_media":129979,"comment_status":"","ping_status":"","sticky":false,"template":"","format":"standard","meta":{"footnotes":""},"categories":[142],"tags":[3374,114,115,3375,3378,32,33,151],"class_list":{"0":"post-129978","1":"post","2":"type-post","3":"status-publish","4":"format-standard","5":"has-post-thumbnail","7":"category-tv","8":"tag-celso-eta-mundo-melhor","9":"tag-entertainment","10":"tag-entretenimento","11":"tag-estela-eta-mundo-melhor","12":"tag-eta-mundo-melhor","13":"tag-portugal","14":"tag-pt","15":"tag-tv"},"share_on_mastodon":{"url":"https:\/\/pubeurope.com\/@pt\/115452602315720082","error":""},"_links":{"self":[{"href":"https:\/\/www.europesays.com\/pt\/wp-json\/wp\/v2\/posts\/129978","targetHints":{"allow":["GET"]}}],"collection":[{"href":"https:\/\/www.europesays.com\/pt\/wp-json\/wp\/v2\/posts"}],"about":[{"href":"https:\/\/www.europesays.com\/pt\/wp-json\/wp\/v2\/types\/post"}],"author":[{"embeddable":true,"href":"https:\/\/www.europesays.com\/pt\/wp-json\/wp\/v2\/users\/2"}],"replies":[{"embeddable":true,"href":"https:\/\/www.europesays.com\/pt\/wp-json\/wp\/v2\/comments?post=129978"}],"version-history":[{"count":0,"href":"https:\/\/www.europesays.com\/pt\/wp-json\/wp\/v2\/posts\/129978\/revisions"}],"wp:featuredmedia":[{"embeddable":true,"href":"https:\/\/www.europesays.com\/pt\/wp-json\/wp\/v2\/media\/129979"}],"wp:attachment":[{"href":"https:\/\/www.europesays.com\/pt\/wp-json\/wp\/v2\/media?parent=129978"}],"wp:term":[{"taxonomy":"category","embeddable":true,"href":"https:\/\/www.europesays.com\/pt\/wp-json\/wp\/v2\/categories?post=129978"},{"taxonomy":"post_tag","embeddable":true,"href":"https:\/\/www.europesays.com\/pt\/wp-json\/wp\/v2\/tags?post=129978"}],"curies":[{"name":"wp","href":"https:\/\/api.w.org\/{rel}","templated":true}]}}