{"id":129991,"date":"2025-10-28T16:05:16","date_gmt":"2025-10-28T16:05:16","guid":{"rendered":"https:\/\/www.europesays.com\/pt\/129991\/"},"modified":"2025-10-28T16:05:16","modified_gmt":"2025-10-28T16:05:16","slug":"artista-pedro-vaz-vence-premio-de-desenho-flad-na-feira-drawing-room","status":"publish","type":"post","link":"https:\/\/www.europesays.com\/pt\/129991\/","title":{"rendered":"Artista Pedro Vaz vence Pr\u00e9mio de Desenho FLAD na Feira Drawing Room"},"content":{"rendered":"<p>Numa iniciativa da FLAD em parceria com a feira dedicada ao desenho, o pr\u00e9mio destina-se a &#8220;apoiar a produ\u00e7\u00e3o e inova\u00e7\u00e3o art\u00edsticas&#8221; e dirige-se a &#8220;promissores artistas portugueses&#8221;, segundo a organiza\u00e7\u00e3o, que anunciou hoje o palmar\u00e9s.<\/p>\n<p>A 8.\u00aa edi\u00e7\u00e3o da feira Drawing Room Lisboa decorre at\u00e9 domingo na Sociedade Nacional de Belas-Artes (SNBA) com 23 galerias de arte e mais de 65 artistas portugueses e estrangeiros representados.<\/p>\n<p>O Pr\u00e9mio de Desenho FLAD foi atribu\u00eddo por unanimidade pelo j\u00fari composto pelo artista Jo\u00e3o Onofre, o curador Miguel von Hafe P\u00e9rez, e a diretora da Drawing Room Lisboa M\u00f3nica \u00c1lvarez Careaga.<\/p>\n<p>&#8220;A proposta [de Pedro Vaz] alia um rigor conceptual que \u00e9 complementado por uma formaliza\u00e7\u00e3o pl\u00e1stica de ineg\u00e1vel singularidade. Referindo a trag\u00e9dia dos inc\u00eandios florestais contempor\u00e2neos, o artista imergiu no territ\u00f3rio de 09 a 25 de agosto deste ano, para mais tarde propor uma reflex\u00e3o visual que se desdobra a partir da matriz do desenho at\u00e9 ao territ\u00f3rio da imagem em movimento e do documento&#8221;, descreve o j\u00fari num comunicado divulgado pela organiza\u00e7\u00e3o.<\/p>\n<p>Na escolha do vencedor tamb\u00e9m pesou a &#8220;possibilidade de a arte se afirmar enquanto discurso socialmente relevante&#8221; no seu trabalho.<\/p>\n<p>Ao Pr\u00e9mio FLAD de Desenho tamb\u00e9m concorriam os finalistas Ana Manso, Lu\u00edsa Jacinto, Mariana Gomes e Tiago Baptista. O trabalho destes artistas est\u00e1 em exposi\u00e7\u00e3o at\u00e9 domingo na Galeria Pintor Fernando Azevedo, na SNBA.<\/p>\n<p>A organiza\u00e7\u00e3o tamb\u00e9m entregou hoje o Pr\u00e9mio Imprensa Nacional, este ano atribu\u00eddo a dois artistas presentes na Drawing Room Lisboa: Jos\u00e9 Loureiro, representado pela Galeria Fonseca Macedo e Cec\u00edlia Costa, representada pela Belo Galsterer.<\/p>\n<p>Nesta edi\u00e7\u00e3o, a Imprensa Nacional-Casa da Moeda criou um novo Pr\u00e9mio Editorial &#8212; atribu\u00eddo a Tiago Baptista, representado pela Galeria 3+1 Arte Contempor\u00e2nea &#8211; que consiste na sele\u00e7\u00e3o de um artista portugu\u00eas para criar uma monografia sobre a sua obra.<\/p>\n<p>A monografia far\u00e1 parte da Cole\u00e7\u00e3o Arte e Artistas, editada pela Imprensa Nacional e ser\u00e1 apresentada na edi\u00e7\u00e3o seguinte da Drawing Room Lisboa.<\/p>\n<p>Estes artistas premiados v\u00eam juntar-se a Jo\u00e3o Vasco Paiva, Sebasti\u00e3o Casanova e Balcony Gallery que receberam na sexta-feira os Pr\u00e9mios Funda\u00e7\u00e3o Millennium bcp: Pr\u00e9mio Projeto Art\u00edstico Destacado, Pr\u00e9mio Aquisi\u00e7\u00e3o Funda\u00e7\u00e3o Millennium bcp &#8212; Talento Emergente e Pr\u00e9mio Projeto Curatorial Galeria, respetivamente.<\/p>\n<p>De Lisboa, est\u00e3o tamb\u00e9m presentes na feira as galerias Arte Perif\u00e9rica, Bra\u00e7operna44, Carlos Carvalho &#8212; Arte Contempor\u00e2nea, Dialogue, Galeria 111, Galeria Filomena Soares, Galeria Miguel Nabinho, No.No Gallery, Salgadeiras Arte Contempor\u00e2nea e This is Not a White Cube.<\/p>\n<p>Do Porto apresentam-se a Galeria Nuno Centeno, a Galeria Pedro Oliveira, a Kubikgallery, a Lehmann e a Presen\u00e7a, enquanto dos A\u00e7ores chega a Fonseca Macedo &#8212; Arte Contempor\u00e2nea, uma presen\u00e7a regular no certame dedicado \u00e0 vitalidade da disciplina do desenho.<\/p>\n<p>A estes nomes portugueses, somam-se na Drawing Room Lisboa ainda galerias estrangeiras como a Galer\u00eda Silvestre (Madrid), a Siboney (Santander) e a Trinta Arte Contempor\u00e1nea (Santiago de Compostela).<\/p>\n<p>Estreantes na feira encontram-se as galerias This is Not a White Cube, Dialogue e Bra\u00e7oPerna 44, de Lisboa, e a Galer\u00eda Bibli, de Santa Cruz de Tenerife, segundo a informa\u00e7\u00e3o da organiza\u00e7\u00e3o.<\/p>\n<p>Entre os artistas representados pelas diferentes galerias est\u00e3o nomes da cena contempor\u00e2nea portuguesa como Pedro Cabrita Reis, Pedro Calapez, Jos\u00e9 Pedro Croft, Ant\u00f3nio Olaio, Manuel Caeiro, Ana Manso e Mariana Gomes, lado a lado com artistas de diversas geografias como Eric Fok (China), Pilar Mackenna (Chile), Vicente Blanco (Espanha), Klaas Vanhee (B\u00e9lgica) e C\u00e1ssio Markowski (Brasil).<\/p>\n<p>Leia Tamb\u00e9m: <a href=\"https:\/\/www.noticiasaominuto.com\/cultura\/2876950\/ilustrador-antonio-jorge-goncalves-vence-grande-premio-da-big\" target=\"_blank\" rel=\"noopener noreferrer nofollow\">Ilustrador Ant\u00f3nio Jorge Gon\u00e7alves vence Grande Pr\u00e9mio da BIG<\/a><\/p>\n","protected":false},"excerpt":{"rendered":"Numa iniciativa da FLAD em parceria com a feira dedicada ao desenho, o pr\u00e9mio destina-se a &#8220;apoiar a&hellip;\n","protected":false},"author":2,"featured_media":129992,"comment_status":"","ping_status":"","sticky":false,"template":"","format":"standard","meta":{"footnotes":""},"categories":[144],"tags":[207,205,206,203,201,202,204,114,115,32,33],"class_list":{"0":"post-129991","1":"post","2":"type-post","3":"status-publish","4":"format-standard","5":"has-post-thumbnail","7":"category-arte-e-design","8":"tag-arte","9":"tag-arte-e-design","10":"tag-artedesign","11":"tag-arts","12":"tag-arts-and-design","13":"tag-artsanddesign","14":"tag-design","15":"tag-entertainment","16":"tag-entretenimento","17":"tag-portugal","18":"tag-pt"},"share_on_mastodon":{"url":"https:\/\/pubeurope.com\/@pt\/115452649339623387","error":""},"_links":{"self":[{"href":"https:\/\/www.europesays.com\/pt\/wp-json\/wp\/v2\/posts\/129991","targetHints":{"allow":["GET"]}}],"collection":[{"href":"https:\/\/www.europesays.com\/pt\/wp-json\/wp\/v2\/posts"}],"about":[{"href":"https:\/\/www.europesays.com\/pt\/wp-json\/wp\/v2\/types\/post"}],"author":[{"embeddable":true,"href":"https:\/\/www.europesays.com\/pt\/wp-json\/wp\/v2\/users\/2"}],"replies":[{"embeddable":true,"href":"https:\/\/www.europesays.com\/pt\/wp-json\/wp\/v2\/comments?post=129991"}],"version-history":[{"count":0,"href":"https:\/\/www.europesays.com\/pt\/wp-json\/wp\/v2\/posts\/129991\/revisions"}],"wp:featuredmedia":[{"embeddable":true,"href":"https:\/\/www.europesays.com\/pt\/wp-json\/wp\/v2\/media\/129992"}],"wp:attachment":[{"href":"https:\/\/www.europesays.com\/pt\/wp-json\/wp\/v2\/media?parent=129991"}],"wp:term":[{"taxonomy":"category","embeddable":true,"href":"https:\/\/www.europesays.com\/pt\/wp-json\/wp\/v2\/categories?post=129991"},{"taxonomy":"post_tag","embeddable":true,"href":"https:\/\/www.europesays.com\/pt\/wp-json\/wp\/v2\/tags?post=129991"}],"curies":[{"name":"wp","href":"https:\/\/api.w.org\/{rel}","templated":true}]}}