{"id":129993,"date":"2025-10-28T16:07:17","date_gmt":"2025-10-28T16:07:17","guid":{"rendered":"https:\/\/www.europesays.com\/pt\/129993\/"},"modified":"2025-10-28T16:07:17","modified_gmt":"2025-10-28T16:07:17","slug":"terra-forte-sammy-abraca-flor-num-momento-de-grande-emocao-tvi","status":"publish","type":"post","link":"https:\/\/www.europesays.com\/pt\/129993\/","title":{"rendered":"Terra Forte: Sammy abra\u00e7a Flor num momento de grande emo\u00e7\u00e3o &#8211; TVI"},"content":{"rendered":"<ol>\n<li><a href=\"https:\/\/news.google.com\/rss\/articles\/CBMiuAFBVV95cUxPdnRDMzJ3TjU3ZEctYjZ4VzJVVXlQVzlzVldNb0xiTnpnLUZxZEFud2tVOXJBcUVjcnRYSndjUDVscVp0WHVGZ0tibGx0ZWYyTnB0eFRyY182SkhESFBGeWpWOTRtS2QyY2JjMVdRak9mWjlmRVh4bUJ6R0tPS3ZyMDJRSDltUTN3c3U3WFVzS09JZ2VUMVZHbXVQc18xeXBwQ3JjdXpOZm5TSUJzUVZsSmIwMTNEOFJK?oc=5\" target=\"_blank\" rel=\"nofollow noopener\">Terra Forte: Sammy abra\u00e7a Flor num momento de grande emo\u00e7\u00e3o<\/a>&nbsp;&nbsp;TVI<\/li>\n<li><a href=\"https:\/\/news.google.com\/rss\/articles\/CBMitAFBVV95cUxPME8zZ2FpRUZxWmpOeFJJYTBfZ0hIaEtaTGFoZm80OUJjUE5xOUh4RXZEWE5sRFpabUVieDhyQUoweDdGZFlLV1JZNGdWdnVhYmNEdVREY0tTWWd1YnVHUXNNdDYteDYxLVFmTkl1ZDRmRjdBTW4xNUVjdVA2Mmk0djFicmtQTms2OWhJR3ZIOHROVXlfNGxSN2gxVVJ2dlp3YWVvYlZMQkZpdU51bGR3blkxaUk?oc=5\" target=\"_blank\" rel=\"nofollow noopener\">Novela gravada em Santa Catarina estreia com lideran\u00e7a de audi\u00eancia em Portugal<\/a>&nbsp;&nbsp;Conhe\u00e7a Santa Catarina<\/li>\n<li><a href=\"https:\/\/news.google.com\/rss\/articles\/CBMiuAFBVV95cUxPeTBFOURQSG1ScHc0RDNEUmlJaXNaMlBmTXdUajYwbUUxM0xudjdLRVQxRGs5ekRlSEJ5bDU3Rkx2N0JES1h4WkM4bkJWZGkyS0dleDVzRlFCVFJUZUhVcDUxSUxtSWRGUDRaYWRVTGdJV2dFRHJTNXFSemV6TkZzYm5ISFRJenR0LVZkU0lsajZ5bHk1NF8ycGF5U0RCcDYxcjZKU0RBRnMwLWpKVFBVdW1BQkoyV19Q?oc=5\" target=\"_blank\" rel=\"nofollow noopener\">Flor descobre todas as mentiras de Maria de F\u00e1tima e promete vingar-se em \u201cTerra Forte\u201d<\/a>&nbsp;&nbsp;A Televis\u00e3o<\/li>\n<li><a href=\"https:\/\/news.google.com\/rss\/articles\/CBMiuAFBVV95cUxQOTRUeXkzdUItVWxxWHBrRUdvTnVlYVZoY2pHMG4zTEpCbmlUWnRMQnFZVG9OdzdHNWdCMkh0WWMzNUpjOXdkV2Z0OGJ4azBCYzhmYk0yaDNUcGJ6QVViUWE2bEdsQjEydWxWY3RFaU9hME0zTTE4Y0VJaC1BNTFGZGJaOEkzQ1c2X0JaekFQWHVUX0RyY3gwNUt3NmN5dDZXOUg0OTl4dUVDSmVadjdDTHV0UlkxaXdI?oc=5\" target=\"_blank\" rel=\"nofollow noopener\">Dudu fica chocado: \u00abEnt\u00e3o, a minha m\u00e3e ficou-lhe com o marido?\u00bb<\/a>&nbsp;&nbsp;TVI<\/li>\n<li><a href=\"https:\/\/news.google.com\/rss\/articles\/CBMiigFBVV95cUxPRTB0Zl9QQ25FX0xKQkIwNVVmY2ZweXBJWjg4MlVyczBTQ2Y4U1AweV9OZkw4NXlJd1dOTkd6b1FFSE9oeXBHOGh1c2ZPd0JfdHJManM1bmFVTk8yMzMzOWNHQ3ZNcXVaNG5rV1FsYmRGVlQtZXpzWi1aWV8zaGZyRDVsOW5SVGhTT2c?oc=5\" target=\"_blank\" rel=\"nofollow noopener\">Assim arrancou a segunda semana de \u00abTerra Forte\u00bb<\/a>&nbsp;&nbsp;Quinto Canal<\/li>\n<\/ol>\n","protected":false},"excerpt":{"rendered":"Terra Forte: Sammy abra\u00e7a Flor num momento de grande emo\u00e7\u00e3o&nbsp;&nbsp;TVI Novela gravada em Santa Catarina estreia com lideran\u00e7a&hellip;\n","protected":false},"author":2,"featured_media":129994,"comment_status":"","ping_status":"","sticky":false,"template":"","format":"standard","meta":{"footnotes":""},"categories":[142],"tags":[160,166,114,115,157,167,164,2931,161,158,165,159,32,33,156,18614,163,151,162],"class_list":{"0":"post-129993","1":"post","2":"type-post","3":"status-publish","4":"format-standard","5":"has-post-thumbnail","7":"category-tv","8":"tag-ana-guiomar","9":"tag-cristina-ferreira","10":"tag-entertainment","11":"tag-entretenimento","12":"tag-festa-e-festa","13":"tag-ficcao","14":"tag-jose-fidalgo","15":"tag-novela","16":"tag-novelas","17":"tag-para-sempre","18":"tag-pedro-sousa","19":"tag-pedro-teixeira","20":"tag-portugal","21":"tag-pt","22":"tag-queridos-papas","23":"tag-terra-forte","24":"tag-tiago-teotonio-pereira","25":"tag-tv","26":"tag-tvi"},"share_on_mastodon":{"url":"https:\/\/pubeurope.com\/@pt\/115452657513297902","error":""},"_links":{"self":[{"href":"https:\/\/www.europesays.com\/pt\/wp-json\/wp\/v2\/posts\/129993","targetHints":{"allow":["GET"]}}],"collection":[{"href":"https:\/\/www.europesays.com\/pt\/wp-json\/wp\/v2\/posts"}],"about":[{"href":"https:\/\/www.europesays.com\/pt\/wp-json\/wp\/v2\/types\/post"}],"author":[{"embeddable":true,"href":"https:\/\/www.europesays.com\/pt\/wp-json\/wp\/v2\/users\/2"}],"replies":[{"embeddable":true,"href":"https:\/\/www.europesays.com\/pt\/wp-json\/wp\/v2\/comments?post=129993"}],"version-history":[{"count":0,"href":"https:\/\/www.europesays.com\/pt\/wp-json\/wp\/v2\/posts\/129993\/revisions"}],"wp:featuredmedia":[{"embeddable":true,"href":"https:\/\/www.europesays.com\/pt\/wp-json\/wp\/v2\/media\/129994"}],"wp:attachment":[{"href":"https:\/\/www.europesays.com\/pt\/wp-json\/wp\/v2\/media?parent=129993"}],"wp:term":[{"taxonomy":"category","embeddable":true,"href":"https:\/\/www.europesays.com\/pt\/wp-json\/wp\/v2\/categories?post=129993"},{"taxonomy":"post_tag","embeddable":true,"href":"https:\/\/www.europesays.com\/pt\/wp-json\/wp\/v2\/tags?post=129993"}],"curies":[{"name":"wp","href":"https:\/\/api.w.org\/{rel}","templated":true}]}}