{"id":13000,"date":"2025-08-02T14:33:11","date_gmt":"2025-08-02T14:33:11","guid":{"rendered":"https:\/\/www.europesays.com\/pt\/13000\/"},"modified":"2025-08-02T14:33:11","modified_gmt":"2025-08-02T14:33:11","slug":"ataque-russo-a-cerca-de-40-quilometros-da-linha-da-frente-rtp","status":"publish","type":"post","link":"https:\/\/www.europesays.com\/pt\/13000\/","title":{"rendered":"Ataque russo a cerca de 40 quil\u00f3metros da linha da frente &#8211; RTP"},"content":{"rendered":"<ol>\n<li><a href=\"https:\/\/news.google.com\/rss\/articles\/CBMiswFBVV95cUxNbWJYNVBxNjgwT0JaNGVBUTJWMXFBWm5La1FtUmd6NlQzVkZWM3pnQ0F0S01qTTFoZEhsaFpmLUpUdnVhOVNVVXJtU0YxRmRJMEtwYWQ0d0JXTG01SzNCTFlDMlNuSXJ1a01Gai1pSUFmbE5Td1JQTmR3ZHZYVGU4Ylc2QVZHZFBCcEo1TnNOU1lOeGd5OEtRMEFxWndOZ3BLZUkxNmhNWlBtSE5MTERLbVBOVQ?oc=5\" target=\"_blank\" rel=\"nofollow noopener\">Ataque russo a cerca de 40 quil\u00f3metros da linha da frente<\/a>&nbsp;&nbsp;RTP<\/li>\n<li><a href=\"https:\/\/news.google.com\/rss\/articles\/CBMiggJBVV95cUxPbC1FY1VGVjBWRmpRVzVSY2Rzc1RDUHI4dlEtQlhnaGFha0NiLURaekE3ZDdwNURqbDBuY2V3dWlpTmI0a0hsVU9MTzVmNEFoeTVSNnRHRGFFYm1ZLVBHelJnM0ZPMDhsdFdYUG5BSVI2VldmTUZWR2czS21YWUpnc1BXUmQtSUpqWVpGSWNlQUhxcUhBa0ZQZ0lCM2JlUWpKcm81eXNSbUJid1hsc3BNVmVVRnpXRVhwbnpGZGVqMWZXMnVncFdUcWYyS1Aya203VkxSVzV1bnM2M1QzM3pSdDZmTDZMaW9xcmNJTFVJRTVGN2xNUU9lZ2pCU0lNSHRnZHfSAZACQVVfeXFMT25EWVM2cnpRNHF1WUpBUlBvSGt6WVZlbnFkY0ppR2doS28tMm45Qkh2TTAwX0VRZzFxTl9xSVNORXBiX2xSR25IbG84WDFxUG52eXJhWTNMR3EwLWMybFFMc2l6REpOZ1RxbDk2Z1ZFQmxwSmpCRFEyT1l5RDN6WXYyS3RqNW51SnFHSDFBcUNvbWxabXlVSjFwblRVN3FSbFVNcHhJR0RzTzVYRXpleEI5cmZ4YWtsaHZYa1B1R3RkNFBBTFRZc2xlVFozVi1pblBGajFVYkZ3ZU14Y2VOSWJTa2EycHJwNmIwaWs0ODJEZXdQZWpNNkxuZHVZdkZacUpvREE4SzYtSDJGWWxDUFU?oc=5\" target=\"_blank\" rel=\"nofollow noopener\">Sobe para 31 n\u00ba de mortos em ataque russo a Kiev; R\u00fassia lan\u00e7ou 130 drones e m\u00edsseis por dia contra Ucr\u00e2nia em julho, diz Zelensky<\/a>&nbsp;&nbsp;G1<\/li>\n<li><a href=\"https:\/\/news.google.com\/rss\/articles\/CBMitgFBVV95cUxNS3YzY2hSQjAyVjNOeFpYUTdEOEZtSUFjNG1GcFh6OS1LMGcwTlh3MmF2dmQyekdoN3dkRl90dEJvb191RG52S1pvNFZraUlidDQwOGgtVGtOajFzaS1may1wRlkwb1RJSzNPV2RLcl85Ti0yMDlkb3RrRW8xQVpEWVc4X2tfTDltQktvRFlYN3BXd1R1QzhQMlZvOVEyMEkyRTN4N1VSTnVvSm5GNjUxRlZ2aTY2UQ?oc=5\" target=\"_blank\" rel=\"nofollow noopener\">Zelensky pede que aliados derrubem Putin e chama reuni\u00e3o na ONU ap\u00f3s ataque a Kiev<\/a>&nbsp;&nbsp;VEJA<\/li>\n<li><a href=\"https:\/\/news.google.com\/rss\/articles\/CBMilgJBVV95cUxOaWhURDUybnBIbWhWUjk5eDc5MjVWV2c2UVp4ZDlXOGdxN21JQmxmZERjU2t6a1gwa1NYSEpWQUFRZk1HaDBfXzhxRWJheTFsZnRMS3o1Z1d5aEljYVN1cjhwcFpxSE1vNnc1Rkg2Q0V4OG1qYldFbmdlS0JaOWZHWU16aTQ3R181SVozSVFIRTVqZTZGX2l0ZnNvQWVabmhfRGg2WGV2eE5DTnI5dmpjb3pmdE9pZVcza0YxMDgwYTFaN3I5Rlc4TU9Qb05Ddm9rZ0wyb3RlTmh2bUUzWU9ZclFuUFVIQnpzN3pDR0tIQjZMUDlxamJPMXl0U0szclpmdlYya0wtcVRlaTVpUjBjMEEteFNJQQ?oc=5\" target=\"_blank\" rel=\"nofollow noopener\">Trump chama de \u2018nojento\u2019 novo ataque russo contra capital da Ucr\u00e2nia e sugere novas san\u00e7\u00f5es contra pa\u00eds<\/a>&nbsp;&nbsp;Terra<\/li>\n<li><a href=\"https:\/\/news.google.com\/rss\/articles\/CBMi1wFBVV95cUxOWGtxelJtUV96N0RJVmEweGplNUl1Y0k0YkQwUlIzeFJocWo0S3F6MUI3WVMzRHdxc3M4NEtXZ1FwR1lKazZFTEs0Uk9iVktGU3JMUkI2bW5xRjJWLVpiSmlHeGpfamxOU1hocTFXcUhPRjU3ak5RY3NSVmExQUMtQldfSm11ZUlMXzZDbXpjVGRpT1pHRFhlTzNWVGdHcmphYVBrbkt6cXVvajlrQ2RFZWNpMzJDak1aWE1rZ3Z5cWk3UWZ0OUtfN1RfWlFzZ3ZpeHVaRW1ZQQ?oc=5\" target=\"_blank\" rel=\"nofollow noopener\">Ataques da R\u00fassia contra a capital ucraniana deixa ao menos 13 mortos #Shorts #JornalDaRecord #JR24H<\/a>&nbsp;&nbsp;R7<\/li>\n<\/ol>\n","protected":false},"excerpt":{"rendered":"Ataque russo a cerca de 40 quil\u00f3metros da linha da frente&nbsp;&nbsp;RTP Sobe para 31 n\u00ba de mortos em&hellip;\n","protected":false},"author":2,"featured_media":13001,"comment_status":"","ping_status":"","sticky":false,"template":"","format":"standard","meta":{"footnotes":""},"categories":[50],"tags":[27,28,15,16,14,25,26,21,22,62,12,13,19,20,23,24,420,421,17,18,29,30,31,63,64,65],"class_list":{"0":"post-13000","1":"post","2":"type-post","3":"status-publish","4":"format-standard","5":"has-post-thumbnail","7":"category-mundo","8":"tag-breaking-news","9":"tag-breakingnews","10":"tag-featured-news","11":"tag-featurednews","12":"tag-headlines","13":"tag-latest-news","14":"tag-latestnews","15":"tag-main-news","16":"tag-mainnews","17":"tag-mundo","18":"tag-news","19":"tag-noticias","20":"tag-noticias-principais","21":"tag-noticiasprincipais","22":"tag-principais-noticias","23":"tag-principaisnoticias","24":"tag-rtp","25":"tag-rtp-noticias","26":"tag-top-stories","27":"tag-topstories","28":"tag-ultimas","29":"tag-ultimas-noticias","30":"tag-ultimasnoticias","31":"tag-world","32":"tag-world-news","33":"tag-worldnews"},"share_on_mastodon":{"url":"","error":""},"_links":{"self":[{"href":"https:\/\/www.europesays.com\/pt\/wp-json\/wp\/v2\/posts\/13000","targetHints":{"allow":["GET"]}}],"collection":[{"href":"https:\/\/www.europesays.com\/pt\/wp-json\/wp\/v2\/posts"}],"about":[{"href":"https:\/\/www.europesays.com\/pt\/wp-json\/wp\/v2\/types\/post"}],"author":[{"embeddable":true,"href":"https:\/\/www.europesays.com\/pt\/wp-json\/wp\/v2\/users\/2"}],"replies":[{"embeddable":true,"href":"https:\/\/www.europesays.com\/pt\/wp-json\/wp\/v2\/comments?post=13000"}],"version-history":[{"count":0,"href":"https:\/\/www.europesays.com\/pt\/wp-json\/wp\/v2\/posts\/13000\/revisions"}],"wp:featuredmedia":[{"embeddable":true,"href":"https:\/\/www.europesays.com\/pt\/wp-json\/wp\/v2\/media\/13001"}],"wp:attachment":[{"href":"https:\/\/www.europesays.com\/pt\/wp-json\/wp\/v2\/media?parent=13000"}],"wp:term":[{"taxonomy":"category","embeddable":true,"href":"https:\/\/www.europesays.com\/pt\/wp-json\/wp\/v2\/categories?post=13000"},{"taxonomy":"post_tag","embeddable":true,"href":"https:\/\/www.europesays.com\/pt\/wp-json\/wp\/v2\/tags?post=13000"}],"curies":[{"name":"wp","href":"https:\/\/api.w.org\/{rel}","templated":true}]}}