{"id":130007,"date":"2025-10-28T16:21:35","date_gmt":"2025-10-28T16:21:35","guid":{"rendered":"https:\/\/www.europesays.com\/pt\/130007\/"},"modified":"2025-10-28T16:21:35","modified_gmt":"2025-10-28T16:21:35","slug":"caos-no-aeroporto-de-lisboa-leva-governo-a-criar-equipa-para-gerir-fluxos","status":"publish","type":"post","link":"https:\/\/www.europesays.com\/pt\/130007\/","title":{"rendered":"Caos no aeroporto de Lisboa leva Governo a criar equipa para gerir fluxos"},"content":{"rendered":"<p class=\"category\"><a href=\"https:\/\/sicnoticias.pt\/pais\" rel=\"nofollow noopener\" target=\"_blank\">Pa\u00eds<\/a><\/p>\n<p>H\u00e1 meses que os passageiros enfrentam longas filas no controlo de passaportes, mas a situa\u00e7\u00e3o agravou-se este m\u00eas de outubro com o novo sistema europeu para entradas e sa\u00eddas no espa\u00e7o Schengen. O tempo de espera ultrapassa uma hora e meia.<\/p>\n<p><img decoding=\"async\" src=\"https:\/\/www.europesays.com\/pt\/wp-content\/uploads\/2025\/10\/1761668495_524_original.webp\" alt=\"(Arquivo)\"\/><\/p>\n<p>(Arquivo)<\/p>\n<p>picture alliance<\/p>\n<p><strong>O caos no aeroporto de Lisboa levou o Governo a adotar medidas de emerg\u00eancia.<\/strong><strong> <\/strong><strong>O <\/strong><a href=\"https:\/\/eco.sapo.pt\/2025\/10\/28\/caos-no-aeroporto-de-lisboa-leva-governo-a-avancar-com-medidas-de-emergencia\/\" target=\"_blank\" rel=\"noopener noreferrer nofollow\"><strong>jornal ECO<\/strong><\/a><strong> avan\u00e7a que, para coordenar a resposta, foi criado um grupo de trabalho que junta representantes de v\u00e1rios minist\u00e9rios e entidades, tais como o<\/strong><strong>s minist\u00e9rios da Administra\u00e7\u00e3o Interna e das Infraestruturas, a ANA, a PSP e o Sistema de Seguran\u00e7a Interna.<\/strong><\/p>\n<p>O Governo decidiu, assim, criar uma equipa permanente de gest\u00e3o de fluxos no aeroporto que tem como objetivo reorganizar do espa\u00e7o do aeroporto &#8220;destinado aos quiosques eletr\u00f3nicos de verifica\u00e7\u00e3o de passaportes de forma a acelerar o processamento dos passageiros&#8221;, l\u00ea-se na not\u00edcia. <\/p>\n<p>H\u00e1 meses que os passageiros enfrentam longas filas no controlo de passaportes, mas a situa\u00e7\u00e3o agravou-se este m\u00eas de outubro com o novo sistema europeu para entradas e sa\u00eddas no espa\u00e7o Schengen. O tempo de espera ultrapassa uma hora e meia.<\/p>\n","protected":false},"excerpt":{"rendered":"Pa\u00eds H\u00e1 meses que os passageiros enfrentam longas filas no controlo de passaportes, mas a situa\u00e7\u00e3o agravou-se este&hellip;\n","protected":false},"author":2,"featured_media":130008,"comment_status":"","ping_status":"","sticky":false,"template":"","format":"standard","meta":{"footnotes":""},"categories":[10],"tags":[27,28,15,16,14,25,26,21,22,12,13,19,20,32,23,24,33,17,18,29,30,31],"class_list":{"0":"post-130007","1":"post","2":"type-post","3":"status-publish","4":"format-standard","5":"has-post-thumbnail","7":"category-portugal","8":"tag-breaking-news","9":"tag-breakingnews","10":"tag-featured-news","11":"tag-featurednews","12":"tag-headlines","13":"tag-latest-news","14":"tag-latestnews","15":"tag-main-news","16":"tag-mainnews","17":"tag-news","18":"tag-noticias","19":"tag-noticias-principais","20":"tag-noticiasprincipais","21":"tag-portugal","22":"tag-principais-noticias","23":"tag-principaisnoticias","24":"tag-pt","25":"tag-top-stories","26":"tag-topstories","27":"tag-ultimas","28":"tag-ultimas-noticias","29":"tag-ultimasnoticias"},"share_on_mastodon":{"url":"https:\/\/pubeurope.com\/@pt\/115452712578848141","error":""},"_links":{"self":[{"href":"https:\/\/www.europesays.com\/pt\/wp-json\/wp\/v2\/posts\/130007","targetHints":{"allow":["GET"]}}],"collection":[{"href":"https:\/\/www.europesays.com\/pt\/wp-json\/wp\/v2\/posts"}],"about":[{"href":"https:\/\/www.europesays.com\/pt\/wp-json\/wp\/v2\/types\/post"}],"author":[{"embeddable":true,"href":"https:\/\/www.europesays.com\/pt\/wp-json\/wp\/v2\/users\/2"}],"replies":[{"embeddable":true,"href":"https:\/\/www.europesays.com\/pt\/wp-json\/wp\/v2\/comments?post=130007"}],"version-history":[{"count":0,"href":"https:\/\/www.europesays.com\/pt\/wp-json\/wp\/v2\/posts\/130007\/revisions"}],"wp:featuredmedia":[{"embeddable":true,"href":"https:\/\/www.europesays.com\/pt\/wp-json\/wp\/v2\/media\/130008"}],"wp:attachment":[{"href":"https:\/\/www.europesays.com\/pt\/wp-json\/wp\/v2\/media?parent=130007"}],"wp:term":[{"taxonomy":"category","embeddable":true,"href":"https:\/\/www.europesays.com\/pt\/wp-json\/wp\/v2\/categories?post=130007"},{"taxonomy":"post_tag","embeddable":true,"href":"https:\/\/www.europesays.com\/pt\/wp-json\/wp\/v2\/tags?post=130007"}],"curies":[{"name":"wp","href":"https:\/\/api.w.org\/{rel}","templated":true}]}}