{"id":130009,"date":"2025-10-28T16:22:08","date_gmt":"2025-10-28T16:22:08","guid":{"rendered":"https:\/\/www.europesays.com\/pt\/130009\/"},"modified":"2025-10-28T16:22:08","modified_gmt":"2025-10-28T16:22:08","slug":"benfica-mag-da-esclarecimentos-para-segunda-volta-e-pede-cem-mil-socios-a-votar","status":"publish","type":"post","link":"https:\/\/www.europesays.com\/pt\/130009\/","title":{"rendered":"Benfica: MAG d\u00e1 esclarecimentos para segunda volta e pede \u00abcem mil s\u00f3cios a votar\u00bb"},"content":{"rendered":"<p>Jos\u00e9 Pereira da Costa, presidente da Mesa da Assembleia Geral do Benfica deu alguns esclarecimentos quanto \u00e0 segunda volta das elei\u00e7\u00f5es, marcada para 8 de novembro, entre Rui Costa e Jo\u00e3o Noronha Lopes, esperando que seja de novo batido o recorde de s\u00f3cios a votar e com uma meta ambiciosa: 100 mil s\u00f3cios.<\/p>\n<p>\u00ab\u00c9 a primeira vez que h\u00e1 segunda volta para todos os \u00f3rg\u00e3os. Vai decorrer nas mesmas condi\u00e7\u00f5es jur\u00eddicas da primeira volta, ou seja, com as mesmas sec\u00e7\u00f5es de voto e no mesmo hor\u00e1rio- das 8h30 \u00e0s 22 horas\u00bb, disse na BTV.<\/p>\n<p><strong>Os s\u00f3cios que votaram na primeira volta podem votar na segunda?<\/strong><\/p>\n<p>\u00abSim, desde que tenham a quota de setembro agora atualizada. Os s\u00f3cios que estavam no caderno eleitoral nas elei\u00e7\u00f5es de dia\u00a025, e que n\u00e3o tinham as quotas atualizadas, podem atualizar at\u00e9 48 horas antes das elei\u00e7\u00f5es; quem s\u00f3 tinha at\u00e9 agosto, conv\u00e9m que atualize com a data de setembro, isso \u00e9 determinante\u00bb, explicou.<\/p>\n<p><strong>E os que atingiram entretanto a maioridade? <\/strong>\u00abAs altera\u00e7\u00f5es de estado e categoria de voto est\u00e3o previstas. Quem n\u00e3o tinha passa a ter, quem alterar o n\u00famero de votos passa a votar de acordo com o n\u00famero de votos que tem. Pode aumentar o n\u00famero de votantes e de votos. Vai haver informa\u00e7\u00e3o, tal como houve antes, aos s\u00f3cios.\u00bb<\/p>\n<p><strong>Continua a haver 108 locais de voto? <\/strong>\u00abAs 108 sec\u00e7\u00f5es mant\u00eam-se o que se pode alterar \u00e9 algo que tenha corrido menos bem. Estamos a trabalhar desde segunda-feira para melhorar o que h\u00e1 a melhorar. No s\u00e1bado olh\u00e1mos para o que correu bem em menos bem para, eventualmente, fazer altera\u00e7\u00f5es. Talvez se mude um espa\u00e7o dentro da mesma localidade para melhorias de acesso e maior fluxo nas filas de espera.\u00bb<\/p>\n<p>\u00abAs 108 sec\u00e7\u00f5es de voto v\u00e3o funcionar, tal como aqui no est\u00e1dio da Luz, com duas sec\u00e7\u00f5es. Aqui correu bem, mas vamos tentar melhorar o fluxo de entrada e a fila de priorit\u00e1rios para que possa votar com mais mobilidade e acompanhamento. A ideia \u00e9 que os s\u00f3cios esperem menos.\u00bb<\/p>\n<p><strong>Espera um n\u00famero de votantes superior a 85 mil?<\/strong> \u00abSim, esperamos, \u00e9 uma decis\u00e3o final, naturalmente trar\u00e1 mais s\u00f3cios, na minha an\u00e1lise subjetiva. Como vamos melhorar as condi\u00e7\u00f5es, queremos garantir que nada falhe para que pelo menos 100 mil s\u00f3cios possam votar com melhor fluxo. Se n\u00e3o acredit\u00e1ssemos n\u00e3o o diz\u00edamos. A Mesa disse que ia ser vota\u00e7\u00e3o recorde, planeou para isso ao longo de meses, a pensar que responderiam afirmativamente. Se responderam na primeira volta somos obrigados a querer que seja superior na segunda &#8211; \u00c9 uma meta alcan\u00e7\u00e1vel podem bater o seu o pr\u00f3prio\u00a0recorde na segunda volta.\u00bb\u00a0<\/p>\n<p><strong>E quando se pode esperar resultados? Na primeira volta demoraram mais de 30 horas a chegar.<\/strong> \u00abChegaram 32 horas depois, mas chegaram sem m\u00e1cula. Todos os delegados assinaram atas e fichas, acompanharam o processo de escrut\u00ednio. N\u00e3o foi por acaso que se demorou este tempo todo. Estamos a pensar alargar as mesas de contagem em Lisboa. Se aumentarmos o fluxo de escrut\u00ednio, o tempo diminui. Nas Casas demorou porque havia muitos s\u00f3cios a votar. Vamos imprimir um milh\u00e3o e meio de boletins de voto &#8211; s\u00f3 nestas foram contados 350 mil. O que queremos \u00e9 que se vote mais em menos tempo. O ideal \u00e9 que corra bem, e n\u00e3o muito r\u00e1pido.\u00bb<\/p>\n","protected":false},"excerpt":{"rendered":"Jos\u00e9 Pereira da Costa, presidente da Mesa da Assembleia Geral do Benfica deu alguns esclarecimentos quanto \u00e0 segunda&hellip;\n","protected":false},"author":2,"featured_media":85021,"comment_status":"","ping_status":"","sticky":false,"template":"","format":"standard","meta":{"footnotes":""},"categories":[8],"tags":[27,28,15,16,14,25,26,21,22,12,13,19,20,32,23,24,33,17,18,29,30,31],"class_list":{"0":"post-130009","1":"post","2":"type-post","3":"status-publish","4":"format-standard","5":"has-post-thumbnail","7":"category-principais-noticias","8":"tag-breaking-news","9":"tag-breakingnews","10":"tag-featured-news","11":"tag-featurednews","12":"tag-headlines","13":"tag-latest-news","14":"tag-latestnews","15":"tag-main-news","16":"tag-mainnews","17":"tag-news","18":"tag-noticias","19":"tag-noticias-principais","20":"tag-noticiasprincipais","21":"tag-portugal","22":"tag-principais-noticias","23":"tag-principaisnoticias","24":"tag-pt","25":"tag-top-stories","26":"tag-topstories","27":"tag-ultimas","28":"tag-ultimas-noticias","29":"tag-ultimasnoticias"},"share_on_mastodon":{"url":"https:\/\/pubeurope.com\/@pt\/115452716366316905","error":""},"_links":{"self":[{"href":"https:\/\/www.europesays.com\/pt\/wp-json\/wp\/v2\/posts\/130009","targetHints":{"allow":["GET"]}}],"collection":[{"href":"https:\/\/www.europesays.com\/pt\/wp-json\/wp\/v2\/posts"}],"about":[{"href":"https:\/\/www.europesays.com\/pt\/wp-json\/wp\/v2\/types\/post"}],"author":[{"embeddable":true,"href":"https:\/\/www.europesays.com\/pt\/wp-json\/wp\/v2\/users\/2"}],"replies":[{"embeddable":true,"href":"https:\/\/www.europesays.com\/pt\/wp-json\/wp\/v2\/comments?post=130009"}],"version-history":[{"count":0,"href":"https:\/\/www.europesays.com\/pt\/wp-json\/wp\/v2\/posts\/130009\/revisions"}],"wp:featuredmedia":[{"embeddable":true,"href":"https:\/\/www.europesays.com\/pt\/wp-json\/wp\/v2\/media\/85021"}],"wp:attachment":[{"href":"https:\/\/www.europesays.com\/pt\/wp-json\/wp\/v2\/media?parent=130009"}],"wp:term":[{"taxonomy":"category","embeddable":true,"href":"https:\/\/www.europesays.com\/pt\/wp-json\/wp\/v2\/categories?post=130009"},{"taxonomy":"post_tag","embeddable":true,"href":"https:\/\/www.europesays.com\/pt\/wp-json\/wp\/v2\/tags?post=130009"}],"curies":[{"name":"wp","href":"https:\/\/api.w.org\/{rel}","templated":true}]}}