{"id":130018,"date":"2025-10-28T16:29:10","date_gmt":"2025-10-28T16:29:10","guid":{"rendered":"https:\/\/www.europesays.com\/pt\/130018\/"},"modified":"2025-10-28T16:29:10","modified_gmt":"2025-10-28T16:29:10","slug":"rio-ferdinand-ruben-amorim-esta-a-jogar-a-roleta-russa-com-o-emprego","status":"publish","type":"post","link":"https:\/\/www.europesays.com\/pt\/130018\/","title":{"rendered":"Rio Ferdinand: \u00abRuben Amorim est\u00e1 a jogar \u00e0 roleta-russa com o emprego\u00bb"},"content":{"rendered":"<p>Depois de um in\u00edcio de temporada conturbado, a equipa comandada por Ruben Amorim parece ter finalmente encontrado o caminho certo, ao somar tr\u00eas vit\u00f3rias consecutivas na Premier League, algo que n\u00e3o se verificava desde janeiro.\u00a0<\/p>\n<p>Apesar da recente recupera\u00e7\u00e3o, Rio Ferdinand, antigo defesa que representou o Manchester United entre 2002 e 2014, mant\u00e9m algumas reservas em rela\u00e7\u00e3o ao trabalho do t\u00e9cnico portugu\u00eas. O ex-internacional ingl\u00eas sublinha que Amorim n\u00e3o operou uma mudan\u00e7a profunda, e limitou-se a fazer pequenos ajustes no sistema 3-4-3, que tem sido amplamente criticado.<\/p>\n<p>\u00abAdmiro isso at\u00e9 certo ponto. Mas, como disse, acho que ele est\u00e1 a brincar \u00e0 roleta russa com o emprego. N\u00e3o acho que tenha mudado drasticamente, apenas se adaptou\u00bb, come\u00e7ou por dizer Ferdinand no seu podcast.<\/p>\n<p>\u00abEra isso que muitos adeptos pediam. Apenas adaptar o que se tem. Talvez n\u00e3o precisemos de ser t\u00e3o agressivos, talvez tenhamos de ser um pouco mais conservadores nos momentos em que n\u00e3o temos a bola. N\u00e3o se pressionar, pressionar, pressionar durante 90 minutos, a menos que se seja uma equipa incr\u00edvel. O PSG faz isso. Este treinador n\u00e3o conseguiria fazer isso com este plantel\u00bb, continuou.<\/p>\n<p>\u00ab\u00c0s vezes, \u00e9 assim que as coisas acontecem. Podemos olhar para tr\u00e1s daqui a seis meses, e dizer que o Manchester United terminou nos lugares de Liga dos Campe\u00f5es ou algo assim, e, provavelmente, ele estar\u00e1, ali, sentado, confiante e a dizer &#8216;Bem, se eu tivesse mudado, provavelmente, teria ficado sem emprego, porque estaria a fazer coisas que me s\u00e3o estranhas&#8221;\u00bb, acrescentou o ex-defesa.<\/p>\n","protected":false},"excerpt":{"rendered":"Depois de um in\u00edcio de temporada conturbado, a equipa comandada por Ruben Amorim parece ter finalmente encontrado o&hellip;\n","protected":false},"author":2,"featured_media":130019,"comment_status":"","ping_status":"","sticky":false,"template":"","format":"standard","meta":{"footnotes":""},"categories":[87],"tags":[135,665,82,46,663,32,666,33,47,6348,1052,134],"class_list":{"0":"post-130018","1":"post","2":"type-post","3":"status-publish","4":"format-standard","5":"has-post-thumbnail","7":"category-desporto","8":"tag-desporto","9":"tag-inglaterra","10":"tag-internacional","11":"tag-maisfutebol","12":"tag-manchester-united","13":"tag-portugal","14":"tag-premier-league","15":"tag-pt","16":"tag-pura-paixao","17":"tag-rio-ferdinand","18":"tag-ruben-amorim","19":"tag-sports"},"share_on_mastodon":{"url":"https:\/\/pubeurope.com\/@pt\/115452743865100286","error":""},"_links":{"self":[{"href":"https:\/\/www.europesays.com\/pt\/wp-json\/wp\/v2\/posts\/130018","targetHints":{"allow":["GET"]}}],"collection":[{"href":"https:\/\/www.europesays.com\/pt\/wp-json\/wp\/v2\/posts"}],"about":[{"href":"https:\/\/www.europesays.com\/pt\/wp-json\/wp\/v2\/types\/post"}],"author":[{"embeddable":true,"href":"https:\/\/www.europesays.com\/pt\/wp-json\/wp\/v2\/users\/2"}],"replies":[{"embeddable":true,"href":"https:\/\/www.europesays.com\/pt\/wp-json\/wp\/v2\/comments?post=130018"}],"version-history":[{"count":0,"href":"https:\/\/www.europesays.com\/pt\/wp-json\/wp\/v2\/posts\/130018\/revisions"}],"wp:featuredmedia":[{"embeddable":true,"href":"https:\/\/www.europesays.com\/pt\/wp-json\/wp\/v2\/media\/130019"}],"wp:attachment":[{"href":"https:\/\/www.europesays.com\/pt\/wp-json\/wp\/v2\/media?parent=130018"}],"wp:term":[{"taxonomy":"category","embeddable":true,"href":"https:\/\/www.europesays.com\/pt\/wp-json\/wp\/v2\/categories?post=130018"},{"taxonomy":"post_tag","embeddable":true,"href":"https:\/\/www.europesays.com\/pt\/wp-json\/wp\/v2\/tags?post=130018"}],"curies":[{"name":"wp","href":"https:\/\/api.w.org\/{rel}","templated":true}]}}