{"id":130030,"date":"2025-10-28T16:37:29","date_gmt":"2025-10-28T16:37:29","guid":{"rendered":"https:\/\/www.europesays.com\/pt\/130030\/"},"modified":"2025-10-28T16:37:29","modified_gmt":"2025-10-28T16:37:29","slug":"benfica-manu-silva-no-relvado-e-quatro-despromocoes-a-equipa-b","status":"publish","type":"post","link":"https:\/\/www.europesays.com\/pt\/130030\/","title":{"rendered":"Benfica: Manu Silva no relvado e quatro \u00abdespromo\u00e7\u00f5es\u00bb \u00e0 equipa B"},"content":{"rendered":"<p>O Benfica ultimou a prepara\u00e7\u00e3o para o jogo ante o Tondela, dos quartos de final da Ta\u00e7a da Liga, na manh\u00e3 desta ter\u00e7a-feira, com o m\u00e9dio Manu Silva no relvado, em reintegra\u00e7\u00e3o progressiva no plantel, ap\u00f3s les\u00e3o.<\/p>\n<p>Nos 15 minutos abertos \u00e0 comunica\u00e7\u00e3o social, aus\u00eancias foram tamb\u00e9m Alexander Bah, Amar Dedic e Nuno F\u00e9lix. Bah continua a fazer treino individual, Dedic fez tratamento e trabalho de gin\u00e1sio e Nuno F\u00e9lix tamb\u00e9m ficou no gin\u00e1sio.<\/p>\n<p>Por outro lado, quatro jovens que t\u00eam trabalhado com a equipa principal, foram \u00abdespromovidos\u00bb \u00e0 forma\u00e7\u00e3o B. No treino desta manh\u00e3, destaque para as aus\u00eancias de Leandro Santos, Diogo Prioste, Gon\u00e7alo Oliveira e Ivan Lima, que est\u00e3o a trabalhar com a equipa B, que recebe o Pa\u00e7os de Ferreira na quinta-feira (18h) em jogo da nona jornada da II Liga.<\/p>\n<p>O <a href=\"https:\/\/maisfutebol.iol.pt\/jogo\/benfica\/tondela\/13826206\" target=\"_blank\" rel=\"nofollow noopener\"><strong>Benfica-Tondela est\u00e1 agendado para as 20h45 de quarta-feira e pode ser seguido, ao minuto, no Maisfutebol<\/strong><\/a>.<\/p>\n","protected":false},"excerpt":{"rendered":"O Benfica ultimou a prepara\u00e7\u00e3o para o jogo ante o Tondela, dos quartos de final da Ta\u00e7a da&hellip;\n","protected":false},"author":2,"featured_media":130031,"comment_status":"","ping_status":"","sticky":false,"template":"","format":"standard","meta":{"footnotes":""},"categories":[8],"tags":[51,27,28,15,16,14,1385,25,26,21,22,46,25103,7864,12,13,19,20,32,23,24,33,47,17,18,3990,29,30,31],"class_list":{"0":"post-130030","1":"post","2":"type-post","3":"status-publish","4":"format-standard","5":"has-post-thumbnail","7":"category-principais-noticias","8":"tag-benfica","9":"tag-breaking-news","10":"tag-breakingnews","11":"tag-featured-news","12":"tag-featurednews","13":"tag-headlines","14":"tag-jose-mourinho","15":"tag-latest-news","16":"tag-latestnews","17":"tag-main-news","18":"tag-mainnews","19":"tag-maisfutebol","20":"tag-manu-silva","21":"tag-mourinho","22":"tag-news","23":"tag-noticias","24":"tag-noticias-principais","25":"tag-noticiasprincipais","26":"tag-portugal","27":"tag-principais-noticias","28":"tag-principaisnoticias","29":"tag-pt","30":"tag-pura-paixao","31":"tag-top-stories","32":"tag-topstories","33":"tag-treino-benfica","34":"tag-ultimas","35":"tag-ultimas-noticias","36":"tag-ultimasnoticias"},"share_on_mastodon":{"url":"https:\/\/pubeurope.com\/@pt\/115452775240254507","error":""},"_links":{"self":[{"href":"https:\/\/www.europesays.com\/pt\/wp-json\/wp\/v2\/posts\/130030","targetHints":{"allow":["GET"]}}],"collection":[{"href":"https:\/\/www.europesays.com\/pt\/wp-json\/wp\/v2\/posts"}],"about":[{"href":"https:\/\/www.europesays.com\/pt\/wp-json\/wp\/v2\/types\/post"}],"author":[{"embeddable":true,"href":"https:\/\/www.europesays.com\/pt\/wp-json\/wp\/v2\/users\/2"}],"replies":[{"embeddable":true,"href":"https:\/\/www.europesays.com\/pt\/wp-json\/wp\/v2\/comments?post=130030"}],"version-history":[{"count":0,"href":"https:\/\/www.europesays.com\/pt\/wp-json\/wp\/v2\/posts\/130030\/revisions"}],"wp:featuredmedia":[{"embeddable":true,"href":"https:\/\/www.europesays.com\/pt\/wp-json\/wp\/v2\/media\/130031"}],"wp:attachment":[{"href":"https:\/\/www.europesays.com\/pt\/wp-json\/wp\/v2\/media?parent=130030"}],"wp:term":[{"taxonomy":"category","embeddable":true,"href":"https:\/\/www.europesays.com\/pt\/wp-json\/wp\/v2\/categories?post=130030"},{"taxonomy":"post_tag","embeddable":true,"href":"https:\/\/www.europesays.com\/pt\/wp-json\/wp\/v2\/tags?post=130030"}],"curies":[{"name":"wp","href":"https:\/\/api.w.org\/{rel}","templated":true}]}}