{"id":130045,"date":"2025-10-28T16:48:11","date_gmt":"2025-10-28T16:48:11","guid":{"rendered":"https:\/\/www.europesays.com\/pt\/130045\/"},"modified":"2025-10-28T16:48:11","modified_gmt":"2025-10-28T16:48:11","slug":"a-estrategia-da-adobe-para-crescer-na-era-da-inteligencia-artificial","status":"publish","type":"post","link":"https:\/\/www.europesays.com\/pt\/130045\/","title":{"rendered":"A estrat\u00e9gia da Adobe para crescer na era da Intelig\u00eancia Artificial"},"content":{"rendered":"<p>Por Stephen Nellis<br \/>San Francisco (Reuters) \u2013 A Adobe (<a href=\"https:\/\/www.infomoney.com.br\/ADBE34\" rel=\"nofollow noopener\" target=\"_blank\">ADBE34<\/a>) disse nesta ter\u00e7a-feira (28) que suas ferramentas de edi\u00e7\u00e3o de v\u00eddeo e imagem podem ser controladas por meio de conversas com as mesas, acrescentando que est\u00e1 trabalhando com a\u00a0<a href=\"https:\/\/www.infomoney.com.br\/tudo-sobre\/openai\/\" rel=\"nofollow noopener\" target=\"_blank\">OpenAI<\/a>, criadora do ChatGPT, para permitir que usu\u00e1rios controlem diretamente um de seus aplicativos com o servi\u00e7o de chatbot.<\/p>\n<p>A Adobe \u00e9 a criadora do Photoshop e do Premiere, ferramentas amplamente utilizadas nas ind\u00fastrias de fotografia e cinema. Em 2023, lan\u00e7ou o Firefly, um servi\u00e7o para gerar imagens e outros conte\u00fados com requisi\u00e7\u00f5es do usu\u00e1rio de texto.<\/p>\n<p><strong>Leia tamb\u00e9m: <\/strong><a href=\"https:\/\/www.infomoney.com.br\/business\/paypal-dividendo-historico-e-acordo-com-openai-para-pagamentos-dentro-do-chatgpt\/\" rel=\"nofollow noopener\" target=\"_blank\">PayPal: dividendo hist\u00f3rico e acordo com OpenAI para pagamentos dentro do ChatGPT<\/a><\/p>\n<p>\t\t\t\t\t\t\t\t\t\tFERRAMENTA GRATUITA\t\t\t\t\t\t\t\t\t<\/p>\n<p>\t\t\t\t\t\t\t\t\t\tSimulador da XP\n\t\t\t\t\t\t\t\t\t\t\t\t\t\t\t<\/p>\n<p>\t\t\t\t\t\t<img decoding=\"async\" class=\"w-full h-full object-cover\" src=\"https:\/\/www.europesays.com\/pt\/wp-content\/uploads\/2025\/10\/1761670091_939_900-x-300-com-texto-na-imagem-1.png\" alt=\"\"\/><\/p>\n<p class=\"font-normal text-base text-wl-neutral-600 max-w-md mx-auto\">\n\t\t\t\t\t\t\tSaiba em 1 minuto quanto seu dinheiro pode render\t\t\t\t\t\t<\/p>\n<p>Nesta ter\u00e7a-feira, executivos da Adobe anunciaram que a empresa reformulou seus aplicativos para que funcionem com assistentes de intelig\u00eancia artificial capazes de criar e editar conte\u00fado por meio de conversas. Nos bastidores, v\u00e1rios \u201cagentes\u201d de IA tocavam em bot\u00f5es e moviam controles deslizantes no aplicativo para fazer essas altera\u00e7\u00f5es, de forma semelhante \u00e0 forma como um assistente humano atenderia a solicita\u00e7\u00f5es.<\/p>\n<p>Mas os usu\u00e1rios humanos ainda poder\u00e3o usar esses controles deslizantes e bot\u00f5es para fazer edi\u00e7\u00f5es, em vez de depender apenas de uma conversa por texto.<\/p>\n<p>Agora que a Adobe reformulou seus aplicativos para funcionar com assistentes de IA, ela pode integr\u00e1-los mais facilmente a servi\u00e7os de terceiros, disse a diretora de tecnologia da Adobe para a \u00e1rea de m\u00eddia digital, Ely Greenfield. A empresa est\u00e1 trabalhando para integrar seu aplicativo Adobe Express ao ChatGPT, que permitir\u00e1 aos usu\u00e1rios iniciar uma conversa no chatbot para come\u00e7ar um projeto. O projeto poder\u00e1 ent\u00e3o ser editado no ChatGPT ou finalizado nos aplicativos da Adobe.<\/p>\n<p>\u201cVoc\u00ea pode ajustar as edi\u00e7\u00f5es que o agente do ChatGPT est\u00e1 fazendo, ent\u00e3o voc\u00ea pode fazer um pouco de manipula\u00e7\u00e3o direta\u201d, disse Greenfield. \u201cE ent\u00e3o, se quiser, voc\u00ea pode traz\u00ea-lo para o aplicativo Express, onde voc\u00ea pode continuar conversando com ele usando o agente de design que agora est\u00e1 integrado ao Express, e voc\u00ea tem acesso ao conjunto completo de recursos e ferramentas de edi\u00e7\u00e3o que fazem parte do Express.\u201d<\/p>\n<p>A Adobe disse nesta ter\u00e7a-feira que o assistente de IA no Express j\u00e1 est\u00e1 dispon\u00edvel, mas n\u00e3o deu um prazo para quando a integra\u00e7\u00e3o com o ChatGPT estaria dispon\u00edvel.<br \/>(Reportagem de Stephen Nellis em San Francisco)<\/p>\n","protected":false},"excerpt":{"rendered":"Por Stephen NellisSan Francisco (Reuters) \u2013 A Adobe (ADBE34) disse nesta ter\u00e7a-feira (28) que suas ferramentas de edi\u00e7\u00e3o&hellip;\n","protected":false},"author":2,"featured_media":130046,"comment_status":"","ping_status":"","sticky":false,"template":"","format":"standard","meta":{"footnotes":""},"categories":[84],"tags":[29518,642,109,107,108,2172,933,2430,32,33,679,105,103,104,106,110],"class_list":{"0":"post-130045","1":"post","2":"type-post","3":"status-publish","4":"format-standard","5":"has-post-thumbnail","7":"category-ciencia-e-tecnologia","8":"tag-adobe","9":"tag-chatgpt","10":"tag-ciencia","11":"tag-ciencia-e-tecnologia","12":"tag-cienciaetecnologia","13":"tag-inovacao","14":"tag-inteligencia-artificial","15":"tag-openai","16":"tag-portugal","17":"tag-pt","18":"tag-reportagem","19":"tag-science","20":"tag-science-and-technology","21":"tag-scienceandtechnology","22":"tag-technology","23":"tag-tecnologia"},"share_on_mastodon":{"url":"https:\/\/pubeurope.com\/@pt\/115452818682790138","error":""},"_links":{"self":[{"href":"https:\/\/www.europesays.com\/pt\/wp-json\/wp\/v2\/posts\/130045","targetHints":{"allow":["GET"]}}],"collection":[{"href":"https:\/\/www.europesays.com\/pt\/wp-json\/wp\/v2\/posts"}],"about":[{"href":"https:\/\/www.europesays.com\/pt\/wp-json\/wp\/v2\/types\/post"}],"author":[{"embeddable":true,"href":"https:\/\/www.europesays.com\/pt\/wp-json\/wp\/v2\/users\/2"}],"replies":[{"embeddable":true,"href":"https:\/\/www.europesays.com\/pt\/wp-json\/wp\/v2\/comments?post=130045"}],"version-history":[{"count":0,"href":"https:\/\/www.europesays.com\/pt\/wp-json\/wp\/v2\/posts\/130045\/revisions"}],"wp:featuredmedia":[{"embeddable":true,"href":"https:\/\/www.europesays.com\/pt\/wp-json\/wp\/v2\/media\/130046"}],"wp:attachment":[{"href":"https:\/\/www.europesays.com\/pt\/wp-json\/wp\/v2\/media?parent=130045"}],"wp:term":[{"taxonomy":"category","embeddable":true,"href":"https:\/\/www.europesays.com\/pt\/wp-json\/wp\/v2\/categories?post=130045"},{"taxonomy":"post_tag","embeddable":true,"href":"https:\/\/www.europesays.com\/pt\/wp-json\/wp\/v2\/tags?post=130045"}],"curies":[{"name":"wp","href":"https:\/\/api.w.org\/{rel}","templated":true}]}}