{"id":130078,"date":"2025-10-28T17:07:11","date_gmt":"2025-10-28T17:07:11","guid":{"rendered":"https:\/\/www.europesays.com\/pt\/130078\/"},"modified":"2025-10-28T17:07:11","modified_gmt":"2025-10-28T17:07:11","slug":"meu-cabelo-tem-mais-quimica","status":"publish","type":"post","link":"https:\/\/www.europesays.com\/pt\/130078\/","title":{"rendered":"&#8216;Meu cabelo tem mais qu\u00edmica&#8217;"},"content":{"rendered":"\n<p class=\" content-text__container \" data-track-category=\"Link no Texto\" data-track-links=\"\"> &#8220;Imagina o Leonardo vendo essa foto, Poliana, a fam\u00edlia toda, o que ser\u00e1 que pensam&#8221;, refletiu uma internauta. &#8220;Meu cabelo tem mais qu\u00edmica&#8221;, brincou outra. &#8220;E o pedido de namoro nada&#8221;, observou uma terceira. &#8220;Todas as fotos ela que tira. Se depender dele\u2026&#8221;, apontou outro usu\u00e1rio. &#8220;Ela \u00e9 esperta! A copa est\u00e1 chegando e ela est\u00e1 aproveitando para lan\u00e7ar a Wepink l\u00e1 dentro para o mundo todo ver&#8221;, comentou um f\u00e3. &#8220;Algu\u00e9m avisa essa mulher que ela tem 3 filhos pequenos que precisam e merecem a aten\u00e7\u00e3o dela? Ok que ela tem rede de apoio, por\u00e9m ela n\u00e3o pode simplesmente se excluir da vida das crian\u00e7as assim!&#8221;, alertou uma seguidora. &#8220;Eita humilha\u00e7\u00e3o por uma foto&#8221;, divertiu-se outro. &#8220;Migalhas de amor e fama internacional. Ela est\u00e1 \u00e9 certa! Kkk&#8221;, completou mais um. <\/p>\n","protected":false},"excerpt":{"rendered":"&#8220;Imagina o Leonardo vendo essa foto, Poliana, a fam\u00edlia toda, o que ser\u00e1 que pensam&#8221;, refletiu uma internauta.&hellip;\n","protected":false},"author":2,"featured_media":130079,"comment_status":"","ping_status":"","sticky":false,"template":"","format":"standard","meta":{"footnotes":""},"categories":[145],"tags":[211,210,114,115,319,32,33,318],"class_list":{"0":"post-130078","1":"post","2":"type-post","3":"status-publish","4":"format-standard","5":"has-post-thumbnail","7":"category-celebridades","8":"tag-celebridades","9":"tag-celebrities","10":"tag-entertainment","11":"tag-entretenimento","12":"tag-hard-news","13":"tag-portugal","14":"tag-pt","15":"tag-radar"},"share_on_mastodon":{"url":"https:\/\/pubeurope.com\/@pt\/115452893111279699","error":""},"_links":{"self":[{"href":"https:\/\/www.europesays.com\/pt\/wp-json\/wp\/v2\/posts\/130078","targetHints":{"allow":["GET"]}}],"collection":[{"href":"https:\/\/www.europesays.com\/pt\/wp-json\/wp\/v2\/posts"}],"about":[{"href":"https:\/\/www.europesays.com\/pt\/wp-json\/wp\/v2\/types\/post"}],"author":[{"embeddable":true,"href":"https:\/\/www.europesays.com\/pt\/wp-json\/wp\/v2\/users\/2"}],"replies":[{"embeddable":true,"href":"https:\/\/www.europesays.com\/pt\/wp-json\/wp\/v2\/comments?post=130078"}],"version-history":[{"count":0,"href":"https:\/\/www.europesays.com\/pt\/wp-json\/wp\/v2\/posts\/130078\/revisions"}],"wp:featuredmedia":[{"embeddable":true,"href":"https:\/\/www.europesays.com\/pt\/wp-json\/wp\/v2\/media\/130079"}],"wp:attachment":[{"href":"https:\/\/www.europesays.com\/pt\/wp-json\/wp\/v2\/media?parent=130078"}],"wp:term":[{"taxonomy":"category","embeddable":true,"href":"https:\/\/www.europesays.com\/pt\/wp-json\/wp\/v2\/categories?post=130078"},{"taxonomy":"post_tag","embeddable":true,"href":"https:\/\/www.europesays.com\/pt\/wp-json\/wp\/v2\/tags?post=130078"}],"curies":[{"name":"wp","href":"https:\/\/api.w.org\/{rel}","templated":true}]}}